{"id":76178,"date":"2025-05-20T20:07:42","date_gmt":"2025-05-20T23:07:42","guid":{"rendered":"https:\/\/blogopara.com.br\/?p=76178"},"modified":"2025-05-20T20:07:42","modified_gmt":"2025-05-20T23:07:42","slug":"daniel-alves-estaria-envolvido-na-compra-do-santa-fe-fc-clube-do-interior-de-sao-paulo","status":"publish","type":"post","link":"https:\/\/blogopara.com.br\/index.php\/2025\/05\/20\/daniel-alves-estaria-envolvido-na-compra-do-santa-fe-fc-clube-do-interior-de-sao-paulo","title":{"rendered":"Daniel Alves estaria envolvido na compra do Santa F\u00e9 FC, clube do interior de S\u00e3o Paulo?"},"content":{"rendered":"<section class=\"elementor-section elementor-top-section elementor-element elementor-element-dbf26ac elementor-section-boxed elementor-section-height-default elementor-section-height-default\" data-id=\"dbf26ac\" data-element_type=\"section\" data-settings=\"{&quot;background_background&quot;:&quot;classic&quot;}\">\n<div class=\"elementor-container elementor-column-gap-default\">\n<div class=\"elementor-column elementor-col-100 elementor-top-column elementor-element elementor-element-29e21dc4\" data-id=\"29e21dc4\" data-element_type=\"column\">\n<div class=\"elementor-widget-wrap elementor-element-populated\">\n<div class=\"elementor-element elementor-element-3aafe20f elementor-widget elementor-widget-theme-post-title elementor-page-title elementor-widget-heading\" data-id=\"3aafe20f\" data-element_type=\"widget\" data-widget_type=\"theme-post-title.default\">\n<div class=\"elementor-widget-container\">\n<p>Nos bastidores do futebol brasileiro, um novo rumor come\u00e7a a ganhar for\u00e7a:\u00a0<strong>Daniel Alves<\/strong>, o jogador mais vitorioso da hist\u00f3ria do futebol, estaria envolvido na aquisi\u00e7\u00e3o do\u00a0<strong>Santa F\u00e9 FC<\/strong>, clube fundado em 2021, localizado no interior de S\u00e3o Paulo.<\/p>\n<p>Segundo coment\u00e1rios que circulam entre profissionais do meio esportivo e pessoas pr\u00f3ximas ao atleta, a negocia\u00e7\u00e3o estaria em andamento e teria como objetivo transformar o Santa F\u00e9 em um centro de excel\u00eancia na forma\u00e7\u00e3o de novos talentos. A iniciativa seguiria a linha de outros projetos de base que t\u00eam ganhado for\u00e7a no Brasil e no exterior, como a\u00a0<strong>CFC Bonfim<\/strong>, na Bahia, que tamb\u00e9m conta com o nome de Daniel como refer\u00eancia.<\/p>\n<p>Ainda n\u00e3o h\u00e1 confirma\u00e7\u00e3o oficial por parte do jogador nem do clube, mas a presen\u00e7a do nome de Daniel Alves em projetos ligados \u00e0 base e ao desenvolvimento do futebol refor\u00e7a a especula\u00e7\u00e3o. Se confirmada, essa movimenta\u00e7\u00e3o pode representar um marco na estrutura\u00e7\u00e3o do Santa F\u00e9 FC como uma nova pot\u00eancia do interior paulista.<\/p>\n<p><strong>Ser\u00e1 que vem a\u00ed mais um clube com a assinatura de um campe\u00e3o mundial?<\/strong>\u00a0A expectativa aumenta e os olhos do futebol brasileiro seguem atentos aos pr\u00f3ximos cap\u00edtulos.<\/p>\n<\/div>\n<\/div>\n<\/div>\n<\/div>\n<\/div>\n<\/section>\n<section class=\"elementor-section elementor-top-section elementor-element elementor-element-15049b5d elementor-section-boxed elementor-section-height-default elementor-section-height-default\" data-id=\"15049b5d\" data-element_type=\"section\">\n<div class=\"elementor-container elementor-column-gap-default\">\n<div class=\"elementor-column elementor-col-66 elementor-top-column elementor-element elementor-element-771f54f0\" data-id=\"771f54f0\" data-element_type=\"column\" data-settings=\"{&quot;background_background&quot;:&quot;classic&quot;}\">\n<div class=\"elementor-widget-wrap elementor-element-populated\">\n<div class=\"elementor-element elementor-element-4b407c4c elementor-widget elementor-widget-theme-post-featured-image elementor-widget-image\" data-id=\"4b407c4c\" data-element_type=\"widget\" data-widget_type=\"theme-post-featured-image.default\"><\/div>\n<\/div>\n<\/div>\n<\/div>\n<\/section>\n","protected":false},"excerpt":{"rendered":"<p>Nos bastidores do futebol brasileiro, um novo rumor come\u00e7a a ganhar for\u00e7a:\u00a0Daniel Alves, o jogador mais vitorioso da hist\u00f3ria do futebol, estaria envolvido na aquisi\u00e7\u00e3o do\u00a0Santa F\u00e9 FC, clube fundado em 2021, localizado no interior de S\u00e3o Paulo. Segundo coment\u00e1rios que circulam entre profissionais do meio esportivo e pessoas pr\u00f3ximas ao atleta, a negocia\u00e7\u00e3o estaria [&hellip;]<\/p>\n","protected":false},"author":1,"featured_media":76179,"comment_status":"open","ping_status":"open","sticky":false,"template":"","format":"standard","meta":{"_uag_custom_page_level_css":"","_monsterinsights_skip_tracking":false,"_monsterinsights_sitenote_active":false,"_monsterinsights_sitenote_note":"","_monsterinsights_sitenote_category":0,"jetpack_post_was_ever_published":false,"_jetpack_newsletter_access":"","_jetpack_dont_email_post_to_subs":false,"_jetpack_newsletter_tier_id":0,"_jetpack_memberships_contains_paywalled_content":false,"_jetpack_memberships_contains_paid_content":false,"footnotes":"","jetpack_publicize_message":"","jetpack_publicize_feature_enabled":true,"jetpack_social_post_already_shared":true,"jetpack_social_options":{"image_generator_settings":{"template":"highway","default_image_id":0,"font":"","enabled":false},"version":2}},"categories":[200],"tags":[],"class_list":["post-76178","post","type-post","status-publish","format-standard","has-post-thumbnail","hentry","category-brasil"],"jetpack_publicize_connections":[],"jetpack_featured_media_url":"https:\/\/blogopara.com.br\/wp-content\/uploads\/2025\/05\/IMG-20250520-WA0007-1024x1024-1.jpg","uagb_featured_image_src":{"full":["https:\/\/blogopara.com.br\/wp-content\/uploads\/2025\/05\/IMG-20250520-WA0007-1024x1024-1.jpg",500,500,false],"thumbnail":["https:\/\/blogopara.com.br\/wp-content\/uploads\/2025\/05\/IMG-20250520-WA0007-1024x1024-1-150x150.jpg",150,150,true],"medium":["https:\/\/blogopara.com.br\/wp-content\/uploads\/2025\/05\/IMG-20250520-WA0007-1024x1024-1-300x300.jpg",300,300,true],"medium_large":["https:\/\/blogopara.com.br\/wp-content\/uploads\/2025\/05\/IMG-20250520-WA0007-1024x1024-1.jpg",500,500,false],"large":["https:\/\/blogopara.com.br\/wp-content\/uploads\/2025\/05\/IMG-20250520-WA0007-1024x1024-1.jpg",500,500,false],"1536x1536":["https:\/\/blogopara.com.br\/wp-content\/uploads\/2025\/05\/IMG-20250520-WA0007-1024x1024-1.jpg",500,500,false],"2048x2048":["https:\/\/blogopara.com.br\/wp-content\/uploads\/2025\/05\/IMG-20250520-WA0007-1024x1024-1.jpg",500,500,false],"mantranews-slider-large":["https:\/\/blogopara.com.br\/wp-content\/uploads\/2025\/05\/IMG-20250520-WA0007-1024x1024-1.jpg",500,500,false],"mantranews-featured-medium":["https:\/\/blogopara.com.br\/wp-content\/uploads\/2025\/05\/IMG-20250520-WA0007-1024x1024-1-420x307.jpg",420,307,true],"mantranews-featured-long":["https:\/\/blogopara.com.br\/wp-content\/uploads\/2025\/05\/IMG-20250520-WA0007-1024x1024-1-300x443.jpg",300,443,true],"mantranews-block-medium":["https:\/\/blogopara.com.br\/wp-content\/uploads\/2025\/05\/IMG-20250520-WA0007-1024x1024-1-464x290.jpg",464,290,true],"mantranews-carousel-image":["https:\/\/blogopara.com.br\/wp-content\/uploads\/2025\/05\/IMG-20250520-WA0007-1024x1024-1.jpg",500,500,false],"mantranews-block-thumb":["https:\/\/blogopara.com.br\/wp-content\/uploads\/2025\/05\/IMG-20250520-WA0007-1024x1024-1-322x230.jpg",322,230,true],"mantranews-single-large":["https:\/\/blogopara.com.br\/wp-content\/uploads\/2025\/05\/IMG-20250520-WA0007-1024x1024-1.jpg",500,500,false]},"uagb_author_info":{"display_name":"Reda\u00e7\u00e3o geral","author_link":"https:\/\/blogopara.com.br\/index.php\/author\/blogopara"},"uagb_comment_info":0,"uagb_excerpt":"Nos bastidores do futebol brasileiro, um novo rumor come\u00e7a a ganhar for\u00e7a:\u00a0Daniel Alves, o jogador mais vitorioso da hist\u00f3ria do futebol, estaria envolvido na aquisi\u00e7\u00e3o do\u00a0Santa F\u00e9 FC, clube fundado em 2021, localizado no interior de S\u00e3o Paulo. Segundo coment\u00e1rios que circulam entre profissionais do meio esportivo e pessoas pr\u00f3ximas ao atleta, a negocia\u00e7\u00e3o estaria&hellip;","jetpack_sharing_enabled":true,"jetpack_likes_enabled":true,"_links":{"self":[{"href":"https:\/\/blogopara.com.br\/index.php\/wp-json\/wp\/v2\/posts\/76178","targetHints":{"allow":["GET"]}}],"collection":[{"href":"https:\/\/blogopara.com.br\/index.php\/wp-json\/wp\/v2\/posts"}],"about":[{"href":"https:\/\/blogopara.com.br\/index.php\/wp-json\/wp\/v2\/types\/post"}],"author":[{"embeddable":true,"href":"https:\/\/blogopara.com.br\/index.php\/wp-json\/wp\/v2\/users\/1"}],"replies":[{"embeddable":true,"href":"https:\/\/blogopara.com.br\/index.php\/wp-json\/wp\/v2\/comments?post=76178"}],"version-history":[{"count":1,"href":"https:\/\/blogopara.com.br\/index.php\/wp-json\/wp\/v2\/posts\/76178\/revisions"}],"predecessor-version":[{"id":76180,"href":"https:\/\/blogopara.com.br\/index.php\/wp-json\/wp\/v2\/posts\/76178\/revisions\/76180"}],"wp:featuredmedia":[{"embeddable":true,"href":"https:\/\/blogopara.com.br\/index.php\/wp-json\/wp\/v2\/media\/76179"}],"wp:attachment":[{"href":"https:\/\/blogopara.com.br\/index.php\/wp-json\/wp\/v2\/media?parent=76178"}],"wp:term":[{"taxonomy":"category","embeddable":true,"href":"https:\/\/blogopara.com.br\/index.php\/wp-json\/wp\/v2\/categories?post=76178"},{"taxonomy":"post_tag","embeddable":true,"href":"https:\/\/blogopara.com.br\/index.php\/wp-json\/wp\/v2\/tags?post=76178"}],"curies":[{"name":"wp","href":"https:\/\/api.w.org\/{rel}","templated":true}]}}