{"id":76193,"date":"2025-05-20T20:26:50","date_gmt":"2025-05-20T23:26:50","guid":{"rendered":"https:\/\/blogopara.com.br\/?p=76193"},"modified":"2025-05-20T20:26:50","modified_gmt":"2025-05-20T23:26:50","slug":"vacinacao-contra-a-gripe-e-ampliada-para-todos-os-publicos-em-juazeiro","status":"publish","type":"post","link":"https:\/\/blogopara.com.br\/index.php\/2025\/05\/20\/vacinacao-contra-a-gripe-e-ampliada-para-todos-os-publicos-em-juazeiro","title":{"rendered":"Vacina\u00e7\u00e3o contra a gripe \u00e9 ampliada para todos os p\u00fablicos em Juazeiro"},"content":{"rendered":"<p>A Secretaria de Sa\u00fade de Juazeiro\/Sesau informa que, a partir desta ter\u00e7a-feira (20), a vacina contra a Influenza est\u00e1 dispon\u00edvel para toda a popula\u00e7\u00e3o a partir dos seis meses de idade. A amplia\u00e7\u00e3o da campanha segue a orienta\u00e7\u00e3o do Minist\u00e9rio da Sa\u00fade e tem como objetivo aumentar a cobertura vacinal e reduzir os casos graves da doen\u00e7a no munic\u00edpio.<\/p>\n<p>A vacina est\u00e1 dispon\u00edvel em todas as Unidades B\u00e1sicas de Sa\u00fade\/ UBSs, de segunda a sexta-feira, conforme hor\u00e1rio de funcionamento de cada unidade, al\u00e9m da Farm\u00e1cia Central, localizada ao lado do Camel\u00f3dromo, na Pra\u00e7a Pedro Pereira Primo, sem n\u00famero, no Centro de Juazeiro. Para se vacinar, \u00e9 necess\u00e1rio apresentar documento de identifica\u00e7\u00e3o com foto, CPF ou Cart\u00e3o SUS e, se poss\u00edvel, o cart\u00e3o de vacina\u00e7\u00e3o.<\/p>\n<p>\u201cA vacina contra a Influenza \u00e9 segura, eficaz e essencial para proteger a popula\u00e7\u00e3o, especialmente neste per\u00edodo em que as s\u00edndromes respirat\u00f3rias tendem a aumentar\u201d, destaca o secret\u00e1rio de Sa\u00fade de Juazeiro, Helder Coutinho.<\/p>\n<p>A Sesau refor\u00e7a a import\u00e2ncia de que todos os juazeirenses, principalmente os p\u00fablicos mais vulner\u00e1veis, como crian\u00e7as, idosos, gestantes e pessoas com comorbidades, aproveitem a oportunidade para se proteger contra a gripe.<\/p>\n<p>__<\/p>\n<p>Texto: Camila Santana \u2013 Ascom PMJ\/ Sesau<\/p>\n","protected":false},"excerpt":{"rendered":"<p>A Secretaria de Sa\u00fade de Juazeiro\/Sesau informa que, a partir desta ter\u00e7a-feira (20), a vacina contra a Influenza est\u00e1 dispon\u00edvel para toda a popula\u00e7\u00e3o a partir dos seis meses de idade. A amplia\u00e7\u00e3o da campanha segue a orienta\u00e7\u00e3o do Minist\u00e9rio da Sa\u00fade e tem como objetivo aumentar a cobertura vacinal e reduzir os casos graves [&hellip;]<\/p>\n","protected":false},"author":1,"featured_media":76194,"comment_status":"open","ping_status":"open","sticky":false,"template":"","format":"standard","meta":{"_uag_custom_page_level_css":"","_monsterinsights_skip_tracking":false,"_monsterinsights_sitenote_active":false,"_monsterinsights_sitenote_note":"","_monsterinsights_sitenote_category":0,"jetpack_post_was_ever_published":false,"_jetpack_newsletter_access":"","_jetpack_dont_email_post_to_subs":false,"_jetpack_newsletter_tier_id":0,"_jetpack_memberships_contains_paywalled_content":false,"_jetpack_memberships_contains_paid_content":false,"footnotes":"","jetpack_publicize_message":"","jetpack_publicize_feature_enabled":true,"jetpack_social_post_already_shared":true,"jetpack_social_options":{"image_generator_settings":{"template":"highway","default_image_id":0,"font":"","enabled":false},"version":2}},"categories":[205],"tags":[],"class_list":["post-76193","post","type-post","status-publish","format-standard","has-post-thumbnail","hentry","category-saude"],"jetpack_publicize_connections":[],"jetpack_featured_media_url":"https:\/\/blogopara.com.br\/wp-content\/uploads\/2025\/05\/transferir-1-3.jpg","uagb_featured_image_src":{"full":["https:\/\/blogopara.com.br\/wp-content\/uploads\/2025\/05\/transferir-1-3.jpg",500,375,false],"thumbnail":["https:\/\/blogopara.com.br\/wp-content\/uploads\/2025\/05\/transferir-1-3-150x150.jpg",150,150,true],"medium":["https:\/\/blogopara.com.br\/wp-content\/uploads\/2025\/05\/transferir-1-3-300x225.jpg",300,225,true],"medium_large":["https:\/\/blogopara.com.br\/wp-content\/uploads\/2025\/05\/transferir-1-3.jpg",500,375,false],"large":["https:\/\/blogopara.com.br\/wp-content\/uploads\/2025\/05\/transferir-1-3.jpg",500,375,false],"1536x1536":["https:\/\/blogopara.com.br\/wp-content\/uploads\/2025\/05\/transferir-1-3.jpg",500,375,false],"2048x2048":["https:\/\/blogopara.com.br\/wp-content\/uploads\/2025\/05\/transferir-1-3.jpg",500,375,false],"mantranews-slider-large":["https:\/\/blogopara.com.br\/wp-content\/uploads\/2025\/05\/transferir-1-3.jpg",500,375,false],"mantranews-featured-medium":["https:\/\/blogopara.com.br\/wp-content\/uploads\/2025\/05\/transferir-1-3-420x307.jpg",420,307,true],"mantranews-featured-long":["https:\/\/blogopara.com.br\/wp-content\/uploads\/2025\/05\/transferir-1-3-300x375.jpg",300,375,true],"mantranews-block-medium":["https:\/\/blogopara.com.br\/wp-content\/uploads\/2025\/05\/transferir-1-3-464x290.jpg",464,290,true],"mantranews-carousel-image":["https:\/\/blogopara.com.br\/wp-content\/uploads\/2025\/05\/transferir-1-3.jpg",500,375,false],"mantranews-block-thumb":["https:\/\/blogopara.com.br\/wp-content\/uploads\/2025\/05\/transferir-1-3-322x230.jpg",322,230,true],"mantranews-single-large":["https:\/\/blogopara.com.br\/wp-content\/uploads\/2025\/05\/transferir-1-3.jpg",500,375,false]},"uagb_author_info":{"display_name":"Reda\u00e7\u00e3o geral","author_link":"https:\/\/blogopara.com.br\/index.php\/author\/blogopara"},"uagb_comment_info":0,"uagb_excerpt":"A Secretaria de Sa\u00fade de Juazeiro\/Sesau informa que, a partir desta ter\u00e7a-feira (20), a vacina contra a Influenza est\u00e1 dispon\u00edvel para toda a popula\u00e7\u00e3o a partir dos seis meses de idade. A amplia\u00e7\u00e3o da campanha segue a orienta\u00e7\u00e3o do Minist\u00e9rio da Sa\u00fade e tem como objetivo aumentar a cobertura vacinal e reduzir os casos graves&hellip;","jetpack_sharing_enabled":true,"jetpack_likes_enabled":true,"_links":{"self":[{"href":"https:\/\/blogopara.com.br\/index.php\/wp-json\/wp\/v2\/posts\/76193","targetHints":{"allow":["GET"]}}],"collection":[{"href":"https:\/\/blogopara.com.br\/index.php\/wp-json\/wp\/v2\/posts"}],"about":[{"href":"https:\/\/blogopara.com.br\/index.php\/wp-json\/wp\/v2\/types\/post"}],"author":[{"embeddable":true,"href":"https:\/\/blogopara.com.br\/index.php\/wp-json\/wp\/v2\/users\/1"}],"replies":[{"embeddable":true,"href":"https:\/\/blogopara.com.br\/index.php\/wp-json\/wp\/v2\/comments?post=76193"}],"version-history":[{"count":1,"href":"https:\/\/blogopara.com.br\/index.php\/wp-json\/wp\/v2\/posts\/76193\/revisions"}],"predecessor-version":[{"id":76195,"href":"https:\/\/blogopara.com.br\/index.php\/wp-json\/wp\/v2\/posts\/76193\/revisions\/76195"}],"wp:featuredmedia":[{"embeddable":true,"href":"https:\/\/blogopara.com.br\/index.php\/wp-json\/wp\/v2\/media\/76194"}],"wp:attachment":[{"href":"https:\/\/blogopara.com.br\/index.php\/wp-json\/wp\/v2\/media?parent=76193"}],"wp:term":[{"taxonomy":"category","embeddable":true,"href":"https:\/\/blogopara.com.br\/index.php\/wp-json\/wp\/v2\/categories?post=76193"},{"taxonomy":"post_tag","embeddable":true,"href":"https:\/\/blogopara.com.br\/index.php\/wp-json\/wp\/v2\/tags?post=76193"}],"curies":[{"name":"wp","href":"https:\/\/api.w.org\/{rel}","templated":true}]}}