{"id":76197,"date":"2025-05-21T10:16:49","date_gmt":"2025-05-21T13:16:49","guid":{"rendered":"https:\/\/blogopara.com.br\/?p=76197"},"modified":"2025-05-21T10:16:49","modified_gmt":"2025-05-21T13:16:49","slug":"ornamentacao-junina-tem-inicio-antecipadamente-e-o-clima-de-sao-joao-toma-conta-de-senhor-do-bonfim","status":"publish","type":"post","link":"https:\/\/blogopara.com.br\/index.php\/2025\/05\/21\/ornamentacao-junina-tem-inicio-antecipadamente-e-o-clima-de-sao-joao-toma-conta-de-senhor-do-bonfim","title":{"rendered":"Ornamenta\u00e7\u00e3o junina tem in\u00edcio antecipadamente e o clima de S\u00e3o Jo\u00e3o toma conta de Senhor do Bonfim"},"content":{"rendered":"<p class=\"x_MsoNormal\">Com planejamento, organiza\u00e7\u00e3o e muito amor pela cultura bonfinense, a Prefeitura, atrav\u00e9s da Secretaria Municipal de Administra\u00e7\u00e3o saiu na frente e antecipou a ornamenta\u00e7\u00e3o junina que teve in\u00edcio nesta ter\u00e7a-feira, 20 de maio pela Pra\u00e7a Nova do Congresso com previs\u00e3o de conclus\u00e3o at\u00e9 o dia 28 de maio, data em que Bonfim celebra com orgulho seus 140 anos de hist\u00f3ria.<\/p>\n<p class=\"x_MsoNormal\">Al\u00e9m da Pra\u00e7a Nova, o Cal\u00e7ad\u00e3o, as principais ruas e avenidas da cidade tamb\u00e9m receber\u00e3o adere\u00e7os t\u00edpicos, como bandeirolas, bal\u00f5es, sanfonas e elementos que representam a identidade nordestina e bonfinense, s\u00edmbolos e tradi\u00e7\u00f5es do maior S\u00e3o Jo\u00e3o do Brasil. \u00c9 a cidade se vestindo de festa para viver 30 dias de forr\u00f3, aquecendo a economia local e refor\u00e7ando o t\u00edtulo de capital baiana do forr\u00f3.<\/p>\n<p class=\"x_MsoNormal\">O prefeito La\u00e9rcio J\u00fanior destacou: \u201cMais do que uma festa, o S\u00e3o Jo\u00e3o \u00e9 nossa identidade! Estamos cuidando de cada detalhe para que bonfinenses e visitantes vivam dias inesquec\u00edveis.\u201d<\/p>\n<p class=\"x_MsoNormal\">O secret\u00e1rio municipal de Administra\u00e7\u00e3o, Leandro Feitosa, falou da import\u00e2ncia do planejamento. \u201cCome\u00e7ar a ornamenta\u00e7\u00e3o com anteced\u00eancia mostra o quanto essa gest\u00e3o \u00e9 organizada e comprometida com cada detalhe\u201d, disse.<\/p>\n<p class=\"x_MsoNormal\">\n<p class=\"x_MsoNormal\">&#8212;<\/p>\n<p class=\"x_MsoNormal\">Texto: Ascom PMSB<\/p>\n","protected":false},"excerpt":{"rendered":"<p>Com planejamento, organiza\u00e7\u00e3o e muito amor pela cultura bonfinense, a Prefeitura, atrav\u00e9s da Secretaria Municipal de Administra\u00e7\u00e3o saiu na frente e antecipou a ornamenta\u00e7\u00e3o junina que teve in\u00edcio nesta ter\u00e7a-feira, 20 de maio pela Pra\u00e7a Nova do Congresso com previs\u00e3o de conclus\u00e3o at\u00e9 o dia 28 de maio, data em que Bonfim celebra com orgulho [&hellip;]<\/p>\n","protected":false},"author":1,"featured_media":76198,"comment_status":"open","ping_status":"open","sticky":false,"template":"","format":"standard","meta":{"_uag_custom_page_level_css":"","_monsterinsights_skip_tracking":false,"_monsterinsights_sitenote_active":false,"_monsterinsights_sitenote_note":"","_monsterinsights_sitenote_category":0,"jetpack_post_was_ever_published":false,"_jetpack_newsletter_access":"","_jetpack_dont_email_post_to_subs":false,"_jetpack_newsletter_tier_id":0,"_jetpack_memberships_contains_paywalled_content":false,"_jetpack_memberships_contains_paid_content":false,"footnotes":"","jetpack_publicize_message":"","jetpack_publicize_feature_enabled":true,"jetpack_social_post_already_shared":true,"jetpack_social_options":{"image_generator_settings":{"template":"highway","default_image_id":0,"font":"","enabled":false},"version":2}},"categories":[203],"tags":[],"class_list":["post-76197","post","type-post","status-publish","format-standard","has-post-thumbnail","hentry","category-juazeiro"],"jetpack_publicize_connections":[],"jetpack_featured_media_url":"https:\/\/blogopara.com.br\/wp-content\/uploads\/2025\/05\/thumbnail_WhatsApp-Image-2025-05-20-at-20.30.59.jpg","uagb_featured_image_src":{"full":["https:\/\/blogopara.com.br\/wp-content\/uploads\/2025\/05\/thumbnail_WhatsApp-Image-2025-05-20-at-20.30.59.jpg",500,333,false],"thumbnail":["https:\/\/blogopara.com.br\/wp-content\/uploads\/2025\/05\/thumbnail_WhatsApp-Image-2025-05-20-at-20.30.59-150x150.jpg",150,150,true],"medium":["https:\/\/blogopara.com.br\/wp-content\/uploads\/2025\/05\/thumbnail_WhatsApp-Image-2025-05-20-at-20.30.59-300x200.jpg",300,200,true],"medium_large":["https:\/\/blogopara.com.br\/wp-content\/uploads\/2025\/05\/thumbnail_WhatsApp-Image-2025-05-20-at-20.30.59.jpg",500,333,false],"large":["https:\/\/blogopara.com.br\/wp-content\/uploads\/2025\/05\/thumbnail_WhatsApp-Image-2025-05-20-at-20.30.59.jpg",500,333,false],"1536x1536":["https:\/\/blogopara.com.br\/wp-content\/uploads\/2025\/05\/thumbnail_WhatsApp-Image-2025-05-20-at-20.30.59.jpg",500,333,false],"2048x2048":["https:\/\/blogopara.com.br\/wp-content\/uploads\/2025\/05\/thumbnail_WhatsApp-Image-2025-05-20-at-20.30.59.jpg",500,333,false],"mantranews-slider-large":["https:\/\/blogopara.com.br\/wp-content\/uploads\/2025\/05\/thumbnail_WhatsApp-Image-2025-05-20-at-20.30.59.jpg",500,333,false],"mantranews-featured-medium":["https:\/\/blogopara.com.br\/wp-content\/uploads\/2025\/05\/thumbnail_WhatsApp-Image-2025-05-20-at-20.30.59-420x307.jpg",420,307,true],"mantranews-featured-long":["https:\/\/blogopara.com.br\/wp-content\/uploads\/2025\/05\/thumbnail_WhatsApp-Image-2025-05-20-at-20.30.59-300x333.jpg",300,333,true],"mantranews-block-medium":["https:\/\/blogopara.com.br\/wp-content\/uploads\/2025\/05\/thumbnail_WhatsApp-Image-2025-05-20-at-20.30.59-464x290.jpg",464,290,true],"mantranews-carousel-image":["https:\/\/blogopara.com.br\/wp-content\/uploads\/2025\/05\/thumbnail_WhatsApp-Image-2025-05-20-at-20.30.59.jpg",500,333,false],"mantranews-block-thumb":["https:\/\/blogopara.com.br\/wp-content\/uploads\/2025\/05\/thumbnail_WhatsApp-Image-2025-05-20-at-20.30.59-322x230.jpg",322,230,true],"mantranews-single-large":["https:\/\/blogopara.com.br\/wp-content\/uploads\/2025\/05\/thumbnail_WhatsApp-Image-2025-05-20-at-20.30.59.jpg",500,333,false]},"uagb_author_info":{"display_name":"Reda\u00e7\u00e3o geral","author_link":"https:\/\/blogopara.com.br\/index.php\/author\/blogopara"},"uagb_comment_info":0,"uagb_excerpt":"Com planejamento, organiza\u00e7\u00e3o e muito amor pela cultura bonfinense, a Prefeitura, atrav\u00e9s da Secretaria Municipal de Administra\u00e7\u00e3o saiu na frente e antecipou a ornamenta\u00e7\u00e3o junina que teve in\u00edcio nesta ter\u00e7a-feira, 20 de maio pela Pra\u00e7a Nova do Congresso com previs\u00e3o de conclus\u00e3o at\u00e9 o dia 28 de maio, data em que Bonfim celebra com orgulho&hellip;","jetpack_sharing_enabled":true,"jetpack_likes_enabled":true,"_links":{"self":[{"href":"https:\/\/blogopara.com.br\/index.php\/wp-json\/wp\/v2\/posts\/76197","targetHints":{"allow":["GET"]}}],"collection":[{"href":"https:\/\/blogopara.com.br\/index.php\/wp-json\/wp\/v2\/posts"}],"about":[{"href":"https:\/\/blogopara.com.br\/index.php\/wp-json\/wp\/v2\/types\/post"}],"author":[{"embeddable":true,"href":"https:\/\/blogopara.com.br\/index.php\/wp-json\/wp\/v2\/users\/1"}],"replies":[{"embeddable":true,"href":"https:\/\/blogopara.com.br\/index.php\/wp-json\/wp\/v2\/comments?post=76197"}],"version-history":[{"count":1,"href":"https:\/\/blogopara.com.br\/index.php\/wp-json\/wp\/v2\/posts\/76197\/revisions"}],"predecessor-version":[{"id":76199,"href":"https:\/\/blogopara.com.br\/index.php\/wp-json\/wp\/v2\/posts\/76197\/revisions\/76199"}],"wp:featuredmedia":[{"embeddable":true,"href":"https:\/\/blogopara.com.br\/index.php\/wp-json\/wp\/v2\/media\/76198"}],"wp:attachment":[{"href":"https:\/\/blogopara.com.br\/index.php\/wp-json\/wp\/v2\/media?parent=76197"}],"wp:term":[{"taxonomy":"category","embeddable":true,"href":"https:\/\/blogopara.com.br\/index.php\/wp-json\/wp\/v2\/categories?post=76197"},{"taxonomy":"post_tag","embeddable":true,"href":"https:\/\/blogopara.com.br\/index.php\/wp-json\/wp\/v2\/tags?post=76197"}],"curies":[{"name":"wp","href":"https:\/\/api.w.org\/{rel}","templated":true}]}}