{"id":76200,"date":"2025-05-21T10:19:23","date_gmt":"2025-05-21T13:19:23","guid":{"rendered":"https:\/\/blogopara.com.br\/?p=76200"},"modified":"2025-05-21T10:19:23","modified_gmt":"2025-05-21T13:19:23","slug":"casa-nova-garante-mais-de-r-2-milhoes-para-a-cultura-com-adesao-ao-segundo-ciclo-da-pnab","status":"publish","type":"post","link":"https:\/\/blogopara.com.br\/index.php\/2025\/05\/21\/casa-nova-garante-mais-de-r-2-milhoes-para-a-cultura-com-adesao-ao-segundo-ciclo-da-pnab","title":{"rendered":"Casa Nova garante mais de R$ 2 milh\u00f5es para a cultura com ades\u00e3o ao segundo ciclo da PNAB\u00a0"},"content":{"rendered":"<div class=\"x_gmail-OutlineElement x_gmail-Ltr x_gmail-SCXW27038640 x_gmail-BCX0\">\n<p class=\"x_gmail-Paragraph x_gmail-SCXW27038640 x_gmail-BCX0\" lang=\"PT-BR\"><span class=\"x_gmail-TextRun x_gmail-SCXW27038640 x_gmail-BCX0\" lang=\"PT-BR\" style=\"font-size: 1rem;\"><span class=\"x_gmail-NormalTextRun x_gmail-SCXW27038640 x_gmail-BCX0\">A Prefeitura de Casa Nova, por meio da Secretaria Municipal de Cultura, aderiu oficialmente ao segundo ciclo da Pol\u00edtica Nacional Aldir Blanc (PNAB), garantindo um investimento total de R$ 2.175.007,08 nos pr\u00f3ximos quatro anos. Com a ades\u00e3o, o munic\u00edpio ir\u00e1 receber anualmente o valor de R$ 543.751,77, voltado exclusivamente para a\u00e7\u00f5es de fomento, incentivo e valoriza\u00e7\u00e3o da cultura local.<\/span><\/span> <span class=\"x_gmail-TextRun x_gmail-SCXW27038640 x_gmail-BCX0\" lang=\"PT-BR\" style=\"font-size: 1rem;\"><span class=\"x_gmail-NormalTextRun x_gmail-SCXW27038640 x_gmail-BCX0\">\u00a0<\/span><\/span><span class=\"x_gmail-EOP x_gmail-SCXW27038640 x_gmail-BCX0\" style=\"font-size: 1rem;\">\u00a0<\/span><\/p>\n<\/div>\n<div class=\"x_gmail-OutlineElement x_gmail-Ltr x_gmail-SCXW27038640 x_gmail-BCX0\">\n<p class=\"x_gmail-Paragraph x_gmail-SCXW27038640 x_gmail-BCX0\" lang=\"PT-BR\"><span class=\"x_gmail-TextRun x_gmail-SCXW27038640 x_gmail-BCX0\" lang=\"PT-BR\"><span class=\"x_gmail-NormalTextRun x_gmail-SCXW27038640 x_gmail-BCX0\">Diferente da etapa anterior, o novo ciclo da PNAB tem car\u00e1ter plurianual, permitindo um planejamento mais duradouro e cont\u00ednuo. O termo de ades\u00e3o foi assinado pelo prefeito Anisio Viana, consolidando o compromisso da gest\u00e3o com os fazedores de cultura de Casa Nova.<\/span><\/span> <span class=\"x_gmail-TextRun x_gmail-SCXW27038640 x_gmail-BCX0\" lang=\"PT-BR\" style=\"font-size: 1rem;\"><span class=\"x_gmail-NormalTextRun x_gmail-SCXW27038640 x_gmail-BCX0\">\u00a0<\/span><\/span><span class=\"x_gmail-EOP x_gmail-SCXW27038640 x_gmail-BCX0\" style=\"font-size: 1rem;\">\u00a0<\/span><\/p>\n<\/div>\n<div class=\"x_gmail-OutlineElement x_gmail-Ltr x_gmail-SCXW27038640 x_gmail-BCX0\">\n<p class=\"x_gmail-Paragraph x_gmail-SCXW27038640 x_gmail-BCX0\" lang=\"PT-BR\"><span class=\"x_gmail-TextRun x_gmail-SCXW27038640 x_gmail-BCX0\" lang=\"PT-BR\"><span class=\"x_gmail-NormalTextRun x_gmail-SCXW27038640 x_gmail-BCX0\">\u201cAssumimos o compromisso de investir na cultura como um direito do povo e uma for\u00e7a que impulsiona o desenvolvimento de Casa Nova. A ades\u00e3o \u00e0 PNAB garante recursos importantes para fortalecer nossos artistas, preservar nossas tradi\u00e7\u00f5es e ampliar o acesso \u00e0 cultura em todas as comunidades. \u00c9 uma conquista que reafirma nosso compromisso com uma gest\u00e3o que valoriza a identidade e o futuro do nosso munic\u00edpio\u201d, destacou o prefeito Anisio Viana.<\/span><\/span><span class=\"x_gmail-EOP x_gmail-SCXW27038640 x_gmail-BCX0\">\u00a0<\/span><\/p>\n<\/div>\n<div class=\"x_gmail-OutlineElement x_gmail-Ltr x_gmail-SCXW27038640 x_gmail-BCX0\">\n<p class=\"x_gmail-Paragraph x_gmail-SCXW27038640 x_gmail-BCX0\" lang=\"PT-BR\"><span class=\"x_gmail-TextRun x_gmail-SCXW27038640 x_gmail-BCX0\" lang=\"PT-BR\"><span class=\"x_gmail-NormalTextRun x_gmail-SCXW27038640 x_gmail-BCX0\">\u00a0<\/span><\/span> <span class=\"x_gmail-TextRun x_gmail-SCXW27038640 x_gmail-BCX0\" lang=\"PT-BR\" style=\"font-size: 1rem;\"><span class=\"x_gmail-NormalTextRun x_gmail-SCXW27038640 x_gmail-BCX0\">Crit\u00e9rios<\/span><\/span><span class=\"x_gmail-EOP x_gmail-SCXW27038640 x_gmail-BCX0\" style=\"font-size: 1rem;\">\u00a0<\/span><\/p>\n<\/div>\n<div class=\"x_gmail-OutlineElement x_gmail-Ltr x_gmail-SCXW27038640 x_gmail-BCX0\">\n<p class=\"x_gmail-Paragraph x_gmail-SCXW27038640 x_gmail-BCX0\" lang=\"PT-BR\"><span class=\"x_gmail-TextRun x_gmail-SCXW27038640 x_gmail-BCX0\" lang=\"PT-BR\"><span class=\"x_gmail-NormalTextRun x_gmail-SCXW27038640 x_gmail-BCX0\">\u00a0<\/span><\/span> <span class=\"x_gmail-TextRun x_gmail-SCXW27038640 x_gmail-BCX0\" lang=\"PT-BR\" style=\"font-size: 1rem;\"><span class=\"x_gmail-NormalTextRun x_gmail-SCXW27038640 x_gmail-BCX0\">Um dos crit\u00e9rios para a ades\u00e3o era a execu\u00e7\u00e3o m\u00ednima de 60% dos recursos da fase anterior, meta cumprida pela gest\u00e3o com o pagamento regular dos projetos contemplados.<\/span><\/span><span class=\"x_gmail-EOP x_gmail-SCXW27038640 x_gmail-BCX0\" style=\"font-size: 1rem;\">\u00a0<\/span><\/p>\n<\/div>\n<div class=\"x_gmail-OutlineElement x_gmail-Ltr x_gmail-SCXW27038640 x_gmail-BCX0\">\n<p class=\"x_gmail-Paragraph x_gmail-SCXW27038640 x_gmail-BCX0\" lang=\"PT-BR\"><span class=\"x_gmail-TextRun x_gmail-SCXW27038640 x_gmail-BCX0\" lang=\"PT-BR\"><span class=\"x_gmail-NormalTextRun x_gmail-SCXW27038640 x_gmail-BCX0\">\u00a0<\/span><\/span> <span class=\"x_gmail-TextRun x_gmail-SCXW27038640 x_gmail-BCX0\" lang=\"PT-BR\" style=\"font-size: 1rem;\"><span class=\"x_gmail-NormalTextRun x_gmail-SCXW27038640 x_gmail-BCX0\">A PNAB\u00a0<\/span><\/span><span class=\"x_gmail-EOP x_gmail-SCXW27038640 x_gmail-BCX0\" style=\"font-size: 1rem;\">\u00a0<\/span><\/p>\n<\/div>\n<div class=\"x_gmail-OutlineElement x_gmail-Ltr x_gmail-SCXW27038640 x_gmail-BCX0\">\n<p class=\"x_gmail-Paragraph x_gmail-SCXW27038640 x_gmail-BCX0\" lang=\"PT-BR\"><span class=\"x_gmail-TextRun x_gmail-SCXW27038640 x_gmail-BCX0\" lang=\"PT-BR\"><span class=\"x_gmail-NormalTextRun x_gmail-SCXW27038640 x_gmail-BCX0\">\u00a0<\/span><\/span> <span class=\"x_gmail-TextRun x_gmail-SCXW27038640 x_gmail-BCX0\" lang=\"PT-BR\" style=\"font-size: 1rem;\"><span class=\"x_gmail-NormalTextRun x_gmail-SCXW27038640 x_gmail-BCX0\">Foi institu\u00edda pela Lei 14.399\/2022 e \u00e9 uma das mais importantes pol\u00edticas p\u00fablicas culturais do pa\u00eds, assegurando repasses federais para fortalecer a produ\u00e7\u00e3o cultural nos munic\u00edpios brasileiros.<\/span><\/span><span class=\"x_gmail-EOP x_gmail-SCXW27038640 x_gmail-BCX0\" style=\"font-size: 1rem;\">\u00a0<\/span><\/p>\n<\/div>\n<div class=\"x_gmail-OutlineElement x_gmail-Ltr x_gmail-SCXW27038640 x_gmail-BCX0\">\n<p class=\"x_gmail-Paragraph x_gmail-SCXW27038640 x_gmail-BCX0\" lang=\"PT-BR\"><span class=\"x_gmail-TextRun x_gmail-SCXW27038640 x_gmail-BCX0\" lang=\"PT-BR\"><span class=\"x_gmail-NormalTextRun x_gmail-SCXW27038640 x_gmail-BCX0\">\u00a0<\/span><\/span><span class=\"x_gmail-EOP x_gmail-SCXW27038640 x_gmail-BCX0\">\u00a0<\/span><\/p>\n<\/div>\n<div class=\"x_gmail-OutlineElement x_gmail-Ltr x_gmail-SCXW27038640 x_gmail-BCX0\">\n<p class=\"x_gmail-Paragraph x_gmail-SCXW27038640 x_gmail-BCX0\" lang=\"PT-BR\"><span class=\"x_gmail-TextRun x_gmail-SCXW27038640 x_gmail-BCX0\" lang=\"PT-BR\"><span class=\"x_gmail-NormalTextRun x_gmail-SCXW27038640 x_gmail-BCX0\">&#8212;<\/span><\/span><span class=\"x_gmail-EOP x_gmail-SCXW27038640 x_gmail-BCX0\">\u00a0<\/span><\/p>\n<\/div>\n<div class=\"x_gmail-OutlineElement x_gmail-Ltr x_gmail-SCXW27038640 x_gmail-BCX0\">\n<p class=\"x_gmail-Paragraph x_gmail-SCXW27038640 x_gmail-BCX0\" lang=\"PT-BR\"><span class=\"x_gmail-TextRun x_gmail-SCXW27038640 x_gmail-BCX0\" lang=\"PT-BR\"><span class=\"x_gmail-NormalTextRun x_gmail-SCXW27038640 x_gmail-BCX0\">Texto: Ascom PMCN<\/span><\/span><span class=\"x_gmail-EOP x_gmail-SCXW27038640 x_gmail-BCX0\">\u00a0<\/span><\/p>\n<\/div>\n","protected":false},"excerpt":{"rendered":"<p>A Prefeitura de Casa Nova, por meio da Secretaria Municipal de Cultura, aderiu oficialmente ao segundo ciclo da Pol\u00edtica Nacional Aldir Blanc (PNAB), garantindo um investimento total de R$ 2.175.007,08 nos pr\u00f3ximos quatro anos. Com a ades\u00e3o, o munic\u00edpio ir\u00e1 receber anualmente o valor de R$ 543.751,77, voltado exclusivamente para a\u00e7\u00f5es de fomento, incentivo e [&hellip;]<\/p>\n","protected":false},"author":1,"featured_media":76131,"comment_status":"open","ping_status":"open","sticky":false,"template":"","format":"standard","meta":{"_uag_custom_page_level_css":"","_monsterinsights_skip_tracking":false,"_monsterinsights_sitenote_active":false,"_monsterinsights_sitenote_note":"","_monsterinsights_sitenote_category":0,"jetpack_post_was_ever_published":false,"_jetpack_newsletter_access":"","_jetpack_dont_email_post_to_subs":false,"_jetpack_newsletter_tier_id":0,"_jetpack_memberships_contains_paywalled_content":false,"_jetpack_memberships_contains_paid_content":false,"footnotes":"","jetpack_publicize_message":"","jetpack_publicize_feature_enabled":true,"jetpack_social_post_already_shared":true,"jetpack_social_options":{"image_generator_settings":{"template":"highway","default_image_id":0,"font":"","enabled":false},"version":2}},"categories":[197],"tags":[],"class_list":["post-76200","post","type-post","status-publish","format-standard","has-post-thumbnail","hentry","category-politica"],"jetpack_publicize_connections":[],"jetpack_featured_media_url":"https:\/\/blogopara.com.br\/wp-content\/uploads\/2025\/05\/thumbnail_casa-nova-prefeitura.jpg","uagb_featured_image_src":{"full":["https:\/\/blogopara.com.br\/wp-content\/uploads\/2025\/05\/thumbnail_casa-nova-prefeitura.jpg",500,281,false],"thumbnail":["https:\/\/blogopara.com.br\/wp-content\/uploads\/2025\/05\/thumbnail_casa-nova-prefeitura-150x150.jpg",150,150,true],"medium":["https:\/\/blogopara.com.br\/wp-content\/uploads\/2025\/05\/thumbnail_casa-nova-prefeitura-300x169.jpg",300,169,true],"medium_large":["https:\/\/blogopara.com.br\/wp-content\/uploads\/2025\/05\/thumbnail_casa-nova-prefeitura.jpg",500,281,false],"large":["https:\/\/blogopara.com.br\/wp-content\/uploads\/2025\/05\/thumbnail_casa-nova-prefeitura.jpg",500,281,false],"1536x1536":["https:\/\/blogopara.com.br\/wp-content\/uploads\/2025\/05\/thumbnail_casa-nova-prefeitura.jpg",500,281,false],"2048x2048":["https:\/\/blogopara.com.br\/wp-content\/uploads\/2025\/05\/thumbnail_casa-nova-prefeitura.jpg",500,281,false],"mantranews-slider-large":["https:\/\/blogopara.com.br\/wp-content\/uploads\/2025\/05\/thumbnail_casa-nova-prefeitura.jpg",500,281,false],"mantranews-featured-medium":["https:\/\/blogopara.com.br\/wp-content\/uploads\/2025\/05\/thumbnail_casa-nova-prefeitura-420x281.jpg",420,281,true],"mantranews-featured-long":["https:\/\/blogopara.com.br\/wp-content\/uploads\/2025\/05\/thumbnail_casa-nova-prefeitura-300x281.jpg",300,281,true],"mantranews-block-medium":["https:\/\/blogopara.com.br\/wp-content\/uploads\/2025\/05\/thumbnail_casa-nova-prefeitura-464x281.jpg",464,281,true],"mantranews-carousel-image":["https:\/\/blogopara.com.br\/wp-content\/uploads\/2025\/05\/thumbnail_casa-nova-prefeitura.jpg",500,281,false],"mantranews-block-thumb":["https:\/\/blogopara.com.br\/wp-content\/uploads\/2025\/05\/thumbnail_casa-nova-prefeitura-322x230.jpg",322,230,true],"mantranews-single-large":["https:\/\/blogopara.com.br\/wp-content\/uploads\/2025\/05\/thumbnail_casa-nova-prefeitura.jpg",500,281,false]},"uagb_author_info":{"display_name":"Reda\u00e7\u00e3o geral","author_link":"https:\/\/blogopara.com.br\/index.php\/author\/blogopara"},"uagb_comment_info":0,"uagb_excerpt":"A Prefeitura de Casa Nova, por meio da Secretaria Municipal de Cultura, aderiu oficialmente ao segundo ciclo da Pol\u00edtica Nacional Aldir Blanc (PNAB), garantindo um investimento total de R$ 2.175.007,08 nos pr\u00f3ximos quatro anos. Com a ades\u00e3o, o munic\u00edpio ir\u00e1 receber anualmente o valor de R$ 543.751,77, voltado exclusivamente para a\u00e7\u00f5es de fomento, incentivo e&hellip;","jetpack_sharing_enabled":true,"jetpack_likes_enabled":true,"_links":{"self":[{"href":"https:\/\/blogopara.com.br\/index.php\/wp-json\/wp\/v2\/posts\/76200","targetHints":{"allow":["GET"]}}],"collection":[{"href":"https:\/\/blogopara.com.br\/index.php\/wp-json\/wp\/v2\/posts"}],"about":[{"href":"https:\/\/blogopara.com.br\/index.php\/wp-json\/wp\/v2\/types\/post"}],"author":[{"embeddable":true,"href":"https:\/\/blogopara.com.br\/index.php\/wp-json\/wp\/v2\/users\/1"}],"replies":[{"embeddable":true,"href":"https:\/\/blogopara.com.br\/index.php\/wp-json\/wp\/v2\/comments?post=76200"}],"version-history":[{"count":1,"href":"https:\/\/blogopara.com.br\/index.php\/wp-json\/wp\/v2\/posts\/76200\/revisions"}],"predecessor-version":[{"id":76201,"href":"https:\/\/blogopara.com.br\/index.php\/wp-json\/wp\/v2\/posts\/76200\/revisions\/76201"}],"wp:featuredmedia":[{"embeddable":true,"href":"https:\/\/blogopara.com.br\/index.php\/wp-json\/wp\/v2\/media\/76131"}],"wp:attachment":[{"href":"https:\/\/blogopara.com.br\/index.php\/wp-json\/wp\/v2\/media?parent=76200"}],"wp:term":[{"taxonomy":"category","embeddable":true,"href":"https:\/\/blogopara.com.br\/index.php\/wp-json\/wp\/v2\/categories?post=76200"},{"taxonomy":"post_tag","embeddable":true,"href":"https:\/\/blogopara.com.br\/index.php\/wp-json\/wp\/v2\/tags?post=76200"}],"curies":[{"name":"wp","href":"https:\/\/api.w.org\/{rel}","templated":true}]}}