{"id":76223,"date":"2025-05-22T08:55:57","date_gmt":"2025-05-22T11:55:57","guid":{"rendered":"https:\/\/blogopara.com.br\/?p=76223"},"modified":"2025-05-22T08:55:57","modified_gmt":"2025-05-22T11:55:57","slug":"a-fumaca-incolor-que-sai-da-chamine-do-palacio-de-ondina-por-raul-monteiro","status":"publish","type":"post","link":"https:\/\/blogopara.com.br\/index.php\/2025\/05\/22\/a-fumaca-incolor-que-sai-da-chamine-do-palacio-de-ondina-por-raul-monteiro","title":{"rendered":"A fuma\u00e7a incolor que sai da chamin\u00e9 do Pal\u00e1cio de Ondina, por Raul Monteiro*"},"content":{"rendered":"<p>O ditado segundo o qual onde h\u00e1 fuma\u00e7a h\u00e1 fogo tem se aplicado como uma luva \u00e0s especula\u00e7\u00f5es sobre a montagem da chapa governista para as elei\u00e7\u00f5es de 2026 na Bahia. Se n\u00e3o houvesse alguma desconfian\u00e7a em rela\u00e7\u00e3o \u00e0s reais chances de reelei\u00e7\u00e3o do governador Jer\u00f4nimo Rodrigues (PT), devido ao crescimento da desaprova\u00e7\u00e3o ao seu governo ou mesmo \u00e0 alegada dificuldade do petista de coorden\u00e1-lo, certamente n\u00e3o prosperariam os rumores de que ele pode ser substitu\u00eddo, a qualquer tempo, pelo ministro chefe da Casa Civil, Rui Costa, na corrida sucess\u00f3ria do pr\u00f3ximo ano.<\/p>\n<p>Basta ver que, no alongado per\u00edodo em que o PT comanda o Estado, de quase 20 anos, \u00e9 a primeira vez que se manifesta o fen\u00f4meno, do qual passaram ao largo tanto o hoje senador Jaques Wagner quanto Rui, quando \u2013 o segundo sucedendo o primeiro -, governaram a Bahia. Mesmo sob os solavancos do mandato inicial, onde a falta de experi\u00eancia lhe cobrou um pre\u00e7o alto e for\u00e7as aliadas, notadamente o MDB, tentaram min\u00e1-lo por dentro aproveitando-se de suas fragilidades, Wagner jamais viu o direito natural de disputar a reelei\u00e7\u00e3o alvo de especula\u00e7\u00f5es em seu pr\u00f3prio partido, como ocorre agora com Jer\u00f4nimo.<\/p>\n<p>Sobre o hoje ministro, ent\u00e3o, que viraria uma refer\u00eancia gerencial para o PT na Bahia e nacionalmente, n\u00e3o h\u00e1 registros de que tenha corrido o mesmo risco nem visto algum outro quadro, como Wagner, por exemplo, sendo lembrado para retornar e cortar-lhe o direito \u00e0 sucess\u00e3o. A explica\u00e7\u00e3o para isso n\u00e3o \u00e9 apenas a de que ambos chegaram bem \u00e0s portas dos pleitos em que se reelegeram, mas principalmente porque enfrentaram as disputas amparados pela imagem de que davam as cartas em suas respectivas administra\u00e7\u00f5es, condi\u00e7\u00e3o para a qual contribuiu essencialmente o fato de terem escolhido Casas Civis fortes.<\/p>\n<p>Lideran\u00e7a essencialmente pol\u00edtica, com a qual neste aspecto Jer\u00f4nimo se assemelha muito, Wagner deu aten\u00e7\u00e3o especial \u00e0 posi\u00e7\u00e3o, para a qual, no momento certo, nomeou Rui. Afeito \u00e0s tarefas da \u00e1rea, o auxiliar se tornaria o principal representante da pasta em seu pr\u00f3prio governo, para a qual levou a experi\u00eancia pessoal bem sucedida na gest\u00e3o de Wagner. Antes de o hoje ministro ter gerenciado o governo do primeiro governador petista da Bahia, Eva Chiavon desincumbiu-se bem no mesmo papel. Nem ela e muito menos Rui podem ser comparados ao arremedo de Casa Civil com que Jer\u00f4nimo conta hoje no governo.<\/p>\n<p>Por causa da acefalia da pasta, problemas se acumulam na Chefia de Gabinete, onde n\u00e3o se fala portugu\u00eas e muito menos \u2018baiano\u2019, na Cerb, na Seinfra e em v\u00e1rias outras partes do governo sem perspectiva de solu\u00e7\u00e3o \u00e0 vista, embalando o sonho dos ruisistas de verem o chefe retornando ao comando do governo em elei\u00e7\u00f5es justas e livres, hip\u00f3tese a respeito da qual, apesar da id\u00eantica preocupa\u00e7\u00e3o com os rumos da administra\u00e7\u00e3o estadual e do risco de um fracasso eleitoral do grupo, os wagneristas n\u00e3o aceitam conversar nem em mesa de bar. Como se n\u00e3o bastasse, Jer\u00f4nimo ainda tem que administrar as disputas entre os dois Senhores.<\/p>\n<p>* Texto do editor Raul Monteiro publicado na edi\u00e7\u00e3o de hoje da Tribuna.<\/p>\n<p>Raul Monteiro*<\/p>\n","protected":false},"excerpt":{"rendered":"<p>O ditado segundo o qual onde h\u00e1 fuma\u00e7a h\u00e1 fogo tem se aplicado como uma luva \u00e0s especula\u00e7\u00f5es sobre a montagem da chapa governista para as elei\u00e7\u00f5es de 2026 na Bahia. Se n\u00e3o houvesse alguma desconfian\u00e7a em rela\u00e7\u00e3o \u00e0s reais chances de reelei\u00e7\u00e3o do governador Jer\u00f4nimo Rodrigues (PT), devido ao crescimento da desaprova\u00e7\u00e3o ao seu [&hellip;]<\/p>\n","protected":false},"author":1,"featured_media":39266,"comment_status":"open","ping_status":"open","sticky":false,"template":"","format":"standard","meta":{"_uag_custom_page_level_css":"","_monsterinsights_skip_tracking":false,"_monsterinsights_sitenote_active":false,"_monsterinsights_sitenote_note":"","_monsterinsights_sitenote_category":0,"jetpack_post_was_ever_published":false,"_jetpack_newsletter_access":"","_jetpack_dont_email_post_to_subs":false,"_jetpack_newsletter_tier_id":0,"_jetpack_memberships_contains_paywalled_content":false,"_jetpack_memberships_contains_paid_content":false,"footnotes":"","jetpack_publicize_message":"","jetpack_publicize_feature_enabled":true,"jetpack_social_post_already_shared":true,"jetpack_social_options":{"image_generator_settings":{"template":"highway","default_image_id":0,"font":"","enabled":false},"version":2}},"categories":[199,197],"tags":[],"class_list":["post-76223","post","type-post","status-publish","format-standard","has-post-thumbnail","hentry","category-bahia","category-politica"],"jetpack_publicize_connections":[],"jetpack_featured_media_url":"https:\/\/blogopara.com.br\/wp-content\/uploads\/2022\/07\/Governador-Rui-Costa-e-secretario-Jeronimo-Rodrigues-20210316111-678x381-1.jpeg","uagb_featured_image_src":{"full":["https:\/\/blogopara.com.br\/wp-content\/uploads\/2022\/07\/Governador-Rui-Costa-e-secretario-Jeronimo-Rodrigues-20210316111-678x381-1.jpeg",500,280,false],"thumbnail":["https:\/\/blogopara.com.br\/wp-content\/uploads\/2022\/07\/Governador-Rui-Costa-e-secretario-Jeronimo-Rodrigues-20210316111-678x381-1-150x150.jpeg",150,150,true],"medium":["https:\/\/blogopara.com.br\/wp-content\/uploads\/2022\/07\/Governador-Rui-Costa-e-secretario-Jeronimo-Rodrigues-20210316111-678x381-1-300x168.jpeg",300,168,true],"medium_large":["https:\/\/blogopara.com.br\/wp-content\/uploads\/2022\/07\/Governador-Rui-Costa-e-secretario-Jeronimo-Rodrigues-20210316111-678x381-1.jpeg",500,280,false],"large":["https:\/\/blogopara.com.br\/wp-content\/uploads\/2022\/07\/Governador-Rui-Costa-e-secretario-Jeronimo-Rodrigues-20210316111-678x381-1.jpeg",500,280,false],"1536x1536":["https:\/\/blogopara.com.br\/wp-content\/uploads\/2022\/07\/Governador-Rui-Costa-e-secretario-Jeronimo-Rodrigues-20210316111-678x381-1.jpeg",500,280,false],"2048x2048":["https:\/\/blogopara.com.br\/wp-content\/uploads\/2022\/07\/Governador-Rui-Costa-e-secretario-Jeronimo-Rodrigues-20210316111-678x381-1.jpeg",500,280,false],"mantranews-slider-large":["https:\/\/blogopara.com.br\/wp-content\/uploads\/2022\/07\/Governador-Rui-Costa-e-secretario-Jeronimo-Rodrigues-20210316111-678x381-1.jpeg",500,280,false],"mantranews-featured-medium":["https:\/\/blogopara.com.br\/wp-content\/uploads\/2022\/07\/Governador-Rui-Costa-e-secretario-Jeronimo-Rodrigues-20210316111-678x381-1-420x280.jpeg",420,280,true],"mantranews-featured-long":["https:\/\/blogopara.com.br\/wp-content\/uploads\/2022\/07\/Governador-Rui-Costa-e-secretario-Jeronimo-Rodrigues-20210316111-678x381-1-300x280.jpeg",300,280,true],"mantranews-block-medium":["https:\/\/blogopara.com.br\/wp-content\/uploads\/2022\/07\/Governador-Rui-Costa-e-secretario-Jeronimo-Rodrigues-20210316111-678x381-1-464x280.jpeg",464,280,true],"mantranews-carousel-image":["https:\/\/blogopara.com.br\/wp-content\/uploads\/2022\/07\/Governador-Rui-Costa-e-secretario-Jeronimo-Rodrigues-20210316111-678x381-1.jpeg",500,280,false],"mantranews-block-thumb":["https:\/\/blogopara.com.br\/wp-content\/uploads\/2022\/07\/Governador-Rui-Costa-e-secretario-Jeronimo-Rodrigues-20210316111-678x381-1-322x230.jpeg",322,230,true],"mantranews-single-large":["https:\/\/blogopara.com.br\/wp-content\/uploads\/2022\/07\/Governador-Rui-Costa-e-secretario-Jeronimo-Rodrigues-20210316111-678x381-1.jpeg",500,280,false]},"uagb_author_info":{"display_name":"Reda\u00e7\u00e3o geral","author_link":"https:\/\/blogopara.com.br\/index.php\/author\/blogopara"},"uagb_comment_info":0,"uagb_excerpt":"O ditado segundo o qual onde h\u00e1 fuma\u00e7a h\u00e1 fogo tem se aplicado como uma luva \u00e0s especula\u00e7\u00f5es sobre a montagem da chapa governista para as elei\u00e7\u00f5es de 2026 na Bahia. Se n\u00e3o houvesse alguma desconfian\u00e7a em rela\u00e7\u00e3o \u00e0s reais chances de reelei\u00e7\u00e3o do governador Jer\u00f4nimo Rodrigues (PT), devido ao crescimento da desaprova\u00e7\u00e3o ao seu&hellip;","jetpack_sharing_enabled":true,"jetpack_likes_enabled":true,"_links":{"self":[{"href":"https:\/\/blogopara.com.br\/index.php\/wp-json\/wp\/v2\/posts\/76223","targetHints":{"allow":["GET"]}}],"collection":[{"href":"https:\/\/blogopara.com.br\/index.php\/wp-json\/wp\/v2\/posts"}],"about":[{"href":"https:\/\/blogopara.com.br\/index.php\/wp-json\/wp\/v2\/types\/post"}],"author":[{"embeddable":true,"href":"https:\/\/blogopara.com.br\/index.php\/wp-json\/wp\/v2\/users\/1"}],"replies":[{"embeddable":true,"href":"https:\/\/blogopara.com.br\/index.php\/wp-json\/wp\/v2\/comments?post=76223"}],"version-history":[{"count":1,"href":"https:\/\/blogopara.com.br\/index.php\/wp-json\/wp\/v2\/posts\/76223\/revisions"}],"predecessor-version":[{"id":76228,"href":"https:\/\/blogopara.com.br\/index.php\/wp-json\/wp\/v2\/posts\/76223\/revisions\/76228"}],"wp:featuredmedia":[{"embeddable":true,"href":"https:\/\/blogopara.com.br\/index.php\/wp-json\/wp\/v2\/media\/39266"}],"wp:attachment":[{"href":"https:\/\/blogopara.com.br\/index.php\/wp-json\/wp\/v2\/media?parent=76223"}],"wp:term":[{"taxonomy":"category","embeddable":true,"href":"https:\/\/blogopara.com.br\/index.php\/wp-json\/wp\/v2\/categories?post=76223"},{"taxonomy":"post_tag","embeddable":true,"href":"https:\/\/blogopara.com.br\/index.php\/wp-json\/wp\/v2\/tags?post=76223"}],"curies":[{"name":"wp","href":"https:\/\/api.w.org\/{rel}","templated":true}]}}