{"id":76225,"date":"2025-05-22T08:55:20","date_gmt":"2025-05-22T11:55:20","guid":{"rendered":"https:\/\/blogopara.com.br\/?p=76225"},"modified":"2025-05-22T08:55:20","modified_gmt":"2025-05-22T11:55:20","slug":"sancao-a-moraes-e-inadmissivel-e-gera-solidariedade-dizem-ministros-do-stf","status":"publish","type":"post","link":"https:\/\/blogopara.com.br\/index.php\/2025\/05\/22\/sancao-a-moraes-e-inadmissivel-e-gera-solidariedade-dizem-ministros-do-stf","title":{"rendered":"San\u00e7\u00e3o a Moraes \u00e9 inadmiss\u00edvel e gera solidariedade, dizem ministros do STF"},"content":{"rendered":"<div class=\"flexivel-interno\">\n<div class=\"fb-like fb_iframe_widget\" data-href=\"https:\/\/politicalivre.com.br\/2025\/05\/sancao-a-moraes-e-inadmissivel-e-gera-solidariedade-dizem-ministros-do-stf\/\" data-width=\"\" data-layout=\"button_count\" data-action=\"like\" data-size=\"small\" data-show-faces=\"true\" data-share=\"false\"><span style=\"font-size: 1rem;\">A possibilidade de o governo dos EUA aprovar san\u00e7\u00f5es contra o ministro do Supremo Tribunal Federal (STF) Alexandre de Moraes \u00e9 considerada inadmiss\u00edvel por magistrados da Corte ouvidos pela reportagem.<\/span><\/div>\n<\/div>\n<p>Eles afirmam que a medida ser\u00e1 uma clara tentativa de interfer\u00eancia dos EUA no Judici\u00e1rio brasileiro, algo definido como \u201cimpens\u00e1vel\u201d.<\/p>\n<p>Um dos ministros afirmou \u00e0 coluna que a concretiza\u00e7\u00e3o da amea\u00e7a, feita na quarta (21) pelo chefe da diplomacia daquele pa\u00eds, Marco Rubio, vai girar solidariedade a Moraes. E explicitar\u00e1 o apoio do governo de Donald Trump \u00e0 extrema direita brasileira, que, diz um ministro, \u201ctem a mesma caracter\u00edsticas de outros movimentos semelhantes pelo mundo: atacar Supremas Cortes\u201d.<\/p>\n<p>O argumento de que Moraes desrespeita direitos humanos no Brasil \u00e9 considerado ris\u00edvel por integrantes do STF, j\u00e1 que os EUA inclusive se retiraram do sistema internacional que protege esses mesmos direitos.<\/p>\n<p>Eles lembram que o governo Trump acorrentou brasileiros para enviar ao Brasil, desrespeitou ordens judiciais de seu pr\u00f3prio pa\u00eds e chegou a prender uma ju\u00edza de pris\u00e3o por discordar de seus julgamentos sobre imigrantes.<\/p>\n<p>O argumento de censura tamb\u00e9m \u00e9 considerado fantasioso, j\u00e1 que todas as plataformas e redes sociais atuam livremente no Brasil e Moraes \u00e9 criticado diuturnamente por internautas.<\/p>\n<p>Na vis\u00e3o dos magistrados, o governo dos EUA \u201cfaz o que quer ao redor do mundo e tamb\u00e9m dentro de seu pr\u00f3prio pa\u00eds\u201d, e n\u00e3o teria condi\u00e7\u00f5es de levantar a bandeira dos direitos humanos contra Moraes, cujas decis\u00f5es s\u00e3o referendadas por um colegiado de ju\u00edzes que chegaram a seus cargos em um sistema democr\u00e1tico.<\/p>\n<p>Integrantes do STF afirmam tamb\u00e9m acreditar que o governo brasileiro ter\u00e1 que estudar em que medida reagir a san\u00e7\u00f5es que visam intimidar a Justi\u00e7a do pa\u00eds.<\/p>\n<p>O secret\u00e1rio de Estado dos Estados Unidos, Marco Rubio, afirmou nesta quarta-feira (21) que o ministro do STF (Supremo Tribunal Federal) Alexandre de Moraes pode sofrer san\u00e7\u00f5es no pa\u00eds.<\/p>\n<p>O chefe da diplomacia americana disse, em audi\u00eancia na Comiss\u00e3o de Rela\u00e7\u00f5es Exteriores da C\u00e2mara dos Representantes do pa\u00eds, que o governo Donald Trump analisa a poss\u00edvel puni\u00e7\u00e3o. \u00c9 a primeira vez que um representante da Casa Branca cita publicamente a hip\u00f3tese de penalidade ao magistrado brasileiro.<\/p>\n<p>\u201cEst\u00e1 em an\u00e1lise neste momento e h\u00e1 uma grande possibilidade de acontecer\u201d, declarou.<\/p>\n<p>A oposi\u00e7\u00e3o passou a afirmar que as decis\u00f5es de Moraes cerceariam a liberdade de express\u00e3o, o que motivou apelos por san\u00e7\u00f5es internacionais.<\/p>\n<p>&nbsp;<\/p>\n<p><span class=\"assinatura_exclusiva\">M\u00f4nica Bergamo\/Folhapress<\/span><\/p>\n","protected":false},"excerpt":{"rendered":"<p>A possibilidade de o governo dos EUA aprovar san\u00e7\u00f5es contra o ministro do Supremo Tribunal Federal (STF) Alexandre de Moraes \u00e9 considerada inadmiss\u00edvel por magistrados da Corte ouvidos pela reportagem. Eles afirmam que a medida ser\u00e1 uma clara tentativa de interfer\u00eancia dos EUA no Judici\u00e1rio brasileiro, algo definido como \u201cimpens\u00e1vel\u201d. Um dos ministros afirmou \u00e0 [&hellip;]<\/p>\n","protected":false},"author":1,"featured_media":55019,"comment_status":"open","ping_status":"open","sticky":false,"template":"","format":"standard","meta":{"_uag_custom_page_level_css":"","_monsterinsights_skip_tracking":false,"_monsterinsights_sitenote_active":false,"_monsterinsights_sitenote_note":"","_monsterinsights_sitenote_category":0,"jetpack_post_was_ever_published":false,"_jetpack_newsletter_access":"","_jetpack_dont_email_post_to_subs":false,"_jetpack_newsletter_tier_id":0,"_jetpack_memberships_contains_paywalled_content":false,"_jetpack_memberships_contains_paid_content":false,"footnotes":"","jetpack_publicize_message":"","jetpack_publicize_feature_enabled":true,"jetpack_social_post_already_shared":true,"jetpack_social_options":{"image_generator_settings":{"template":"highway","default_image_id":0,"font":"","enabled":false},"version":2}},"categories":[200,197],"tags":[],"class_list":["post-76225","post","type-post","status-publish","format-standard","has-post-thumbnail","hentry","category-brasil","category-politica"],"jetpack_publicize_connections":[],"jetpack_featured_media_url":"https:\/\/blogopara.com.br\/wp-content\/uploads\/2023\/07\/Alexandre-de-Moraes-Foto-Nelson-Jr-SCO-STF-620x350-1.jpg","uagb_featured_image_src":{"full":["https:\/\/blogopara.com.br\/wp-content\/uploads\/2023\/07\/Alexandre-de-Moraes-Foto-Nelson-Jr-SCO-STF-620x350-1.jpg",500,282,false],"thumbnail":["https:\/\/blogopara.com.br\/wp-content\/uploads\/2023\/07\/Alexandre-de-Moraes-Foto-Nelson-Jr-SCO-STF-620x350-1-150x150.jpg",150,150,true],"medium":["https:\/\/blogopara.com.br\/wp-content\/uploads\/2023\/07\/Alexandre-de-Moraes-Foto-Nelson-Jr-SCO-STF-620x350-1-300x169.jpg",300,169,true],"medium_large":["https:\/\/blogopara.com.br\/wp-content\/uploads\/2023\/07\/Alexandre-de-Moraes-Foto-Nelson-Jr-SCO-STF-620x350-1.jpg",500,282,false],"large":["https:\/\/blogopara.com.br\/wp-content\/uploads\/2023\/07\/Alexandre-de-Moraes-Foto-Nelson-Jr-SCO-STF-620x350-1.jpg",500,282,false],"1536x1536":["https:\/\/blogopara.com.br\/wp-content\/uploads\/2023\/07\/Alexandre-de-Moraes-Foto-Nelson-Jr-SCO-STF-620x350-1.jpg",500,282,false],"2048x2048":["https:\/\/blogopara.com.br\/wp-content\/uploads\/2023\/07\/Alexandre-de-Moraes-Foto-Nelson-Jr-SCO-STF-620x350-1.jpg",500,282,false],"mantranews-slider-large":["https:\/\/blogopara.com.br\/wp-content\/uploads\/2023\/07\/Alexandre-de-Moraes-Foto-Nelson-Jr-SCO-STF-620x350-1.jpg",500,282,false],"mantranews-featured-medium":["https:\/\/blogopara.com.br\/wp-content\/uploads\/2023\/07\/Alexandre-de-Moraes-Foto-Nelson-Jr-SCO-STF-620x350-1-420x282.jpg",420,282,true],"mantranews-featured-long":["https:\/\/blogopara.com.br\/wp-content\/uploads\/2023\/07\/Alexandre-de-Moraes-Foto-Nelson-Jr-SCO-STF-620x350-1-300x282.jpg",300,282,true],"mantranews-block-medium":["https:\/\/blogopara.com.br\/wp-content\/uploads\/2023\/07\/Alexandre-de-Moraes-Foto-Nelson-Jr-SCO-STF-620x350-1-464x282.jpg",464,282,true],"mantranews-carousel-image":["https:\/\/blogopara.com.br\/wp-content\/uploads\/2023\/07\/Alexandre-de-Moraes-Foto-Nelson-Jr-SCO-STF-620x350-1.jpg",500,282,false],"mantranews-block-thumb":["https:\/\/blogopara.com.br\/wp-content\/uploads\/2023\/07\/Alexandre-de-Moraes-Foto-Nelson-Jr-SCO-STF-620x350-1-322x230.jpg",322,230,true],"mantranews-single-large":["https:\/\/blogopara.com.br\/wp-content\/uploads\/2023\/07\/Alexandre-de-Moraes-Foto-Nelson-Jr-SCO-STF-620x350-1.jpg",500,282,false]},"uagb_author_info":{"display_name":"Reda\u00e7\u00e3o geral","author_link":"https:\/\/blogopara.com.br\/index.php\/author\/blogopara"},"uagb_comment_info":0,"uagb_excerpt":"A possibilidade de o governo dos EUA aprovar san\u00e7\u00f5es contra o ministro do Supremo Tribunal Federal (STF) Alexandre de Moraes \u00e9 considerada inadmiss\u00edvel por magistrados da Corte ouvidos pela reportagem. Eles afirmam que a medida ser\u00e1 uma clara tentativa de interfer\u00eancia dos EUA no Judici\u00e1rio brasileiro, algo definido como \u201cimpens\u00e1vel\u201d. Um dos ministros afirmou \u00e0&hellip;","jetpack_sharing_enabled":true,"jetpack_likes_enabled":true,"_links":{"self":[{"href":"https:\/\/blogopara.com.br\/index.php\/wp-json\/wp\/v2\/posts\/76225","targetHints":{"allow":["GET"]}}],"collection":[{"href":"https:\/\/blogopara.com.br\/index.php\/wp-json\/wp\/v2\/posts"}],"about":[{"href":"https:\/\/blogopara.com.br\/index.php\/wp-json\/wp\/v2\/types\/post"}],"author":[{"embeddable":true,"href":"https:\/\/blogopara.com.br\/index.php\/wp-json\/wp\/v2\/users\/1"}],"replies":[{"embeddable":true,"href":"https:\/\/blogopara.com.br\/index.php\/wp-json\/wp\/v2\/comments?post=76225"}],"version-history":[{"count":1,"href":"https:\/\/blogopara.com.br\/index.php\/wp-json\/wp\/v2\/posts\/76225\/revisions"}],"predecessor-version":[{"id":76226,"href":"https:\/\/blogopara.com.br\/index.php\/wp-json\/wp\/v2\/posts\/76225\/revisions\/76226"}],"wp:featuredmedia":[{"embeddable":true,"href":"https:\/\/blogopara.com.br\/index.php\/wp-json\/wp\/v2\/media\/55019"}],"wp:attachment":[{"href":"https:\/\/blogopara.com.br\/index.php\/wp-json\/wp\/v2\/media?parent=76225"}],"wp:term":[{"taxonomy":"category","embeddable":true,"href":"https:\/\/blogopara.com.br\/index.php\/wp-json\/wp\/v2\/categories?post=76225"},{"taxonomy":"post_tag","embeddable":true,"href":"https:\/\/blogopara.com.br\/index.php\/wp-json\/wp\/v2\/tags?post=76225"}],"curies":[{"name":"wp","href":"https:\/\/api.w.org\/{rel}","templated":true}]}}