{"id":76229,"date":"2025-05-22T08:59:42","date_gmt":"2025-05-22T11:59:42","guid":{"rendered":"https:\/\/blogopara.com.br\/?p=76229"},"modified":"2025-05-22T08:59:42","modified_gmt":"2025-05-22T11:59:42","slug":"seminario-de-pecuaria-do-leite-fortalece-produtores-e-prepara-territorio-para-chegada-de-laticinio-em-senhor-do-bonfim","status":"publish","type":"post","link":"https:\/\/blogopara.com.br\/index.php\/2025\/05\/22\/seminario-de-pecuaria-do-leite-fortalece-produtores-e-prepara-territorio-para-chegada-de-laticinio-em-senhor-do-bonfim","title":{"rendered":"Semin\u00e1rio de Pecu\u00e1ria do Leite fortalece produtores e prepara territ\u00f3rio para chegada de latic\u00ednio em Senhor do Bonfim\u00a0"},"content":{"rendered":"<div class=\"x_gmail-OutlineElement x_gmail-Ltr x_gmail-SCXW114723290 x_gmail-BCX0\">\n<div class=\"x_gmail-OutlineElement x_gmail-Ltr x_gmail-SCXW114723290 x_gmail-BCX0\"><span class=\"x_gmail-TextRun x_gmail-SCXW114723290 x_gmail-BCX0\" lang=\"PT-BR\" style=\"font-size: 1rem;\"><span class=\"x_gmail-NormalTextRun x_gmail-SCXW114723290 x_gmail-BCX0\">A Prefeitura de Senhor do Bonfim, por meio da Secretaria Municipal de Desenvolvimento Agropecu\u00e1rio, do Servi\u00e7o Nacional de Aprendizagem Rural (SENAR-BA), do Servi\u00e7o Brasileiro de Apoio \u00e0s Micro e Pequenas Empresas (SEBRAE), da Cooperativa Mista Agropecu\u00e1ria e o Sindicato dos Produtores Rurais de Senhor do Bonfim, realizou nesta quarta-feira (21) o Semin\u00e1rio de Pecu\u00e1ria do Leite, reunindo produtores rurais, t\u00e9cnicos, institui\u00e7\u00f5es e representantes do setor para um dia de palestras, trocas de experi\u00eancias e articula\u00e7\u00e3o estrat\u00e9gica em torno do fortalecimento da cadeia produtiva do leite no munic\u00edpio.<\/span><\/span> <span class=\"x_gmail-TextRun x_gmail-SCXW114723290 x_gmail-BCX0\" lang=\"PT-BR\" style=\"font-size: 1rem;\"><span class=\"x_gmail-NormalTextRun x_gmail-SCXW114723290 x_gmail-BCX0\">\u00a0<\/span><\/span><span class=\"x_gmail-EOP x_gmail-SCXW114723290 x_gmail-BCX0\" style=\"font-size: 1rem;\">\u00a0<\/span><\/div>\n<div><\/div>\n<\/div>\n<div class=\"x_gmail-OutlineElement x_gmail-Ltr x_gmail-SCXW114723290 x_gmail-BCX0\">\n<p class=\"x_gmail-Paragraph x_gmail-SCXW114723290 x_gmail-BCX0\" lang=\"PT-BR\"><span class=\"x_gmail-TextRun x_gmail-SCXW114723290 x_gmail-BCX0\" lang=\"PT-BR\"><span class=\"x_gmail-NormalTextRun x_gmail-SCXW114723290 x_gmail-BCX0\">O evento aconteceu no Centro de Capacita\u00e7\u00e3o Regional do SENAR e contou com palestras sobre o mercado do leite na Bahia, cooperativismo como ferramenta de desenvolvimento e a import\u00e2ncia da instala\u00e7\u00e3o do Latic\u00ednio Piemonte Norte do Itapicuru para o avan\u00e7o da produ\u00e7\u00e3o local.<\/span><\/span> <span class=\"x_gmail-TextRun x_gmail-SCXW114723290 x_gmail-BCX0\" lang=\"PT-BR\" style=\"font-size: 1rem;\"><span class=\"x_gmail-NormalTextRun x_gmail-SCXW114723290 x_gmail-BCX0\">\u00a0<\/span><\/span><span class=\"x_gmail-EOP x_gmail-SCXW114723290 x_gmail-BCX0\" style=\"font-size: 1rem;\">\u00a0<\/span><\/p>\n<\/div>\n<div class=\"x_gmail-OutlineElement x_gmail-Ltr x_gmail-SCXW114723290 x_gmail-BCX0\">\n<p class=\"x_gmail-Paragraph x_gmail-SCXW114723290 x_gmail-BCX0\" lang=\"PT-BR\"><span class=\"x_gmail-TextRun x_gmail-SCXW114723290 x_gmail-BCX0\" lang=\"PT-BR\"><span class=\"x_gmail-NormalTextRun x_gmail-SCXW114723290 x_gmail-BCX0\">O prefeito La\u00e9rcio J\u00fanior, que acompanhou o semin\u00e1rio, destacou a relev\u00e2ncia da pauta para o desenvolvimento econ\u00f4mico da regi\u00e3o. \u201cA chegada do latic\u00ednio representa uma virada de chave para os nossos produtores. Nosso papel, como gest\u00e3o, \u00e9 preparar e apoiar para que todos estejam prontos para aproveitar as oportunidades. A agricultura familiar e a pecu\u00e1ria leiteira s\u00e3o motores importantes para o crescimento de Senhor do Bonfim\u201d, afirmou.<\/span><\/span> <span class=\"x_gmail-TextRun x_gmail-SCXW114723290 x_gmail-BCX0\" lang=\"PT-BR\" style=\"font-size: 1rem;\"><span class=\"x_gmail-NormalTextRun x_gmail-SCXW114723290 x_gmail-BCX0\">\u00a0<\/span><\/span><span class=\"x_gmail-EOP x_gmail-SCXW114723290 x_gmail-BCX0\" style=\"font-size: 1rem;\">\u00a0<\/span><\/p>\n<\/div>\n<div class=\"x_gmail-OutlineElement x_gmail-Ltr x_gmail-SCXW114723290 x_gmail-BCX0\">\n<p class=\"x_gmail-Paragraph x_gmail-SCXW114723290 x_gmail-BCX0\" lang=\"PT-BR\"><span class=\"x_gmail-TextRun x_gmail-SCXW114723290 x_gmail-BCX0\" lang=\"PT-BR\"><span class=\"x_gmail-NormalTextRun x_gmail-SCXW114723290 x_gmail-BCX0\">O secret\u00e1rio municipal de Desenvolvimento Agropecu\u00e1rio, Paulo Terra Nova, destacou o objetivo da mobiliza\u00e7\u00e3o. \u201cNosso foco \u00e9 preparar os produtores para esse novo momento. Com informa\u00e7\u00e3o, capacita\u00e7\u00e3o e suporte t\u00e9cnico, vamos garantir que o latic\u00ednio seja um marco de transforma\u00e7\u00e3o econ\u00f4mica para o campo bonfinense.\u201d<\/span><\/span> <span class=\"x_gmail-TextRun x_gmail-SCXW114723290 x_gmail-BCX0\" lang=\"PT-BR\" style=\"font-size: 1rem;\"><span class=\"x_gmail-NormalTextRun x_gmail-SCXW114723290 x_gmail-BCX0\">\u00a0<\/span><\/span><span class=\"x_gmail-EOP x_gmail-SCXW114723290 x_gmail-BCX0\" style=\"font-size: 1rem;\">\u00a0<\/span><\/p>\n<\/div>\n<div class=\"x_gmail-OutlineElement x_gmail-Ltr x_gmail-SCXW114723290 x_gmail-BCX0\">\n<p class=\"x_gmail-Paragraph x_gmail-SCXW114723290 x_gmail-BCX0\" lang=\"PT-BR\"><span class=\"x_gmail-TextRun x_gmail-SCXW114723290 x_gmail-BCX0\" lang=\"PT-BR\"><span class=\"x_gmail-NormalTextRun x_gmail-SCXW114723290 x_gmail-BCX0\">O produtor rural Gilberto Miranda tamb\u00e9m participou do evento e elogiou o empenho da gest\u00e3o municipal. \u201c\u00c9 vis\u00edvel o esfor\u00e7o da Prefeitura em dar as condi\u00e7\u00f5es para que a gente melhore a qualidade da produ\u00e7\u00e3o. A gente sente que tem apoio, tem incentivo e isso faz toda a diferen\u00e7a.\u201d<\/span><\/span><span class=\"x_gmail-EOP x_gmail-SCXW114723290 x_gmail-BCX0\">\u00a0<\/span><\/p>\n<\/div>\n<div class=\"x_gmail-OutlineElement x_gmail-Ltr x_gmail-SCXW114723290 x_gmail-BCX0\">\n<p class=\"x_gmail-Paragraph x_gmail-SCXW114723290 x_gmail-BCX0\" lang=\"PT-BR\"><span class=\"x_gmail-TextRun x_gmail-SCXW114723290 x_gmail-BCX0\" lang=\"PT-BR\"><span class=\"x_gmail-NormalTextRun x_gmail-SCXW114723290 x_gmail-BCX0\">\u00a0<\/span><\/span><span class=\"x_gmail-EOP x_gmail-SCXW114723290 x_gmail-BCX0\">\u00a0<\/span><\/p>\n<\/div>\n<div class=\"x_gmail-OutlineElement x_gmail-Ltr x_gmail-SCXW114723290 x_gmail-BCX0\">\n<p class=\"x_gmail-Paragraph x_gmail-SCXW114723290 x_gmail-BCX0\" lang=\"PT-BR\"><span class=\"x_gmail-TextRun x_gmail-SCXW114723290 x_gmail-BCX0\" lang=\"PT-BR\"><span class=\"x_gmail-NormalTextRun x_gmail-SCXW114723290 x_gmail-BCX0\">\u00a0<\/span><\/span> <span class=\"x_gmail-TextRun x_gmail-SCXW114723290 x_gmail-BCX0\" lang=\"PT-BR\" style=\"font-size: 1rem;\"><span class=\"x_gmail-NormalTextRun x_gmail-SCXW114723290 x_gmail-BCX0\">Texto: Ascom PMSB<\/span><\/span><span class=\"x_gmail-EOP x_gmail-SCXW114723290 x_gmail-BCX0\" style=\"font-size: 1rem;\">\u00a0<\/span><\/p>\n<\/div>\n","protected":false},"excerpt":{"rendered":"<p>A Prefeitura de Senhor do Bonfim, por meio da Secretaria Municipal de Desenvolvimento Agropecu\u00e1rio, do Servi\u00e7o Nacional de Aprendizagem Rural (SENAR-BA), do Servi\u00e7o Brasileiro de Apoio \u00e0s Micro e Pequenas Empresas (SEBRAE), da Cooperativa Mista Agropecu\u00e1ria e o Sindicato dos Produtores Rurais de Senhor do Bonfim, realizou nesta quarta-feira (21) o Semin\u00e1rio de Pecu\u00e1ria do [&hellip;]<\/p>\n","protected":false},"author":1,"featured_media":76230,"comment_status":"open","ping_status":"open","sticky":false,"template":"","format":"standard","meta":{"_uag_custom_page_level_css":"","_monsterinsights_skip_tracking":false,"_monsterinsights_sitenote_active":false,"_monsterinsights_sitenote_note":"","_monsterinsights_sitenote_category":0,"jetpack_post_was_ever_published":false,"_jetpack_newsletter_access":"","_jetpack_dont_email_post_to_subs":false,"_jetpack_newsletter_tier_id":0,"_jetpack_memberships_contains_paywalled_content":false,"_jetpack_memberships_contains_paid_content":false,"footnotes":"","jetpack_publicize_message":"","jetpack_publicize_feature_enabled":true,"jetpack_social_post_already_shared":true,"jetpack_social_options":{"image_generator_settings":{"template":"highway","default_image_id":0,"font":"","enabled":false},"version":2}},"categories":[197],"tags":[],"class_list":["post-76229","post","type-post","status-publish","format-standard","has-post-thumbnail","hentry","category-politica"],"jetpack_publicize_connections":[],"jetpack_featured_media_url":"https:\/\/blogopara.com.br\/wp-content\/uploads\/2025\/05\/thumbnail_54535923303_c0d1836d6c_k.jpg","uagb_featured_image_src":{"full":["https:\/\/blogopara.com.br\/wp-content\/uploads\/2025\/05\/thumbnail_54535923303_c0d1836d6c_k.jpg",500,433,false],"thumbnail":["https:\/\/blogopara.com.br\/wp-content\/uploads\/2025\/05\/thumbnail_54535923303_c0d1836d6c_k-150x150.jpg",150,150,true],"medium":["https:\/\/blogopara.com.br\/wp-content\/uploads\/2025\/05\/thumbnail_54535923303_c0d1836d6c_k-300x260.jpg",300,260,true],"medium_large":["https:\/\/blogopara.com.br\/wp-content\/uploads\/2025\/05\/thumbnail_54535923303_c0d1836d6c_k.jpg",500,433,false],"large":["https:\/\/blogopara.com.br\/wp-content\/uploads\/2025\/05\/thumbnail_54535923303_c0d1836d6c_k.jpg",500,433,false],"1536x1536":["https:\/\/blogopara.com.br\/wp-content\/uploads\/2025\/05\/thumbnail_54535923303_c0d1836d6c_k.jpg",500,433,false],"2048x2048":["https:\/\/blogopara.com.br\/wp-content\/uploads\/2025\/05\/thumbnail_54535923303_c0d1836d6c_k.jpg",500,433,false],"mantranews-slider-large":["https:\/\/blogopara.com.br\/wp-content\/uploads\/2025\/05\/thumbnail_54535923303_c0d1836d6c_k.jpg",500,433,false],"mantranews-featured-medium":["https:\/\/blogopara.com.br\/wp-content\/uploads\/2025\/05\/thumbnail_54535923303_c0d1836d6c_k-420x307.jpg",420,307,true],"mantranews-featured-long":["https:\/\/blogopara.com.br\/wp-content\/uploads\/2025\/05\/thumbnail_54535923303_c0d1836d6c_k-300x433.jpg",300,433,true],"mantranews-block-medium":["https:\/\/blogopara.com.br\/wp-content\/uploads\/2025\/05\/thumbnail_54535923303_c0d1836d6c_k-464x290.jpg",464,290,true],"mantranews-carousel-image":["https:\/\/blogopara.com.br\/wp-content\/uploads\/2025\/05\/thumbnail_54535923303_c0d1836d6c_k.jpg",500,433,false],"mantranews-block-thumb":["https:\/\/blogopara.com.br\/wp-content\/uploads\/2025\/05\/thumbnail_54535923303_c0d1836d6c_k-322x230.jpg",322,230,true],"mantranews-single-large":["https:\/\/blogopara.com.br\/wp-content\/uploads\/2025\/05\/thumbnail_54535923303_c0d1836d6c_k.jpg",500,433,false]},"uagb_author_info":{"display_name":"Reda\u00e7\u00e3o geral","author_link":"https:\/\/blogopara.com.br\/index.php\/author\/blogopara"},"uagb_comment_info":0,"uagb_excerpt":"A Prefeitura de Senhor do Bonfim, por meio da Secretaria Municipal de Desenvolvimento Agropecu\u00e1rio, do Servi\u00e7o Nacional de Aprendizagem Rural (SENAR-BA), do Servi\u00e7o Brasileiro de Apoio \u00e0s Micro e Pequenas Empresas (SEBRAE), da Cooperativa Mista Agropecu\u00e1ria e o Sindicato dos Produtores Rurais de Senhor do Bonfim, realizou nesta quarta-feira (21) o Semin\u00e1rio de Pecu\u00e1ria do&hellip;","jetpack_sharing_enabled":true,"jetpack_likes_enabled":true,"_links":{"self":[{"href":"https:\/\/blogopara.com.br\/index.php\/wp-json\/wp\/v2\/posts\/76229","targetHints":{"allow":["GET"]}}],"collection":[{"href":"https:\/\/blogopara.com.br\/index.php\/wp-json\/wp\/v2\/posts"}],"about":[{"href":"https:\/\/blogopara.com.br\/index.php\/wp-json\/wp\/v2\/types\/post"}],"author":[{"embeddable":true,"href":"https:\/\/blogopara.com.br\/index.php\/wp-json\/wp\/v2\/users\/1"}],"replies":[{"embeddable":true,"href":"https:\/\/blogopara.com.br\/index.php\/wp-json\/wp\/v2\/comments?post=76229"}],"version-history":[{"count":1,"href":"https:\/\/blogopara.com.br\/index.php\/wp-json\/wp\/v2\/posts\/76229\/revisions"}],"predecessor-version":[{"id":76231,"href":"https:\/\/blogopara.com.br\/index.php\/wp-json\/wp\/v2\/posts\/76229\/revisions\/76231"}],"wp:featuredmedia":[{"embeddable":true,"href":"https:\/\/blogopara.com.br\/index.php\/wp-json\/wp\/v2\/media\/76230"}],"wp:attachment":[{"href":"https:\/\/blogopara.com.br\/index.php\/wp-json\/wp\/v2\/media?parent=76229"}],"wp:term":[{"taxonomy":"category","embeddable":true,"href":"https:\/\/blogopara.com.br\/index.php\/wp-json\/wp\/v2\/categories?post=76229"},{"taxonomy":"post_tag","embeddable":true,"href":"https:\/\/blogopara.com.br\/index.php\/wp-json\/wp\/v2\/tags?post=76229"}],"curies":[{"name":"wp","href":"https:\/\/api.w.org\/{rel}","templated":true}]}}