{"id":76235,"date":"2025-05-22T09:05:42","date_gmt":"2025-05-22T12:05:42","guid":{"rendered":"https:\/\/blogopara.com.br\/?p=76235"},"modified":"2025-05-22T09:05:42","modified_gmt":"2025-05-22T12:05:42","slug":"programa-escola-das-adolescencias-e-pauta-de-reuniao-na-secretaria-de-educacao-de-juazeiro","status":"publish","type":"post","link":"https:\/\/blogopara.com.br\/index.php\/2025\/05\/22\/programa-escola-das-adolescencias-e-pauta-de-reuniao-na-secretaria-de-educacao-de-juazeiro","title":{"rendered":"Programa Escola das Adolesc\u00eancias \u00e9 pauta de reuni\u00e3o na Secretaria de Educa\u00e7\u00e3o de Juazeiro"},"content":{"rendered":"<p>O programa Escola das Adolesc\u00eancias, do Minist\u00e9rio da Educa\u00e7\u00e3o, foi pauta de uma reuni\u00e3o com gestores escolares e coordenadores pedag\u00f3gicos no audit\u00f3rio da Secretaria de Educa\u00e7\u00e3o de Juazeiro\/Seduc, nesta quarta-feira (21). O encontro teve como objetivo alinhar os preparativos para a implanta\u00e7\u00e3o do programa no munic\u00edpio.<\/p>\n<p>Respons\u00e1vel pelo Escola das Adolesc\u00eancias em Juazeiro, Lucila Alves destacou a import\u00e2ncia da reuni\u00e3o para ajustar os \u00faltimos detalhes para a implanta\u00e7\u00e3o do programa. \u201cEsse encontro foi extremamente importante para discutirmos todos os ajustes relativos ao curr\u00edculo e tamb\u00e9m a log\u00edstica de implanta\u00e7\u00e3o do Escola das Adolesc\u00eancias, al\u00e9m de estabelecer os prazos e alinhar o pontap\u00e9 inicial dos clubes de letramento\u201d, explicou Lucila.<\/p>\n<p>Os clubes de letramentos s\u00e3o estruturas para refor\u00e7ar a aprendizagem dos estudantes. No decorrer do Ensino Fundamental II, do 6\u00ba ao 9\u00ba ano, os estudantes ir\u00e3o passar pelo clube de letramento matem\u00e1tico, cient\u00edfico, liter\u00e1rio e corporeidade, e finalizar\u00e3o no 9\u00ba ano, no clube de letramento de cidadanias e humanidades.<\/p>\n<p>Para a coordenadora pedag\u00f3gica da Escola Municipal Guiomar Lustosa Rodrigues, Daildes Lopes Freire, a reuni\u00e3o trouxe possibilidades que podem ser exploradas na escola. \u201cNesse encontro nos deparamos com conhecimentos e possibilidades que ir\u00e3o melhorar o nosso trabalho na escola e, com certeza, ir\u00e3o nos ajudar a motivar os nossos estudantes\u201d, frisou.<\/p>\n<p><strong>Escola das Adolesc\u00eancias<\/strong><\/p>\n<p>O programa, desenvolvido pelo Governo Federal, ser\u00e1 aplicado em 30 escolas da rede municipal de ensino de Juazeiro e visa o fortalecimento da aprendizagem nos anos finais do Ensino Fundamental.<\/p>\n<p>A estrat\u00e9gia tem como objetivo construir uma proposta pedag\u00f3gica conectada com as diversas formas de viver a adolesc\u00eancia no Brasil, que promova um espa\u00e7o acolhedor e impulsione a qualidade da educa\u00e7\u00e3o, melhorando o acesso, o progresso e o desenvolvimento integral dos estudantes.<\/p>\n<p>&nbsp;<\/p>\n<p>Eneida Trindade \u2013 Ascom\/PMJ<\/p>\n","protected":false},"excerpt":{"rendered":"<p>O programa Escola das Adolesc\u00eancias, do Minist\u00e9rio da Educa\u00e7\u00e3o, foi pauta de uma reuni\u00e3o com gestores escolares e coordenadores pedag\u00f3gicos no audit\u00f3rio da Secretaria de Educa\u00e7\u00e3o de Juazeiro\/Seduc, nesta quarta-feira (21). O encontro teve como objetivo alinhar os preparativos para a implanta\u00e7\u00e3o do programa no munic\u00edpio. Respons\u00e1vel pelo Escola das Adolesc\u00eancias em Juazeiro, Lucila Alves [&hellip;]<\/p>\n","protected":false},"author":1,"featured_media":76236,"comment_status":"open","ping_status":"open","sticky":false,"template":"","format":"standard","meta":{"_uag_custom_page_level_css":"","_monsterinsights_skip_tracking":false,"_monsterinsights_sitenote_active":false,"_monsterinsights_sitenote_note":"","_monsterinsights_sitenote_category":0,"jetpack_post_was_ever_published":false,"_jetpack_newsletter_access":"","_jetpack_dont_email_post_to_subs":false,"_jetpack_newsletter_tier_id":0,"_jetpack_memberships_contains_paywalled_content":false,"_jetpack_memberships_contains_paid_content":false,"footnotes":"","jetpack_publicize_message":"","jetpack_publicize_feature_enabled":true,"jetpack_social_post_already_shared":true,"jetpack_social_options":{"image_generator_settings":{"template":"highway","default_image_id":0,"font":"","enabled":false},"version":2}},"categories":[209],"tags":[],"class_list":["post-76235","post","type-post","status-publish","format-standard","has-post-thumbnail","hentry","category-educacao"],"jetpack_publicize_connections":[],"jetpack_featured_media_url":"https:\/\/blogopara.com.br\/wp-content\/uploads\/2025\/05\/transferir-1-4.jpg","uagb_featured_image_src":{"full":["https:\/\/blogopara.com.br\/wp-content\/uploads\/2025\/05\/transferir-1-4.jpg",500,374,false],"thumbnail":["https:\/\/blogopara.com.br\/wp-content\/uploads\/2025\/05\/transferir-1-4-150x150.jpg",150,150,true],"medium":["https:\/\/blogopara.com.br\/wp-content\/uploads\/2025\/05\/transferir-1-4-300x224.jpg",300,224,true],"medium_large":["https:\/\/blogopara.com.br\/wp-content\/uploads\/2025\/05\/transferir-1-4.jpg",500,374,false],"large":["https:\/\/blogopara.com.br\/wp-content\/uploads\/2025\/05\/transferir-1-4.jpg",500,374,false],"1536x1536":["https:\/\/blogopara.com.br\/wp-content\/uploads\/2025\/05\/transferir-1-4.jpg",500,374,false],"2048x2048":["https:\/\/blogopara.com.br\/wp-content\/uploads\/2025\/05\/transferir-1-4.jpg",500,374,false],"mantranews-slider-large":["https:\/\/blogopara.com.br\/wp-content\/uploads\/2025\/05\/transferir-1-4.jpg",500,374,false],"mantranews-featured-medium":["https:\/\/blogopara.com.br\/wp-content\/uploads\/2025\/05\/transferir-1-4-420x307.jpg",420,307,true],"mantranews-featured-long":["https:\/\/blogopara.com.br\/wp-content\/uploads\/2025\/05\/transferir-1-4-300x374.jpg",300,374,true],"mantranews-block-medium":["https:\/\/blogopara.com.br\/wp-content\/uploads\/2025\/05\/transferir-1-4-464x290.jpg",464,290,true],"mantranews-carousel-image":["https:\/\/blogopara.com.br\/wp-content\/uploads\/2025\/05\/transferir-1-4.jpg",500,374,false],"mantranews-block-thumb":["https:\/\/blogopara.com.br\/wp-content\/uploads\/2025\/05\/transferir-1-4-322x230.jpg",322,230,true],"mantranews-single-large":["https:\/\/blogopara.com.br\/wp-content\/uploads\/2025\/05\/transferir-1-4.jpg",500,374,false]},"uagb_author_info":{"display_name":"Reda\u00e7\u00e3o geral","author_link":"https:\/\/blogopara.com.br\/index.php\/author\/blogopara"},"uagb_comment_info":0,"uagb_excerpt":"O programa Escola das Adolesc\u00eancias, do Minist\u00e9rio da Educa\u00e7\u00e3o, foi pauta de uma reuni\u00e3o com gestores escolares e coordenadores pedag\u00f3gicos no audit\u00f3rio da Secretaria de Educa\u00e7\u00e3o de Juazeiro\/Seduc, nesta quarta-feira (21). O encontro teve como objetivo alinhar os preparativos para a implanta\u00e7\u00e3o do programa no munic\u00edpio. Respons\u00e1vel pelo Escola das Adolesc\u00eancias em Juazeiro, Lucila Alves&hellip;","jetpack_sharing_enabled":true,"jetpack_likes_enabled":true,"_links":{"self":[{"href":"https:\/\/blogopara.com.br\/index.php\/wp-json\/wp\/v2\/posts\/76235","targetHints":{"allow":["GET"]}}],"collection":[{"href":"https:\/\/blogopara.com.br\/index.php\/wp-json\/wp\/v2\/posts"}],"about":[{"href":"https:\/\/blogopara.com.br\/index.php\/wp-json\/wp\/v2\/types\/post"}],"author":[{"embeddable":true,"href":"https:\/\/blogopara.com.br\/index.php\/wp-json\/wp\/v2\/users\/1"}],"replies":[{"embeddable":true,"href":"https:\/\/blogopara.com.br\/index.php\/wp-json\/wp\/v2\/comments?post=76235"}],"version-history":[{"count":1,"href":"https:\/\/blogopara.com.br\/index.php\/wp-json\/wp\/v2\/posts\/76235\/revisions"}],"predecessor-version":[{"id":76237,"href":"https:\/\/blogopara.com.br\/index.php\/wp-json\/wp\/v2\/posts\/76235\/revisions\/76237"}],"wp:featuredmedia":[{"embeddable":true,"href":"https:\/\/blogopara.com.br\/index.php\/wp-json\/wp\/v2\/media\/76236"}],"wp:attachment":[{"href":"https:\/\/blogopara.com.br\/index.php\/wp-json\/wp\/v2\/media?parent=76235"}],"wp:term":[{"taxonomy":"category","embeddable":true,"href":"https:\/\/blogopara.com.br\/index.php\/wp-json\/wp\/v2\/categories?post=76235"},{"taxonomy":"post_tag","embeddable":true,"href":"https:\/\/blogopara.com.br\/index.php\/wp-json\/wp\/v2\/tags?post=76235"}],"curies":[{"name":"wp","href":"https:\/\/api.w.org\/{rel}","templated":true}]}}