{"id":76386,"date":"2025-05-28T06:47:04","date_gmt":"2025-05-28T09:47:04","guid":{"rendered":"https:\/\/blogopara.com.br\/?p=76386"},"modified":"2025-05-27T21:49:00","modified_gmt":"2025-05-28T00:49:00","slug":"camara-de-juazeiro-sedia-audiencia-publica-para-discutir-o-plano-municipal-de-seguranca-alimentar-e-fortalecer-o-programa-juazeiro-sem-fome","status":"publish","type":"post","link":"https:\/\/blogopara.com.br\/index.php\/2025\/05\/28\/camara-de-juazeiro-sedia-audiencia-publica-para-discutir-o-plano-municipal-de-seguranca-alimentar-e-fortalecer-o-programa-juazeiro-sem-fome","title":{"rendered":"C\u00e2mara de Juazeiro sedia audi\u00eancia p\u00fablica para discutir o Plano Municipal de Seguran\u00e7a Alimentar e fortalecer o Programa Juazeiro Sem Fome"},"content":{"rendered":"<p>A C\u00e2mara Municipal de Juazeiro realiza, nesta quinta-feira (29), \u00e0s 15h30, uma audi\u00eancia p\u00fablica com foco na seguran\u00e7a alimentar e nutricional no munic\u00edpio.<\/p>\n<p>A iniciativa \u00e9 da Coordena\u00e7\u00e3o Geral de Combate \u00e0 Fome e Seguran\u00e7a Alimentar, e tem como objetivo ampliar o debate p\u00fablico em torno do tema e fortalecer as a\u00e7\u00f5es do j\u00e1 lan\u00e7ado Programa Juazeiro Sem Fome.<\/p>\n<p>Com o tema &#8220;Seguran\u00e7a Alimentar e Nutricional no Munic\u00edpio de Juazeiro: Diagn\u00f3stico e Caminhos para o Programa Juazeiro Sem Fome&#8221;, a audi\u00eancia pretende ouvir relatos da popula\u00e7\u00e3o sobre a realidade da fome no munic\u00edpio, al\u00e9m de reunir propostas de enfrentamento constru\u00eddas de forma participativa com a sociedade civil, movimentos sociais, entidades assistenciais, nutricionistas, gestores p\u00fablicos e outros atores envolvidos.<\/p>\n<p>O evento visa criar um espa\u00e7o leg\u00edtimo de escuta e di\u00e1logo, reconhecendo que a inseguran\u00e7a alimentar atinge um n\u00famero crescente de fam\u00edlias em Juazeiro. A coordenadora geral de Combate \u00e0 Fome e Seguran\u00e7a Alimentar do munic\u00edpio, Lorena Pesqueira, destaca a import\u00e2ncia da articula\u00e7\u00e3o intersetorial.<\/p>\n<p>&#8220;A fome \u00e9 um desafio urgente e complexo, e essa audi\u00eancia \u00e9 um passo importante para ouvir a popula\u00e7\u00e3o e aprimorar as a\u00e7\u00f5es do Programa Juazeiro Sem Fome com base nas demandas reais da cidade&#8221;, afirma.<\/p>\n<p>Lan\u00e7ado pela Prefeitura de Juazeiro, o Programa Juazeiro Sem Fome j\u00e1 vem implementando estrat\u00e9gias para combater a inseguran\u00e7a alimentar. A audi\u00eancia p\u00fablica surge como uma oportunidade de fortalecer essas a\u00e7\u00f5es por meio da escuta ativa e da constru\u00e7\u00e3o coletiva de solu\u00e7\u00f5es.<\/p>\n<p>&nbsp;<\/p>\n<p>Diana Silva \/ Ascom PMJ \/Foto: Gilson Santos \/ Ascom PMJ<\/p>\n","protected":false},"excerpt":{"rendered":"<p>A C\u00e2mara Municipal de Juazeiro realiza, nesta quinta-feira (29), \u00e0s 15h30, uma audi\u00eancia p\u00fablica com foco na seguran\u00e7a alimentar e nutricional no munic\u00edpio. A iniciativa \u00e9 da Coordena\u00e7\u00e3o Geral de Combate \u00e0 Fome e Seguran\u00e7a Alimentar, e tem como objetivo ampliar o debate p\u00fablico em torno do tema e fortalecer as a\u00e7\u00f5es do j\u00e1 lan\u00e7ado [&hellip;]<\/p>\n","protected":false},"author":1,"featured_media":76387,"comment_status":"open","ping_status":"open","sticky":false,"template":"","format":"standard","meta":{"_uag_custom_page_level_css":"","_monsterinsights_skip_tracking":false,"_monsterinsights_sitenote_active":false,"_monsterinsights_sitenote_note":"","_monsterinsights_sitenote_category":0,"jetpack_post_was_ever_published":false,"_jetpack_newsletter_access":"","_jetpack_dont_email_post_to_subs":false,"_jetpack_newsletter_tier_id":0,"_jetpack_memberships_contains_paywalled_content":false,"_jetpack_memberships_contains_paid_content":false,"footnotes":"","jetpack_publicize_message":"","jetpack_publicize_feature_enabled":true,"jetpack_social_post_already_shared":true,"jetpack_social_options":{"image_generator_settings":{"template":"highway","default_image_id":0,"font":"","enabled":false},"version":2}},"categories":[203],"tags":[],"class_list":["post-76386","post","type-post","status-publish","format-standard","has-post-thumbnail","hentry","category-juazeiro"],"jetpack_publicize_connections":[],"jetpack_featured_media_url":"https:\/\/blogopara.com.br\/wp-content\/uploads\/2025\/05\/audiencia-publica.jpeg","uagb_featured_image_src":{"full":["https:\/\/blogopara.com.br\/wp-content\/uploads\/2025\/05\/audiencia-publica.jpeg",455,442,false],"thumbnail":["https:\/\/blogopara.com.br\/wp-content\/uploads\/2025\/05\/audiencia-publica-150x150.jpeg",150,150,true],"medium":["https:\/\/blogopara.com.br\/wp-content\/uploads\/2025\/05\/audiencia-publica-300x291.jpeg",300,291,true],"medium_large":["https:\/\/blogopara.com.br\/wp-content\/uploads\/2025\/05\/audiencia-publica.jpeg",455,442,false],"large":["https:\/\/blogopara.com.br\/wp-content\/uploads\/2025\/05\/audiencia-publica.jpeg",455,442,false],"1536x1536":["https:\/\/blogopara.com.br\/wp-content\/uploads\/2025\/05\/audiencia-publica.jpeg",455,442,false],"2048x2048":["https:\/\/blogopara.com.br\/wp-content\/uploads\/2025\/05\/audiencia-publica.jpeg",455,442,false],"mantranews-slider-large":["https:\/\/blogopara.com.br\/wp-content\/uploads\/2025\/05\/audiencia-publica.jpeg",455,442,false],"mantranews-featured-medium":["https:\/\/blogopara.com.br\/wp-content\/uploads\/2025\/05\/audiencia-publica-420x307.jpeg",420,307,true],"mantranews-featured-long":["https:\/\/blogopara.com.br\/wp-content\/uploads\/2025\/05\/audiencia-publica-300x442.jpeg",300,442,true],"mantranews-block-medium":["https:\/\/blogopara.com.br\/wp-content\/uploads\/2025\/05\/audiencia-publica-455x290.jpeg",455,290,true],"mantranews-carousel-image":["https:\/\/blogopara.com.br\/wp-content\/uploads\/2025\/05\/audiencia-publica.jpeg",455,442,false],"mantranews-block-thumb":["https:\/\/blogopara.com.br\/wp-content\/uploads\/2025\/05\/audiencia-publica-322x230.jpeg",322,230,true],"mantranews-single-large":["https:\/\/blogopara.com.br\/wp-content\/uploads\/2025\/05\/audiencia-publica.jpeg",455,442,false]},"uagb_author_info":{"display_name":"Reda\u00e7\u00e3o geral","author_link":"https:\/\/blogopara.com.br\/index.php\/author\/blogopara"},"uagb_comment_info":0,"uagb_excerpt":"A C\u00e2mara Municipal de Juazeiro realiza, nesta quinta-feira (29), \u00e0s 15h30, uma audi\u00eancia p\u00fablica com foco na seguran\u00e7a alimentar e nutricional no munic\u00edpio. A iniciativa \u00e9 da Coordena\u00e7\u00e3o Geral de Combate \u00e0 Fome e Seguran\u00e7a Alimentar, e tem como objetivo ampliar o debate p\u00fablico em torno do tema e fortalecer as a\u00e7\u00f5es do j\u00e1 lan\u00e7ado&hellip;","jetpack_sharing_enabled":true,"jetpack_likes_enabled":true,"_links":{"self":[{"href":"https:\/\/blogopara.com.br\/index.php\/wp-json\/wp\/v2\/posts\/76386","targetHints":{"allow":["GET"]}}],"collection":[{"href":"https:\/\/blogopara.com.br\/index.php\/wp-json\/wp\/v2\/posts"}],"about":[{"href":"https:\/\/blogopara.com.br\/index.php\/wp-json\/wp\/v2\/types\/post"}],"author":[{"embeddable":true,"href":"https:\/\/blogopara.com.br\/index.php\/wp-json\/wp\/v2\/users\/1"}],"replies":[{"embeddable":true,"href":"https:\/\/blogopara.com.br\/index.php\/wp-json\/wp\/v2\/comments?post=76386"}],"version-history":[{"count":2,"href":"https:\/\/blogopara.com.br\/index.php\/wp-json\/wp\/v2\/posts\/76386\/revisions"}],"predecessor-version":[{"id":76389,"href":"https:\/\/blogopara.com.br\/index.php\/wp-json\/wp\/v2\/posts\/76386\/revisions\/76389"}],"wp:featuredmedia":[{"embeddable":true,"href":"https:\/\/blogopara.com.br\/index.php\/wp-json\/wp\/v2\/media\/76387"}],"wp:attachment":[{"href":"https:\/\/blogopara.com.br\/index.php\/wp-json\/wp\/v2\/media?parent=76386"}],"wp:term":[{"taxonomy":"category","embeddable":true,"href":"https:\/\/blogopara.com.br\/index.php\/wp-json\/wp\/v2\/categories?post=76386"},{"taxonomy":"post_tag","embeddable":true,"href":"https:\/\/blogopara.com.br\/index.php\/wp-json\/wp\/v2\/tags?post=76386"}],"curies":[{"name":"wp","href":"https:\/\/api.w.org\/{rel}","templated":true}]}}