{"id":76391,"date":"2025-05-28T17:42:17","date_gmt":"2025-05-28T20:42:17","guid":{"rendered":"https:\/\/blogopara.com.br\/?p=76391"},"modified":"2025-05-28T17:42:17","modified_gmt":"2025-05-28T20:42:17","slug":"caf-itinerante-prefeitura-de-sento-se-inova-e-leva-servico-de-cadastro-ate-a-tribo-indigena-atikum","status":"publish","type":"post","link":"https:\/\/blogopara.com.br\/index.php\/2025\/05\/28\/caf-itinerante-prefeitura-de-sento-se-inova-e-leva-servico-de-cadastro-ate-a-tribo-indigena-atikum","title":{"rendered":"CAF Itinerante: Prefeitura de Sento S\u00e9 inova e leva servi\u00e7o de cadastro at\u00e9 a tribo ind\u00edgena Atikum"},"content":{"rendered":"<p>A Prefeitura de Sento S\u00e9, por meio da Secretaria Municipal de Agricultura, Ind\u00fastria, Com\u00e9rcio e Piscicultura realizou nesta ter\u00e7a-feira (27) uma importante a\u00e7\u00e3o itinerante para a inclus\u00e3o produtiva da comunidade ind\u00edgena Atikum, localizada na zona rural do munic\u00edpio. A equipe t\u00e9cnica realizou o cadastro do CAF (Cadastro Nacional da Agricultura Familiar), garantindo aos agricultores ind\u00edgenas o acesso a pol\u00edticas p\u00fablicas como o Pronaf, PAA e PNAE.<\/p>\n<p>De acordo com o secret\u00e1rio municipal de Agricultura, Ind\u00fastria, Com\u00e9rcio e Piscicultura, Eron Schneider, est\u00e1 \u00e9 mais uma a\u00e7\u00e3o que demonstra o compromisso da gest\u00e3o com a inclus\u00e3o e o respeito \u00e0s comunidades tradicionais. \u201cLevar o servi\u00e7o de cadastramento no CAF at\u00e9 a tribo Atikum \u00e9 mais do que facilitar o acesso a benef\u00edcios. \u00c9 reconhecer o valor da agricultura ind\u00edgena e garantir dignidade, autonomia e desenvolvimento para essa comunidade.\u201d<\/p>\n<p>A cacique da tribo, Maria de F\u00e1tima, acompanhou toda a a\u00e7\u00e3o e agradeceu a presen\u00e7a da equipe da Prefeitura. \u201c\u00c9 muito importante sermos lembrados e inclu\u00eddos. Com esse cadastro, nossos agricultores poder\u00e3o acessar programas que fortalecem nossa produ\u00e7\u00e3o e garantem mais autonomia para a nossa aldeia.\u201d<\/p>\n<p>&#8211;<br \/>\nTexto: Gardennia Garibalde &#8211; Ascom PMSSE<\/p>\n","protected":false},"excerpt":{"rendered":"<p>A Prefeitura de Sento S\u00e9, por meio da Secretaria Municipal de Agricultura, Ind\u00fastria, Com\u00e9rcio e Piscicultura realizou nesta ter\u00e7a-feira (27) uma importante a\u00e7\u00e3o itinerante para a inclus\u00e3o produtiva da comunidade ind\u00edgena Atikum, localizada na zona rural do munic\u00edpio. A equipe t\u00e9cnica realizou o cadastro do CAF (Cadastro Nacional da Agricultura Familiar), garantindo aos agricultores ind\u00edgenas [&hellip;]<\/p>\n","protected":false},"author":1,"featured_media":76392,"comment_status":"open","ping_status":"open","sticky":false,"template":"","format":"standard","meta":{"_uag_custom_page_level_css":"","_monsterinsights_skip_tracking":false,"_monsterinsights_sitenote_active":false,"_monsterinsights_sitenote_note":"","_monsterinsights_sitenote_category":0,"jetpack_post_was_ever_published":false,"_jetpack_newsletter_access":"","_jetpack_dont_email_post_to_subs":false,"_jetpack_newsletter_tier_id":0,"_jetpack_memberships_contains_paywalled_content":false,"_jetpack_memberships_contains_paid_content":false,"footnotes":"","jetpack_publicize_message":"","jetpack_publicize_feature_enabled":true,"jetpack_social_post_already_shared":true,"jetpack_social_options":{"image_generator_settings":{"template":"highway","default_image_id":0,"font":"","enabled":false},"version":2}},"categories":[197],"tags":[],"class_list":["post-76391","post","type-post","status-publish","format-standard","has-post-thumbnail","hentry","category-politica"],"jetpack_publicize_connections":[],"jetpack_featured_media_url":"https:\/\/blogopara.com.br\/wp-content\/uploads\/2025\/05\/WhatsApp-Image-2025-05-28-at-09.07.54.jpeg","uagb_featured_image_src":{"full":["https:\/\/blogopara.com.br\/wp-content\/uploads\/2025\/05\/WhatsApp-Image-2025-05-28-at-09.07.54.jpeg",500,375,false],"thumbnail":["https:\/\/blogopara.com.br\/wp-content\/uploads\/2025\/05\/WhatsApp-Image-2025-05-28-at-09.07.54-150x150.jpeg",150,150,true],"medium":["https:\/\/blogopara.com.br\/wp-content\/uploads\/2025\/05\/WhatsApp-Image-2025-05-28-at-09.07.54-300x225.jpeg",300,225,true],"medium_large":["https:\/\/blogopara.com.br\/wp-content\/uploads\/2025\/05\/WhatsApp-Image-2025-05-28-at-09.07.54.jpeg",500,375,false],"large":["https:\/\/blogopara.com.br\/wp-content\/uploads\/2025\/05\/WhatsApp-Image-2025-05-28-at-09.07.54.jpeg",500,375,false],"1536x1536":["https:\/\/blogopara.com.br\/wp-content\/uploads\/2025\/05\/WhatsApp-Image-2025-05-28-at-09.07.54.jpeg",500,375,false],"2048x2048":["https:\/\/blogopara.com.br\/wp-content\/uploads\/2025\/05\/WhatsApp-Image-2025-05-28-at-09.07.54.jpeg",500,375,false],"mantranews-slider-large":["https:\/\/blogopara.com.br\/wp-content\/uploads\/2025\/05\/WhatsApp-Image-2025-05-28-at-09.07.54.jpeg",500,375,false],"mantranews-featured-medium":["https:\/\/blogopara.com.br\/wp-content\/uploads\/2025\/05\/WhatsApp-Image-2025-05-28-at-09.07.54-420x307.jpeg",420,307,true],"mantranews-featured-long":["https:\/\/blogopara.com.br\/wp-content\/uploads\/2025\/05\/WhatsApp-Image-2025-05-28-at-09.07.54-300x375.jpeg",300,375,true],"mantranews-block-medium":["https:\/\/blogopara.com.br\/wp-content\/uploads\/2025\/05\/WhatsApp-Image-2025-05-28-at-09.07.54-464x290.jpeg",464,290,true],"mantranews-carousel-image":["https:\/\/blogopara.com.br\/wp-content\/uploads\/2025\/05\/WhatsApp-Image-2025-05-28-at-09.07.54.jpeg",500,375,false],"mantranews-block-thumb":["https:\/\/blogopara.com.br\/wp-content\/uploads\/2025\/05\/WhatsApp-Image-2025-05-28-at-09.07.54-322x230.jpeg",322,230,true],"mantranews-single-large":["https:\/\/blogopara.com.br\/wp-content\/uploads\/2025\/05\/WhatsApp-Image-2025-05-28-at-09.07.54.jpeg",500,375,false]},"uagb_author_info":{"display_name":"Reda\u00e7\u00e3o geral","author_link":"https:\/\/blogopara.com.br\/index.php\/author\/blogopara"},"uagb_comment_info":0,"uagb_excerpt":"A Prefeitura de Sento S\u00e9, por meio da Secretaria Municipal de Agricultura, Ind\u00fastria, Com\u00e9rcio e Piscicultura realizou nesta ter\u00e7a-feira (27) uma importante a\u00e7\u00e3o itinerante para a inclus\u00e3o produtiva da comunidade ind\u00edgena Atikum, localizada na zona rural do munic\u00edpio. A equipe t\u00e9cnica realizou o cadastro do CAF (Cadastro Nacional da Agricultura Familiar), garantindo aos agricultores ind\u00edgenas&hellip;","jetpack_sharing_enabled":true,"jetpack_likes_enabled":true,"_links":{"self":[{"href":"https:\/\/blogopara.com.br\/index.php\/wp-json\/wp\/v2\/posts\/76391","targetHints":{"allow":["GET"]}}],"collection":[{"href":"https:\/\/blogopara.com.br\/index.php\/wp-json\/wp\/v2\/posts"}],"about":[{"href":"https:\/\/blogopara.com.br\/index.php\/wp-json\/wp\/v2\/types\/post"}],"author":[{"embeddable":true,"href":"https:\/\/blogopara.com.br\/index.php\/wp-json\/wp\/v2\/users\/1"}],"replies":[{"embeddable":true,"href":"https:\/\/blogopara.com.br\/index.php\/wp-json\/wp\/v2\/comments?post=76391"}],"version-history":[{"count":2,"href":"https:\/\/blogopara.com.br\/index.php\/wp-json\/wp\/v2\/posts\/76391\/revisions"}],"predecessor-version":[{"id":76394,"href":"https:\/\/blogopara.com.br\/index.php\/wp-json\/wp\/v2\/posts\/76391\/revisions\/76394"}],"wp:featuredmedia":[{"embeddable":true,"href":"https:\/\/blogopara.com.br\/index.php\/wp-json\/wp\/v2\/media\/76392"}],"wp:attachment":[{"href":"https:\/\/blogopara.com.br\/index.php\/wp-json\/wp\/v2\/media?parent=76391"}],"wp:term":[{"taxonomy":"category","embeddable":true,"href":"https:\/\/blogopara.com.br\/index.php\/wp-json\/wp\/v2\/categories?post=76391"},{"taxonomy":"post_tag","embeddable":true,"href":"https:\/\/blogopara.com.br\/index.php\/wp-json\/wp\/v2\/tags?post=76391"}],"curies":[{"name":"wp","href":"https:\/\/api.w.org\/{rel}","templated":true}]}}