{"id":76395,"date":"2025-05-28T17:45:32","date_gmt":"2025-05-28T20:45:32","guid":{"rendered":"https:\/\/blogopara.com.br\/?p=76395"},"modified":"2025-05-28T17:45:32","modified_gmt":"2025-05-28T20:45:32","slug":"140-anos-desfile-celebra-orgulho-de-ser-bonfinense-na-programacao-de-aniversario-da-cidade","status":"publish","type":"post","link":"https:\/\/blogopara.com.br\/index.php\/2025\/05\/28\/140-anos-desfile-celebra-orgulho-de-ser-bonfinense-na-programacao-de-aniversario-da-cidade","title":{"rendered":"140 anos: Desfile celebra orgulho de ser bonfinense na programa\u00e7\u00e3o de anivers\u00e1rio da cidade\u00a0"},"content":{"rendered":"<div class=\"x_gmail-OutlineElement x_gmail-Ltr x_gmail-SCXW69415672 x_gmail-BCX0\">\n<p class=\"x_gmail-Paragraph x_gmail-SCXW69415672 x_gmail-BCX0\" lang=\"PT-BR\"><span class=\"x_gmail-TextRun x_gmail-SCXW69415672 x_gmail-BCX0\" lang=\"PT-BR\" style=\"font-size: 1rem;\"><span class=\"x_gmail-NormalTextRun x_gmail-SCXW69415672 x_gmail-BCX0\">Senhor do Bonfim amanheceu em festa nesta quarta-feira (28) para celebrar seus 140 anos. A comemora\u00e7\u00e3o teve in\u00edcio com o tradicional desfile c\u00edvico na Pra\u00e7a Nova do Congresso, reunindo escolas, bandas marciais, servidores p\u00fablicos, institui\u00e7\u00f5es locais e a comunidade bonfinense em um grande momento de orgulho e identidade.<\/span><\/span> <span class=\"x_gmail-TextRun x_gmail-SCXW69415672 x_gmail-BCX0\" lang=\"PT-BR\" style=\"font-size: 1rem;\"><span class=\"x_gmail-NormalTextRun x_gmail-SCXW69415672 x_gmail-BCX0\">\u00a0<\/span><\/span><span class=\"x_gmail-EOP x_gmail-SCXW69415672 x_gmail-BCX0\" style=\"font-size: 1rem;\">\u00a0<\/span><\/p>\n<\/div>\n<div class=\"x_gmail-OutlineElement x_gmail-Ltr x_gmail-SCXW69415672 x_gmail-BCX0\">\n<p class=\"x_gmail-Paragraph x_gmail-SCXW69415672 x_gmail-BCX0\" lang=\"PT-BR\"><span class=\"x_gmail-TextRun x_gmail-SCXW69415672 x_gmail-BCX0\" lang=\"PT-BR\"><span class=\"x_gmail-NormalTextRun x_gmail-SCXW69415672 x_gmail-BCX0\">A abertura contou com o hasteamento das bandeiras e execu\u00e7\u00e3o dos hinos, refor\u00e7ando o sentimento de pertencimento \u00e0 cidade que \u00e9 refer\u00eancia em cultura, hist\u00f3ria e acolhimento. O p\u00fablico tamb\u00e9m foi surpreendido com um bolo comemorativo preparado pelo confeiteiro bonfinense Beto Jambeiro, encerrando o momento com um\u00a0<\/span><span class=\"x_gmail-NormalTextRun x_gmail-ContextualSpellingAndGrammarErrorV2Themed x_gmail-SCXW69415672 x_gmail-BCX0\">emocionante parab\u00e9ns<\/span><span class=\"x_gmail-NormalTextRun x_gmail-SCXW69415672 x_gmail-BCX0\">\u00a0coletivo.<\/span><\/span> <span class=\"x_gmail-TextRun x_gmail-SCXW69415672 x_gmail-BCX0\" lang=\"PT-BR\" style=\"font-size: 1rem;\"><span class=\"x_gmail-NormalTextRun x_gmail-SCXW69415672 x_gmail-BCX0\">\u00a0<\/span><\/span><span class=\"x_gmail-EOP x_gmail-SCXW69415672 x_gmail-BCX0\" style=\"font-size: 1rem;\">\u00a0<\/span><\/p>\n<\/div>\n<div class=\"x_gmail-OutlineElement x_gmail-Ltr x_gmail-SCXW69415672 x_gmail-BCX0\">\n<p class=\"x_gmail-Paragraph x_gmail-SCXW69415672 x_gmail-BCX0\" lang=\"PT-BR\"><span class=\"x_gmail-TextRun x_gmail-SCXW69415672 x_gmail-BCX0\" lang=\"PT-BR\"><span class=\"x_gmail-NormalTextRun x_gmail-SCXW69415672 x_gmail-BCX0\">O prefeito La\u00e9rcio J\u00fanior celebrou a data destacando a for\u00e7a do povo bonfinense. \u201cS\u00e3o 140 anos de uma hist\u00f3ria constru\u00edda com muito trabalho, coragem e amor por essa terra. Hoje \u00e9 dia de agradecer, comemorar e reafirmar nosso compromisso com o futuro que queremos: uma cidade cada vez mais forte e acolhedora para todos\u201d, disse o prefeito.\u00a0<\/span><\/span> <span class=\"x_gmail-TextRun x_gmail-SCXW69415672 x_gmail-BCX0\" lang=\"PT-BR\" style=\"font-size: 1rem;\"><span class=\"x_gmail-NormalTextRun x_gmail-SCXW69415672 x_gmail-BCX0\">\u00a0<\/span><\/span><span class=\"x_gmail-EOP x_gmail-SCXW69415672 x_gmail-BCX0\" style=\"font-size: 1rem;\">\u00a0<\/span><\/p>\n<\/div>\n<div class=\"x_gmail-OutlineElement x_gmail-Ltr x_gmail-SCXW69415672 x_gmail-BCX0\">\n<p class=\"x_gmail-Paragraph x_gmail-SCXW69415672 x_gmail-BCX0\" lang=\"PT-BR\"><span class=\"x_gmail-TextRun x_gmail-SCXW69415672 x_gmail-BCX0\" lang=\"PT-BR\"><span class=\"x_gmail-NormalTextRun x_gmail-SCXW69415672 x_gmail-BCX0\">Moradora do munic\u00edpio, Gabriela Silva destacou\u00a0<\/span><span class=\"x_gmail-NormalTextRun x_gmail-ContextualSpellingAndGrammarErrorV2Themed x_gmail-SCXW69415672 x_gmail-BCX0\">os avan\u00e7os que vem<\/span><span class=\"x_gmail-NormalTextRun x_gmail-SCXW69415672 x_gmail-BCX0\">\u00a0sendo conquistados nos \u00faltimos anos. \u201cBonfim tem se transformado. A gente percebe melhorias na sa\u00fade, nas escolas, nas ruas. Isso \u00e9 resultado de uma gest\u00e3o que tem olhado pelo povo.\u201d J\u00e1 o aposentado Jos\u00e9 Augusto expressou sua alegria com as celebra\u00e7\u00f5es. \u201cEu j\u00e1 vi muitos anivers\u00e1rios dessa cidade, mas hoje est\u00e1 especial. O desfile foi bonito, o bolo estava uma del\u00edcia e \u00e9 bom ver tanta gente feliz comemorando o lugar onde vive\u201d, disse.\u00a0<\/span><\/span> <span class=\"x_gmail-TextRun x_gmail-SCXW69415672 x_gmail-BCX0\" lang=\"PT-BR\" style=\"font-size: 1rem;\"><span class=\"x_gmail-NormalTextRun x_gmail-SCXW69415672 x_gmail-BCX0\">\u00a0<\/span><\/span><span class=\"x_gmail-EOP x_gmail-SCXW69415672 x_gmail-BCX0\" style=\"font-size: 1rem;\">\u00a0<\/span><\/p>\n<\/div>\n<div class=\"x_gmail-OutlineElement x_gmail-Ltr x_gmail-SCXW69415672 x_gmail-BCX0\">\n<p class=\"x_gmail-Paragraph x_gmail-SCXW69415672 x_gmail-BCX0\" lang=\"PT-BR\"><span class=\"x_gmail-TextRun x_gmail-SCXW69415672 x_gmail-BCX0\" lang=\"PT-BR\"><span class=\"x_gmail-NormalTextRun x_gmail-SCXW69415672 x_gmail-BCX0\">A festa continua<\/span><\/span><span class=\"x_gmail-EOP x_gmail-SCXW69415672 x_gmail-BCX0\">\u00a0<\/span><\/p>\n<\/div>\n<div class=\"x_gmail-OutlineElement x_gmail-Ltr x_gmail-SCXW69415672 x_gmail-BCX0\">\n<p class=\"x_gmail-Paragraph x_gmail-SCXW69415672 x_gmail-BCX0\" lang=\"PT-BR\"><span class=\"x_gmail-TextRun x_gmail-SCXW69415672 x_gmail-BCX0\" lang=\"PT-BR\"><span class=\"x_gmail-NormalTextRun x_gmail-SCXW69415672 x_gmail-BCX0\">\u00a0<\/span><\/span> <span class=\"x_gmail-TextRun x_gmail-SCXW69415672 x_gmail-BCX0\" lang=\"PT-BR\" style=\"font-size: 1rem;\"><span class=\"x_gmail-NormalTextRun x_gmail-SCXW69415672 x_gmail-BCX0\">A programa\u00e7\u00e3o segue \u00e0 tarde com festa em trio el\u00e9trico saindo do Monumento da Sanfona, com uma sequ\u00eancia de shows:\u00a0\u00a0<\/span><\/span><span class=\"x_gmail-EOP x_gmail-SCXW69415672 x_gmail-BCX0\" style=\"font-size: 1rem;\">\u00a0<\/span><\/p>\n<\/div>\n<div class=\"x_gmail-OutlineElement x_gmail-Ltr x_gmail-SCXW69415672 x_gmail-BCX0\">\n<p class=\"x_gmail-Paragraph x_gmail-SCXW69415672 x_gmail-BCX0\" lang=\"PT-BR\"><span class=\"x_gmail-TextRun x_gmail-SCXW69415672 x_gmail-BCX0\" lang=\"PT-BR\"><span class=\"x_gmail-NormalTextRun x_gmail-SCXW69415672 x_gmail-BCX0\">\u00a0<\/span><\/span><span class=\"x_gmail-EOP x_gmail-SCXW69415672 x_gmail-BCX0\">\u00a0<\/span><\/p>\n<\/div>\n<div class=\"x_gmail-OutlineElement x_gmail-Ltr x_gmail-SCXW69415672 x_gmail-BCX0\">\n<p class=\"x_gmail-Paragraph x_gmail-SCXW69415672 x_gmail-BCX0\" lang=\"PT-BR\"><span class=\"x_gmail-TextRun x_gmail-SCXW69415672 x_gmail-BCX0\" lang=\"PT-BR\"><span class=\"x_gmail-NormalTextRun x_gmail-SCXW69415672 x_gmail-BCX0\">\u2013 16h \u2013 Forr\u00f3\u00a0<\/span><span class=\"x_gmail-NormalTextRun x_gmail-SpellingErrorV2Themed x_gmail-SCXW69415672 x_gmail-BCX0\">Xique<\/span><span class=\"x_gmail-NormalTextRun x_gmail-SCXW69415672 x_gmail-BCX0\">\u00a0<\/span><\/span><span class=\"x_gmail-EOP x_gmail-SCXW69415672 x_gmail-BCX0\">\u00a0<\/span><\/p>\n<\/div>\n<div class=\"x_gmail-OutlineElement x_gmail-Ltr x_gmail-SCXW69415672 x_gmail-BCX0\">\n<p class=\"x_gmail-Paragraph x_gmail-SCXW69415672 x_gmail-BCX0\" lang=\"PT-BR\"><span class=\"x_gmail-TextRun x_gmail-SCXW69415672 x_gmail-BCX0\" lang=\"PT-BR\"><span class=\"x_gmail-NormalTextRun x_gmail-SCXW69415672 x_gmail-BCX0\">\u2013 17h \u2013 Eraldo do\u00a0<\/span><span class=\"x_gmail-NormalTextRun x_gmail-SpellingErrorV2Themed x_gmail-SCXW69415672 x_gmail-BCX0\">Acordeon<\/span><span class=\"x_gmail-NormalTextRun x_gmail-SCXW69415672 x_gmail-BCX0\">\u00a0<\/span><\/span><span class=\"x_gmail-EOP x_gmail-SCXW69415672 x_gmail-BCX0\">\u00a0<\/span><\/p>\n<\/div>\n<div class=\"x_gmail-OutlineElement x_gmail-Ltr x_gmail-SCXW69415672 x_gmail-BCX0\">\n<p class=\"x_gmail-Paragraph x_gmail-SCXW69415672 x_gmail-BCX0\" lang=\"PT-BR\"><span class=\"x_gmail-TextRun x_gmail-SCXW69415672 x_gmail-BCX0\" lang=\"PT-BR\"><span class=\"x_gmail-NormalTextRun x_gmail-SCXW69415672 x_gmail-BCX0\">\u2013 18h \u2013 Alcymar Monteiro, que sair\u00e1 em trio el\u00e9trico do Monumento da Sanfona em dire\u00e7\u00e3o \u00e0 Pra\u00e7a Nova do Congresso, levando alegria, forr\u00f3 e muito orgulho nordestino.\u00a0<\/span><\/span><span class=\"x_gmail-EOP x_gmail-SCXW69415672 x_gmail-BCX0\">\u00a0<\/span><\/p>\n<\/div>\n<div class=\"x_gmail-OutlineElement x_gmail-Ltr x_gmail-SCXW69415672 x_gmail-BCX0\">\n<p class=\"x_gmail-Paragraph x_gmail-SCXW69415672 x_gmail-BCX0\" lang=\"PT-BR\"><span class=\"x_gmail-TextRun x_gmail-SCXW69415672 x_gmail-BCX0\" lang=\"PT-BR\"><span class=\"x_gmail-NormalTextRun x_gmail-SCXW69415672 x_gmail-BCX0\">\u00a0<\/span><\/span><span class=\"x_gmail-EOP x_gmail-SCXW69415672 x_gmail-BCX0\">\u00a0<\/span><\/p>\n<\/div>\n<div class=\"x_gmail-OutlineElement x_gmail-Ltr x_gmail-SCXW69415672 x_gmail-BCX0\">\n<p class=\"x_gmail-Paragraph x_gmail-SCXW69415672 x_gmail-BCX0\" lang=\"PT-BR\"><span class=\"x_gmail-TextRun x_gmail-SCXW69415672 x_gmail-BCX0\" lang=\"PT-BR\"><span class=\"x_gmail-NormalTextRun x_gmail-SCXW69415672 x_gmail-BCX0\">Texto: Ascom PMSB<\/span><\/span><span class=\"x_gmail-EOP x_gmail-SCXW69415672 x_gmail-BCX0\">\u00a0<\/span><\/p>\n<\/div>\n","protected":false},"excerpt":{"rendered":"<p>Senhor do Bonfim amanheceu em festa nesta quarta-feira (28) para celebrar seus 140 anos. A comemora\u00e7\u00e3o teve in\u00edcio com o tradicional desfile c\u00edvico na Pra\u00e7a Nova do Congresso, reunindo escolas, bandas marciais, servidores p\u00fablicos, institui\u00e7\u00f5es locais e a comunidade bonfinense em um grande momento de orgulho e identidade. \u00a0\u00a0 A abertura contou com o hasteamento [&hellip;]<\/p>\n","protected":false},"author":1,"featured_media":76396,"comment_status":"open","ping_status":"open","sticky":false,"template":"","format":"standard","meta":{"_uag_custom_page_level_css":"","_monsterinsights_skip_tracking":false,"_monsterinsights_sitenote_active":false,"_monsterinsights_sitenote_note":"","_monsterinsights_sitenote_category":0,"jetpack_post_was_ever_published":false,"_jetpack_newsletter_access":"","_jetpack_dont_email_post_to_subs":false,"_jetpack_newsletter_tier_id":0,"_jetpack_memberships_contains_paywalled_content":false,"_jetpack_memberships_contains_paid_content":false,"footnotes":"","jetpack_publicize_message":"","jetpack_publicize_feature_enabled":true,"jetpack_social_post_already_shared":true,"jetpack_social_options":{"image_generator_settings":{"template":"highway","default_image_id":0,"font":"","enabled":false},"version":2}},"categories":[199],"tags":[],"class_list":["post-76395","post","type-post","status-publish","format-standard","has-post-thumbnail","hentry","category-bahia"],"jetpack_publicize_connections":[],"jetpack_featured_media_url":"https:\/\/blogopara.com.br\/wp-content\/uploads\/2025\/05\/WhatsApp-Image-2025-05-28-at-13.32.33.jpeg","uagb_featured_image_src":{"full":["https:\/\/blogopara.com.br\/wp-content\/uploads\/2025\/05\/WhatsApp-Image-2025-05-28-at-13.32.33.jpeg",500,333,false],"thumbnail":["https:\/\/blogopara.com.br\/wp-content\/uploads\/2025\/05\/WhatsApp-Image-2025-05-28-at-13.32.33-150x150.jpeg",150,150,true],"medium":["https:\/\/blogopara.com.br\/wp-content\/uploads\/2025\/05\/WhatsApp-Image-2025-05-28-at-13.32.33-300x200.jpeg",300,200,true],"medium_large":["https:\/\/blogopara.com.br\/wp-content\/uploads\/2025\/05\/WhatsApp-Image-2025-05-28-at-13.32.33.jpeg",500,333,false],"large":["https:\/\/blogopara.com.br\/wp-content\/uploads\/2025\/05\/WhatsApp-Image-2025-05-28-at-13.32.33.jpeg",500,333,false],"1536x1536":["https:\/\/blogopara.com.br\/wp-content\/uploads\/2025\/05\/WhatsApp-Image-2025-05-28-at-13.32.33.jpeg",500,333,false],"2048x2048":["https:\/\/blogopara.com.br\/wp-content\/uploads\/2025\/05\/WhatsApp-Image-2025-05-28-at-13.32.33.jpeg",500,333,false],"mantranews-slider-large":["https:\/\/blogopara.com.br\/wp-content\/uploads\/2025\/05\/WhatsApp-Image-2025-05-28-at-13.32.33.jpeg",500,333,false],"mantranews-featured-medium":["https:\/\/blogopara.com.br\/wp-content\/uploads\/2025\/05\/WhatsApp-Image-2025-05-28-at-13.32.33-420x307.jpeg",420,307,true],"mantranews-featured-long":["https:\/\/blogopara.com.br\/wp-content\/uploads\/2025\/05\/WhatsApp-Image-2025-05-28-at-13.32.33-300x333.jpeg",300,333,true],"mantranews-block-medium":["https:\/\/blogopara.com.br\/wp-content\/uploads\/2025\/05\/WhatsApp-Image-2025-05-28-at-13.32.33-464x290.jpeg",464,290,true],"mantranews-carousel-image":["https:\/\/blogopara.com.br\/wp-content\/uploads\/2025\/05\/WhatsApp-Image-2025-05-28-at-13.32.33.jpeg",500,333,false],"mantranews-block-thumb":["https:\/\/blogopara.com.br\/wp-content\/uploads\/2025\/05\/WhatsApp-Image-2025-05-28-at-13.32.33-322x230.jpeg",322,230,true],"mantranews-single-large":["https:\/\/blogopara.com.br\/wp-content\/uploads\/2025\/05\/WhatsApp-Image-2025-05-28-at-13.32.33.jpeg",500,333,false]},"uagb_author_info":{"display_name":"Reda\u00e7\u00e3o geral","author_link":"https:\/\/blogopara.com.br\/index.php\/author\/blogopara"},"uagb_comment_info":0,"uagb_excerpt":"Senhor do Bonfim amanheceu em festa nesta quarta-feira (28) para celebrar seus 140 anos. A comemora\u00e7\u00e3o teve in\u00edcio com o tradicional desfile c\u00edvico na Pra\u00e7a Nova do Congresso, reunindo escolas, bandas marciais, servidores p\u00fablicos, institui\u00e7\u00f5es locais e a comunidade bonfinense em um grande momento de orgulho e identidade. \u00a0\u00a0 A abertura contou com o hasteamento&hellip;","jetpack_sharing_enabled":true,"jetpack_likes_enabled":true,"_links":{"self":[{"href":"https:\/\/blogopara.com.br\/index.php\/wp-json\/wp\/v2\/posts\/76395","targetHints":{"allow":["GET"]}}],"collection":[{"href":"https:\/\/blogopara.com.br\/index.php\/wp-json\/wp\/v2\/posts"}],"about":[{"href":"https:\/\/blogopara.com.br\/index.php\/wp-json\/wp\/v2\/types\/post"}],"author":[{"embeddable":true,"href":"https:\/\/blogopara.com.br\/index.php\/wp-json\/wp\/v2\/users\/1"}],"replies":[{"embeddable":true,"href":"https:\/\/blogopara.com.br\/index.php\/wp-json\/wp\/v2\/comments?post=76395"}],"version-history":[{"count":1,"href":"https:\/\/blogopara.com.br\/index.php\/wp-json\/wp\/v2\/posts\/76395\/revisions"}],"predecessor-version":[{"id":76397,"href":"https:\/\/blogopara.com.br\/index.php\/wp-json\/wp\/v2\/posts\/76395\/revisions\/76397"}],"wp:featuredmedia":[{"embeddable":true,"href":"https:\/\/blogopara.com.br\/index.php\/wp-json\/wp\/v2\/media\/76396"}],"wp:attachment":[{"href":"https:\/\/blogopara.com.br\/index.php\/wp-json\/wp\/v2\/media?parent=76395"}],"wp:term":[{"taxonomy":"category","embeddable":true,"href":"https:\/\/blogopara.com.br\/index.php\/wp-json\/wp\/v2\/categories?post=76395"},{"taxonomy":"post_tag","embeddable":true,"href":"https:\/\/blogopara.com.br\/index.php\/wp-json\/wp\/v2\/tags?post=76395"}],"curies":[{"name":"wp","href":"https:\/\/api.w.org\/{rel}","templated":true}]}}