{"id":76413,"date":"2025-05-28T18:05:04","date_gmt":"2025-05-28T21:05:04","guid":{"rendered":"https:\/\/blogopara.com.br\/?p=76413"},"modified":"2025-05-28T18:05:04","modified_gmt":"2025-05-28T21:05:04","slug":"puxada-junina-anima-as-ruas-de-bonfim-e-esquenta-o-clima-do-sao-joao-minha-paixao","status":"publish","type":"post","link":"https:\/\/blogopara.com.br\/index.php\/2025\/05\/28\/puxada-junina-anima-as-ruas-de-bonfim-e-esquenta-o-clima-do-sao-joao-minha-paixao","title":{"rendered":"Puxada Junina anima as ruas de Bonfim e esquenta o clima do S\u00e3o Jo\u00e3o Minha Paix\u00e3o"},"content":{"rendered":"<p class=\"x_MsoNormal\">A Prefeitura de Senhor do Bonfim segue com a programa\u00e7\u00e3o dos 30 Dias de Forr\u00f3 do S\u00e3o Jo\u00e3o Minha Paix\u00e3o 2025, levando alegria e tradi\u00e7\u00e3o por toda a cidade. Nesta ter\u00e7a-feira (27), mais uma Puxada Junina agitou as principais ruas com um mini trio e muito forr\u00f3 raiz, comandado por Amanda Barbosa.<\/p>\n<p class=\"x_MsoNormal\">A secret\u00e1ria municipal de Cultura, Jaqueline Passos, destacou o foco da programa\u00e7\u00e3o. \u201cEstamos fazendo um S\u00e3o Jo\u00e3o para todos os gostos e idades. Durante esses mais de 30 dias de forr\u00f3 vamos ocupar cada canto da cidade com festival de m\u00fasica, puxada junina, alvorada, forr\u00f3 nos bairros, concurso de quadrilha, rua mais enfeitada, Santo Ant\u00f4nio no interior e, claro, a grande festa entre os dias 19 e 24, na Pra\u00e7a Nova do Congresso e no Parque de Eventos. Estamos fazendo valer o t\u00edtulo de que Senhor do Bonfim \u00e9 a Capital Baiana do Forr\u00f3\u201d afirmou.<\/p>\n<p class=\"x_MsoNormal\">As Puxadas Juninas acontecem em dias pr\u00e9-estabelecidos sempre das 16h \u00e0s 19h, com atra\u00e7\u00f5es locais.<\/p>\n<p class=\"x_MsoNormal\">Texto: Ascom PMSB<\/p>\n","protected":false},"excerpt":{"rendered":"<p>A Prefeitura de Senhor do Bonfim segue com a programa\u00e7\u00e3o dos 30 Dias de Forr\u00f3 do S\u00e3o Jo\u00e3o Minha Paix\u00e3o 2025, levando alegria e tradi\u00e7\u00e3o por toda a cidade. Nesta ter\u00e7a-feira (27), mais uma Puxada Junina agitou as principais ruas com um mini trio e muito forr\u00f3 raiz, comandado por Amanda Barbosa. A secret\u00e1ria municipal [&hellip;]<\/p>\n","protected":false},"author":1,"featured_media":76414,"comment_status":"open","ping_status":"open","sticky":false,"template":"","format":"standard","meta":{"_uag_custom_page_level_css":"","_monsterinsights_skip_tracking":false,"_monsterinsights_sitenote_active":false,"_monsterinsights_sitenote_note":"","_monsterinsights_sitenote_category":0,"jetpack_post_was_ever_published":false,"_jetpack_newsletter_access":"","_jetpack_dont_email_post_to_subs":false,"_jetpack_newsletter_tier_id":0,"_jetpack_memberships_contains_paywalled_content":false,"_jetpack_memberships_contains_paid_content":false,"footnotes":"","jetpack_publicize_message":"","jetpack_publicize_feature_enabled":true,"jetpack_social_post_already_shared":true,"jetpack_social_options":{"image_generator_settings":{"template":"highway","default_image_id":0,"font":"","enabled":false},"version":2}},"categories":[199],"tags":[],"class_list":["post-76413","post","type-post","status-publish","format-standard","has-post-thumbnail","hentry","category-bahia"],"jetpack_publicize_connections":[],"jetpack_featured_media_url":"https:\/\/blogopara.com.br\/wp-content\/uploads\/2025\/05\/thumbnail_IMG_8929.jpg","uagb_featured_image_src":{"full":["https:\/\/blogopara.com.br\/wp-content\/uploads\/2025\/05\/thumbnail_IMG_8929.jpg",500,375,false],"thumbnail":["https:\/\/blogopara.com.br\/wp-content\/uploads\/2025\/05\/thumbnail_IMG_8929-150x150.jpg",150,150,true],"medium":["https:\/\/blogopara.com.br\/wp-content\/uploads\/2025\/05\/thumbnail_IMG_8929-300x225.jpg",300,225,true],"medium_large":["https:\/\/blogopara.com.br\/wp-content\/uploads\/2025\/05\/thumbnail_IMG_8929.jpg",500,375,false],"large":["https:\/\/blogopara.com.br\/wp-content\/uploads\/2025\/05\/thumbnail_IMG_8929.jpg",500,375,false],"1536x1536":["https:\/\/blogopara.com.br\/wp-content\/uploads\/2025\/05\/thumbnail_IMG_8929.jpg",500,375,false],"2048x2048":["https:\/\/blogopara.com.br\/wp-content\/uploads\/2025\/05\/thumbnail_IMG_8929.jpg",500,375,false],"mantranews-slider-large":["https:\/\/blogopara.com.br\/wp-content\/uploads\/2025\/05\/thumbnail_IMG_8929.jpg",500,375,false],"mantranews-featured-medium":["https:\/\/blogopara.com.br\/wp-content\/uploads\/2025\/05\/thumbnail_IMG_8929-420x307.jpg",420,307,true],"mantranews-featured-long":["https:\/\/blogopara.com.br\/wp-content\/uploads\/2025\/05\/thumbnail_IMG_8929-300x375.jpg",300,375,true],"mantranews-block-medium":["https:\/\/blogopara.com.br\/wp-content\/uploads\/2025\/05\/thumbnail_IMG_8929-464x290.jpg",464,290,true],"mantranews-carousel-image":["https:\/\/blogopara.com.br\/wp-content\/uploads\/2025\/05\/thumbnail_IMG_8929.jpg",500,375,false],"mantranews-block-thumb":["https:\/\/blogopara.com.br\/wp-content\/uploads\/2025\/05\/thumbnail_IMG_8929-322x230.jpg",322,230,true],"mantranews-single-large":["https:\/\/blogopara.com.br\/wp-content\/uploads\/2025\/05\/thumbnail_IMG_8929.jpg",500,375,false]},"uagb_author_info":{"display_name":"Reda\u00e7\u00e3o geral","author_link":"https:\/\/blogopara.com.br\/index.php\/author\/blogopara"},"uagb_comment_info":0,"uagb_excerpt":"A Prefeitura de Senhor do Bonfim segue com a programa\u00e7\u00e3o dos 30 Dias de Forr\u00f3 do S\u00e3o Jo\u00e3o Minha Paix\u00e3o 2025, levando alegria e tradi\u00e7\u00e3o por toda a cidade. Nesta ter\u00e7a-feira (27), mais uma Puxada Junina agitou as principais ruas com um mini trio e muito forr\u00f3 raiz, comandado por Amanda Barbosa. A secret\u00e1ria municipal&hellip;","jetpack_sharing_enabled":true,"jetpack_likes_enabled":true,"_links":{"self":[{"href":"https:\/\/blogopara.com.br\/index.php\/wp-json\/wp\/v2\/posts\/76413","targetHints":{"allow":["GET"]}}],"collection":[{"href":"https:\/\/blogopara.com.br\/index.php\/wp-json\/wp\/v2\/posts"}],"about":[{"href":"https:\/\/blogopara.com.br\/index.php\/wp-json\/wp\/v2\/types\/post"}],"author":[{"embeddable":true,"href":"https:\/\/blogopara.com.br\/index.php\/wp-json\/wp\/v2\/users\/1"}],"replies":[{"embeddable":true,"href":"https:\/\/blogopara.com.br\/index.php\/wp-json\/wp\/v2\/comments?post=76413"}],"version-history":[{"count":1,"href":"https:\/\/blogopara.com.br\/index.php\/wp-json\/wp\/v2\/posts\/76413\/revisions"}],"predecessor-version":[{"id":76415,"href":"https:\/\/blogopara.com.br\/index.php\/wp-json\/wp\/v2\/posts\/76413\/revisions\/76415"}],"wp:featuredmedia":[{"embeddable":true,"href":"https:\/\/blogopara.com.br\/index.php\/wp-json\/wp\/v2\/media\/76414"}],"wp:attachment":[{"href":"https:\/\/blogopara.com.br\/index.php\/wp-json\/wp\/v2\/media?parent=76413"}],"wp:term":[{"taxonomy":"category","embeddable":true,"href":"https:\/\/blogopara.com.br\/index.php\/wp-json\/wp\/v2\/categories?post=76413"},{"taxonomy":"post_tag","embeddable":true,"href":"https:\/\/blogopara.com.br\/index.php\/wp-json\/wp\/v2\/tags?post=76413"}],"curies":[{"name":"wp","href":"https:\/\/api.w.org\/{rel}","templated":true}]}}