{"id":7644,"date":"2020-02-28T08:38:10","date_gmt":"2020-02-28T11:38:10","guid":{"rendered":"http:\/\/blogopara.com.br\/?p=7644"},"modified":"2020-02-28T08:38:16","modified_gmt":"2020-02-28T11:38:16","slug":"juazeiro-o-alerta-e-vermelho-sobre-o-coronavirus-afirma-o-vereador-e-medico-allan-jones","status":"publish","type":"post","link":"https:\/\/blogopara.com.br\/index.php\/2020\/02\/28\/juazeiro-o-alerta-e-vermelho-sobre-o-coronavirus-afirma-o-vereador-e-medico-allan-jones","title":{"rendered":"Juazeiro: O \u2018alerta \u00e9 vermelho\u2019  sobre o coronav\u00edrus, afirma o Vereador e m\u00e9dico Allan Jones"},"content":{"rendered":"<p style=\"text-align: justify;\">A cidade de Juazeiro nunca chegou a ter tantas reclama\u00e7\u00f5es referente aos atendimentos relacionados \u00e0 sa\u00fade nos hospitais, UPA e postos de sa\u00fade espalhados pelo munic\u00edpio. Ao longos dos \u00faltimos dois anos foram denuncias graves que se espalharam nas redes sociais, jornais, blogs, portais, emissoras de r\u00e1dios, televis\u00e3o, etc.<\/p>\n<p style=\"text-align: justify;\">Na C\u00e2mara Municipal, o m\u00e9dico e vereador Allan Jones (PTC) ocupou por in\u00fameras vezes a tribuna para denunciar e alertar\u00a0 a sociedade sobre os graves problemas que estavam acontecendo. Por outro lado, vereadores ligados \u00e0 base do governo foram a imprensa rebater as denuncias, alegando que a situa\u00e7\u00e3o estava normal, n\u00e3o existia problemas, que a sa\u00fade do munic\u00edpio estava bem.<\/p>\n<p style=\"text-align: justify;\">No dia 8 de novembro de 2019, o vereador usou o espa\u00e7o da tribuna da Casa Apr\u00edgio Duarte para alertar sobre mais problemas, e ainda condenou o redimensionamento realizado pela administra\u00e7\u00e3o municipal de profissionais. \u201cEu n\u00e3o concordo porque esses procedimentos partiram com modifica\u00e7\u00f5es na pr\u00f3pria UPA do munic\u00edpio devido a redu\u00e7\u00e3o do corpo cl\u00ednico e por meio da transfer\u00eancias do servi\u00e7o de pediatria de urg\u00eancia e emerg\u00eancia para a mesma casa, junto o servi\u00e7o de psiquiatria. Estas medidas que foram tomadas n\u00e3o ir\u00e3o melhorar a sa\u00fade de nosso munic\u00edpio\u201d.<\/p>\n<p style=\"text-align: justify;\">Hoje, Allan\u00a0 se mostra mais preocupado devido ao coronav\u00edrus que vem assustando e causando medo a popula\u00e7\u00e3o do pa\u00eds. \u201cDiante das condi\u00e7\u00f5es, a melhor alternativa \u00e9 a preven\u00e7\u00e3o com tratamento. \u00c9 preciso aumentar as a\u00e7\u00f5es da vigil\u00e2ncia epidemiol\u00f3gica para que Juazeiro n\u00e3o tenha casos suspeitos\u201d.<\/p>\n<p style=\"text-align: justify;\">O m\u00e9dico e pol\u00edtico afirmou que os hospitais de Juazeiro n\u00e3o est\u00e3o preparados para receber esses pacientes. \u201cAcredito que n\u00e3o, porque n\u00e3o recebemos pacientes com esse perfil. A UPA e o Regional seriam as portas de entrada, mas n\u00e3o acredito que estejam preparados\u201d.<\/p>\n<p style=\"text-align: justify;\">Allan evitou fazer alarde sobre a falta de estrutura em Juazeiro. \u201cPode acontecer uma necessidade de dispensar equipes talvez de outros lugares e gastar vultosas quantias, por conta da insufici\u00eancia de suporte em sa\u00fade aqui em Juazeiro\u201d.<\/p>\n<p style=\"text-align: justify;\">O vereador se mostrou preocupado com a situa\u00e7\u00e3o. \u201cO alerta em nossa cidade \u00e9 vermelho. Isso porque, como profissional m\u00e9dico e conhecedor do que pode causar, estou apreensivo e com medo se o coronav\u00edrus assolar a nossa cidade, at\u00e9 porque houve a redu\u00e7\u00e3o da equipe de profissionais na UPA. Outra coisa \u00e9 que pode colocar em risco a vida de todos n\u00f3s profissionais.<\/p>\n<p style=\"text-align: justify;\"><img decoding=\"async\" src=\"http:\/\/acaopopular.net\/jornal\/wp-content\/uploads\/2014\/02\/upa-juazeiro.jpg\" \/><\/p>\n<pre>\u2026 Em Juazeiro, a principal porta de entrada para atender pacientes \u00e9 esta. Uma UPA que atende pacientes coletivamente, e ainda com animais na porta\n\nFonte: JAP<\/pre>\n","protected":false},"excerpt":{"rendered":"<p>A cidade de Juazeiro nunca chegou a ter tantas reclama\u00e7\u00f5es referente aos atendimentos relacionados \u00e0 sa\u00fade nos hospitais, UPA e postos de sa\u00fade espalhados pelo munic\u00edpio. Ao longos dos \u00faltimos dois anos foram denuncias graves que se espalharam nas redes sociais, jornais, blogs, portais, emissoras de r\u00e1dios, televis\u00e3o, etc. Na C\u00e2mara Municipal, o m\u00e9dico e [&hellip;]<\/p>\n","protected":false},"author":1,"featured_media":5572,"comment_status":"open","ping_status":"open","sticky":false,"template":"","format":"standard","meta":{"_uag_custom_page_level_css":"","_monsterinsights_skip_tracking":false,"_monsterinsights_sitenote_active":false,"_monsterinsights_sitenote_note":"","_monsterinsights_sitenote_category":0,"jetpack_post_was_ever_published":false,"_jetpack_newsletter_access":"","_jetpack_dont_email_post_to_subs":false,"_jetpack_newsletter_tier_id":0,"_jetpack_memberships_contains_paywalled_content":false,"_jetpack_memberships_contains_paid_content":false,"footnotes":"","jetpack_publicize_message":"","jetpack_publicize_feature_enabled":true,"jetpack_social_post_already_shared":true,"jetpack_social_options":{"image_generator_settings":{"template":"highway","default_image_id":0,"font":"","enabled":false},"version":2}},"categories":[203],"tags":[1479,537],"class_list":["post-7644","post","type-post","status-publish","format-standard","has-post-thumbnail","hentry","category-juazeiro","tag-coronavirus","tag-upa"],"jetpack_publicize_connections":[],"jetpack_featured_media_url":"https:\/\/blogopara.com.br\/wp-content\/uploads\/2019\/12\/Allan-Jones-UPA.jpg","uagb_featured_image_src":{"full":["https:\/\/blogopara.com.br\/wp-content\/uploads\/2019\/12\/Allan-Jones-UPA.jpg",600,378,false],"thumbnail":["https:\/\/blogopara.com.br\/wp-content\/uploads\/2019\/12\/Allan-Jones-UPA-150x150.jpg",150,150,true],"medium":["https:\/\/blogopara.com.br\/wp-content\/uploads\/2019\/12\/Allan-Jones-UPA-300x189.jpg",300,189,true],"medium_large":["https:\/\/blogopara.com.br\/wp-content\/uploads\/2019\/12\/Allan-Jones-UPA.jpg",600,378,false],"large":["https:\/\/blogopara.com.br\/wp-content\/uploads\/2019\/12\/Allan-Jones-UPA.jpg",600,378,false],"1536x1536":["https:\/\/blogopara.com.br\/wp-content\/uploads\/2019\/12\/Allan-Jones-UPA.jpg",600,378,false],"2048x2048":["https:\/\/blogopara.com.br\/wp-content\/uploads\/2019\/12\/Allan-Jones-UPA.jpg",600,378,false],"mantranews-slider-large":["https:\/\/blogopara.com.br\/wp-content\/uploads\/2019\/12\/Allan-Jones-UPA.jpg",600,378,false],"mantranews-featured-medium":["https:\/\/blogopara.com.br\/wp-content\/uploads\/2019\/12\/Allan-Jones-UPA.jpg",420,265,false],"mantranews-featured-long":["https:\/\/blogopara.com.br\/wp-content\/uploads\/2019\/12\/Allan-Jones-UPA.jpg",300,189,false],"mantranews-block-medium":["https:\/\/blogopara.com.br\/wp-content\/uploads\/2019\/12\/Allan-Jones-UPA.jpg",460,290,false],"mantranews-carousel-image":["https:\/\/blogopara.com.br\/wp-content\/uploads\/2019\/12\/Allan-Jones-UPA.jpg",600,378,false],"mantranews-block-thumb":["https:\/\/blogopara.com.br\/wp-content\/uploads\/2019\/12\/Allan-Jones-UPA.jpg",322,203,false],"mantranews-single-large":["https:\/\/blogopara.com.br\/wp-content\/uploads\/2019\/12\/Allan-Jones-UPA.jpg",600,378,false]},"uagb_author_info":{"display_name":"Reda\u00e7\u00e3o geral","author_link":"https:\/\/blogopara.com.br\/index.php\/author\/blogopara"},"uagb_comment_info":0,"uagb_excerpt":"A cidade de Juazeiro nunca chegou a ter tantas reclama\u00e7\u00f5es referente aos atendimentos relacionados \u00e0 sa\u00fade nos hospitais, UPA e postos de sa\u00fade espalhados pelo munic\u00edpio. Ao longos dos \u00faltimos dois anos foram denuncias graves que se espalharam nas redes sociais, jornais, blogs, portais, emissoras de r\u00e1dios, televis\u00e3o, etc. Na C\u00e2mara Municipal, o m\u00e9dico e&hellip;","jetpack_sharing_enabled":true,"jetpack_likes_enabled":true,"_links":{"self":[{"href":"https:\/\/blogopara.com.br\/index.php\/wp-json\/wp\/v2\/posts\/7644","targetHints":{"allow":["GET"]}}],"collection":[{"href":"https:\/\/blogopara.com.br\/index.php\/wp-json\/wp\/v2\/posts"}],"about":[{"href":"https:\/\/blogopara.com.br\/index.php\/wp-json\/wp\/v2\/types\/post"}],"author":[{"embeddable":true,"href":"https:\/\/blogopara.com.br\/index.php\/wp-json\/wp\/v2\/users\/1"}],"replies":[{"embeddable":true,"href":"https:\/\/blogopara.com.br\/index.php\/wp-json\/wp\/v2\/comments?post=7644"}],"version-history":[{"count":1,"href":"https:\/\/blogopara.com.br\/index.php\/wp-json\/wp\/v2\/posts\/7644\/revisions"}],"predecessor-version":[{"id":7645,"href":"https:\/\/blogopara.com.br\/index.php\/wp-json\/wp\/v2\/posts\/7644\/revisions\/7645"}],"wp:featuredmedia":[{"embeddable":true,"href":"https:\/\/blogopara.com.br\/index.php\/wp-json\/wp\/v2\/media\/5572"}],"wp:attachment":[{"href":"https:\/\/blogopara.com.br\/index.php\/wp-json\/wp\/v2\/media?parent=7644"}],"wp:term":[{"taxonomy":"category","embeddable":true,"href":"https:\/\/blogopara.com.br\/index.php\/wp-json\/wp\/v2\/categories?post=7644"},{"taxonomy":"post_tag","embeddable":true,"href":"https:\/\/blogopara.com.br\/index.php\/wp-json\/wp\/v2\/tags?post=7644"}],"curies":[{"name":"wp","href":"https:\/\/api.w.org\/{rel}","templated":true}]}}