{"id":76442,"date":"2025-05-29T19:16:21","date_gmt":"2025-05-29T22:16:21","guid":{"rendered":"https:\/\/blogopara.com.br\/?p=76442"},"modified":"2025-05-29T19:16:21","modified_gmt":"2025-05-29T22:16:21","slug":"congresso-criar-do-chao-do-sertao-para-transformar-a-educacao-brasileira","status":"publish","type":"post","link":"https:\/\/blogopara.com.br\/index.php\/2025\/05\/29\/congresso-criar-do-chao-do-sertao-para-transformar-a-educacao-brasileira","title":{"rendered":"Congresso CRIAR: Do ch\u00e3o do Sert\u00e3o para transformar a educa\u00e7\u00e3o brasileira"},"content":{"rendered":"<p dir=\"ltr\">\u201cUm espa\u00e7o onde as filosofias das escolas de Reggio Emilia (It\u00e1lia) encontraram o ch\u00e3o do Nordeste \u2013 f\u00e9rtil, criativo e repleto de beleza\u201d. Foi assim que uma das idealizadoras, Dani Mello, definiu a primeira edi\u00e7\u00e3o do Congresso Criar, realizado entre os dias 23 e 25 de maio, em Petrolina, no Sert\u00e3o de Pernambuco.<\/p>\n<p dir=\"ltr\">Durante tr\u00eas dias, cerca de 250 educadores de diferentes estados brasileiros participaram do evento em solo sertanejo. \u201cFoi um evento onde teoria e experi\u00eancia pr\u00e1tica se entrela\u00e7aram, criando caminhos poss\u00edveis para a constru\u00e7\u00e3o de uma educa\u00e7\u00e3o mais est\u00e9tica, \u00e9tica e sens\u00edvel \u00e0s realidades do nosso pa\u00eds\u201d, destacou Mello.<\/p>\n<p dir=\"ltr\">Diversas caravanas chegaram ao evento movidos pelo desejo de aprofundar reflex\u00f5es sobre as linguagens das crian\u00e7as e pela urg\u00eancia de transformar o ch\u00e3o da escola brasileira em territ\u00f3rio de inven\u00e7\u00e3o, escuta e pertencimento.<\/p>\n<p dir=\"ltr\">\u201cO congresso trouxe grandes possibilidades de imers\u00e3o em rela\u00e7\u00e3o \u00e0 inf\u00e2ncia, em rela\u00e7\u00e3o ao tempo da crian\u00e7a. Ent\u00e3o, isso, como educadora, me faz ter uma vis\u00e3o sens\u00edvel, uma escuta sens\u00edvel\u201d, declarou uma das participantes, Ana Paula.<\/p>\n<p dir=\"ltr\">O congresso mobilizou educadores, artistas, comerciantes e tamb\u00e9m os gestores das cidades de Petrolina (PE) e Juazeiro (BA) nas mesas, viv\u00eancias e rodas de conversa, mostrando que \u00e9 poss\u00edvel construir uma escola que pulsa no compasso da inf\u00e2ncia e do territ\u00f3rio.<\/p>\n<p dir=\"ltr\">\u201cA gente veio para essa imers\u00e3o do Congresso Criar. \u00c9 um ambiente extremamente rico em aprendizagens e experi\u00eancias. A nossa escola j\u00e1 trabalha tudo isso que a gente pode reconhecer aqui no congresso. N\u00f3s trabalhamos com essa abordagem de Reggio Emilia, e aqui a gente p\u00f4de ter a certeza que estamos no caminho certo\u201d, frisou outra participante, a professora de Natal (RN), Clara Beatriz.<\/p>\n<p dir=\"ltr\">Al\u00e9m das palestras com profissionais de renome e momentos de aprecia\u00e7\u00e3o est\u00e9tica, um dos destaques do evento foi a experi\u00eancia \u201cAteli\u00ea Territ\u00f3rios\u201d, realizada no Ateli\u00ea da Caatinga do Grupo Quintal, onde gestores convidados puderam viver na pr\u00e1tica o que significa uma escola como espa\u00e7o de investiga\u00e7\u00e3o, est\u00e9tica e conex\u00e3o com a natureza.<\/p>\n<p dir=\"ltr\">Com o sucesso do CRIAR, as organizadoras Amanda Moura e Dani Melo resolveram expandir a experi\u00eancia, e j\u00e1 definiram o local e data do\u00a0CRIAR 2026, que ser\u00e1 em Fortaleza, dos dias 22 a 25 de maio.<\/p>\n<p dir=\"ltr\">At\u00e9 o pr\u00f3ximo ano,\u00a0\u00e9 poss\u00edvel fazer parte da Comunidade CRIAR e participar das imers\u00f5es de forma\u00e7\u00e3o de atelieristas e estudos te\u00f3rico-pr\u00e1ticos atrav\u00e9s do site\u00a0<a title=\"http:\/\/www.congressocriar.com.br\/\" href=\"http:\/\/www.congressocriar.com.br\/\" target=\"_blank\" rel=\"noopener noreferrer\" data-auth=\"NotApplicable\" data-linkindex=\"0\">www.congressocriar.com.br<\/a>.<\/p>\n<p dir=\"ltr\">Texto\/ Assessoria de Imprensa: Juliane Peixinho<\/p>\n<p dir=\"ltr\">Fotos: Maria de F\u00e1tima Henrique<\/p>\n<p dir=\"ltr\">@<a title=\"http:\/\/eusoumaria.sm\/\" href=\"http:\/\/eusoumaria.sm\/\" target=\"_blank\" rel=\"noopener noreferrer\" data-auth=\"NotApplicable\" data-linkindex=\"1\">eusoumaria.sm<\/a><\/p>\n","protected":false},"excerpt":{"rendered":"<p>\u201cUm espa\u00e7o onde as filosofias das escolas de Reggio Emilia (It\u00e1lia) encontraram o ch\u00e3o do Nordeste \u2013 f\u00e9rtil, criativo e repleto de beleza\u201d. Foi assim que uma das idealizadoras, Dani Mello, definiu a primeira edi\u00e7\u00e3o do Congresso Criar, realizado entre os dias 23 e 25 de maio, em Petrolina, no Sert\u00e3o de Pernambuco. Durante tr\u00eas [&hellip;]<\/p>\n","protected":false},"author":1,"featured_media":76443,"comment_status":"open","ping_status":"open","sticky":false,"template":"","format":"standard","meta":{"_uag_custom_page_level_css":"","_monsterinsights_skip_tracking":false,"_monsterinsights_sitenote_active":false,"_monsterinsights_sitenote_note":"","_monsterinsights_sitenote_category":0,"jetpack_post_was_ever_published":false,"_jetpack_newsletter_access":"","_jetpack_dont_email_post_to_subs":false,"_jetpack_newsletter_tier_id":0,"_jetpack_memberships_contains_paywalled_content":false,"_jetpack_memberships_contains_paid_content":false,"footnotes":"","jetpack_publicize_message":"","jetpack_publicize_feature_enabled":true,"jetpack_social_post_already_shared":true,"jetpack_social_options":{"image_generator_settings":{"template":"highway","default_image_id":0,"font":"","enabled":false},"version":2}},"categories":[209,851],"tags":[],"class_list":["post-76442","post","type-post","status-publish","format-standard","has-post-thumbnail","hentry","category-educacao","category-petrolina"],"jetpack_publicize_connections":[],"jetpack_featured_media_url":"https:\/\/blogopara.com.br\/wp-content\/uploads\/2025\/05\/thumbnail_20250524_145834.jpg","uagb_featured_image_src":{"full":["https:\/\/blogopara.com.br\/wp-content\/uploads\/2025\/05\/thumbnail_20250524_145834.jpg",499,526,false],"thumbnail":["https:\/\/blogopara.com.br\/wp-content\/uploads\/2025\/05\/thumbnail_20250524_145834-150x150.jpg",150,150,true],"medium":["https:\/\/blogopara.com.br\/wp-content\/uploads\/2025\/05\/thumbnail_20250524_145834-285x300.jpg",285,300,true],"medium_large":["https:\/\/blogopara.com.br\/wp-content\/uploads\/2025\/05\/thumbnail_20250524_145834.jpg",499,526,false],"large":["https:\/\/blogopara.com.br\/wp-content\/uploads\/2025\/05\/thumbnail_20250524_145834.jpg",499,526,false],"1536x1536":["https:\/\/blogopara.com.br\/wp-content\/uploads\/2025\/05\/thumbnail_20250524_145834.jpg",499,526,false],"2048x2048":["https:\/\/blogopara.com.br\/wp-content\/uploads\/2025\/05\/thumbnail_20250524_145834.jpg",499,526,false],"mantranews-slider-large":["https:\/\/blogopara.com.br\/wp-content\/uploads\/2025\/05\/thumbnail_20250524_145834.jpg",499,526,false],"mantranews-featured-medium":["https:\/\/blogopara.com.br\/wp-content\/uploads\/2025\/05\/thumbnail_20250524_145834-420x307.jpg",420,307,true],"mantranews-featured-long":["https:\/\/blogopara.com.br\/wp-content\/uploads\/2025\/05\/thumbnail_20250524_145834-300x443.jpg",300,443,true],"mantranews-block-medium":["https:\/\/blogopara.com.br\/wp-content\/uploads\/2025\/05\/thumbnail_20250524_145834-464x290.jpg",464,290,true],"mantranews-carousel-image":["https:\/\/blogopara.com.br\/wp-content\/uploads\/2025\/05\/thumbnail_20250524_145834-499x500.jpg",499,500,true],"mantranews-block-thumb":["https:\/\/blogopara.com.br\/wp-content\/uploads\/2025\/05\/thumbnail_20250524_145834-322x230.jpg",322,230,true],"mantranews-single-large":["https:\/\/blogopara.com.br\/wp-content\/uploads\/2025\/05\/thumbnail_20250524_145834.jpg",499,526,false]},"uagb_author_info":{"display_name":"Reda\u00e7\u00e3o geral","author_link":"https:\/\/blogopara.com.br\/index.php\/author\/blogopara"},"uagb_comment_info":0,"uagb_excerpt":"\u201cUm espa\u00e7o onde as filosofias das escolas de Reggio Emilia (It\u00e1lia) encontraram o ch\u00e3o do Nordeste \u2013 f\u00e9rtil, criativo e repleto de beleza\u201d. Foi assim que uma das idealizadoras, Dani Mello, definiu a primeira edi\u00e7\u00e3o do Congresso Criar, realizado entre os dias 23 e 25 de maio, em Petrolina, no Sert\u00e3o de Pernambuco. Durante tr\u00eas&hellip;","jetpack_sharing_enabled":true,"jetpack_likes_enabled":true,"_links":{"self":[{"href":"https:\/\/blogopara.com.br\/index.php\/wp-json\/wp\/v2\/posts\/76442","targetHints":{"allow":["GET"]}}],"collection":[{"href":"https:\/\/blogopara.com.br\/index.php\/wp-json\/wp\/v2\/posts"}],"about":[{"href":"https:\/\/blogopara.com.br\/index.php\/wp-json\/wp\/v2\/types\/post"}],"author":[{"embeddable":true,"href":"https:\/\/blogopara.com.br\/index.php\/wp-json\/wp\/v2\/users\/1"}],"replies":[{"embeddable":true,"href":"https:\/\/blogopara.com.br\/index.php\/wp-json\/wp\/v2\/comments?post=76442"}],"version-history":[{"count":1,"href":"https:\/\/blogopara.com.br\/index.php\/wp-json\/wp\/v2\/posts\/76442\/revisions"}],"predecessor-version":[{"id":76444,"href":"https:\/\/blogopara.com.br\/index.php\/wp-json\/wp\/v2\/posts\/76442\/revisions\/76444"}],"wp:featuredmedia":[{"embeddable":true,"href":"https:\/\/blogopara.com.br\/index.php\/wp-json\/wp\/v2\/media\/76443"}],"wp:attachment":[{"href":"https:\/\/blogopara.com.br\/index.php\/wp-json\/wp\/v2\/media?parent=76442"}],"wp:term":[{"taxonomy":"category","embeddable":true,"href":"https:\/\/blogopara.com.br\/index.php\/wp-json\/wp\/v2\/categories?post=76442"},{"taxonomy":"post_tag","embeddable":true,"href":"https:\/\/blogopara.com.br\/index.php\/wp-json\/wp\/v2\/tags?post=76442"}],"curies":[{"name":"wp","href":"https:\/\/api.w.org\/{rel}","templated":true}]}}