{"id":76460,"date":"2025-05-30T06:08:49","date_gmt":"2025-05-30T09:08:49","guid":{"rendered":"https:\/\/blogopara.com.br\/?p=76460"},"modified":"2025-05-29T20:10:55","modified_gmt":"2025-05-29T23:10:55","slug":"prefeitura-de-senhor-do-bonfim-realiza-programacao-especial-da-semana-municipal-do-meio-ambiente","status":"publish","type":"post","link":"https:\/\/blogopara.com.br\/index.php\/2025\/05\/30\/prefeitura-de-senhor-do-bonfim-realiza-programacao-especial-da-semana-municipal-do-meio-ambiente","title":{"rendered":"Prefeitura de Senhor do Bonfim realiza programa\u00e7\u00e3o especial da Semana Municipal do Meio Ambiente\u00a0"},"content":{"rendered":"<div class=\"x_gmail-OutlineElement x_gmail-Ltr x_gmail-SCXW117332211 x_gmail-BCX0\">\n<p class=\"x_gmail-Paragraph x_gmail-SCXW117332211 x_gmail-BCX0\" lang=\"PT-BR\"><span class=\"x_gmail-TextRun x_gmail-SCXW117332211 x_gmail-BCX0\" lang=\"PT-BR\" style=\"font-size: 1rem;\"><span class=\"x_gmail-NormalTextRun x_gmail-SCXW117332211 x_gmail-BCX0\">A Prefeitura de Senhor do Bonfim, por meio da Secretaria Municipal de Infraestrutura e Meio Ambiente, realiza entre os dias 3 e 5 de junho a Semana Municipal do Meio Ambiente, com o tema \u201cFauna em Cena\u201d. A programa\u00e7\u00e3o envolve a\u00e7\u00f5es educativas e de valoriza\u00e7\u00e3o ambiental, com foco em sustentabilidade, inclus\u00e3o e conscientiza\u00e7\u00e3o.<\/span><\/span> <span class=\"x_gmail-TextRun x_gmail-SCXW117332211 x_gmail-BCX0\" lang=\"PT-BR\" style=\"font-size: 1rem;\"><span class=\"x_gmail-NormalTextRun x_gmail-SCXW117332211 x_gmail-BCX0\">\u00a0<\/span><\/span><span class=\"x_gmail-EOP x_gmail-SCXW117332211 x_gmail-BCX0\" style=\"font-size: 1rem;\">\u00a0<\/span><\/p>\n<\/div>\n<div class=\"x_gmail-OutlineElement x_gmail-Ltr x_gmail-SCXW117332211 x_gmail-BCX0\">\n<p class=\"x_gmail-Paragraph x_gmail-SCXW117332211 x_gmail-BCX0\" lang=\"PT-BR\"><span class=\"x_gmail-TextRun x_gmail-SCXW117332211 x_gmail-BCX0\" lang=\"PT-BR\"><span class=\"x_gmail-NormalTextRun x_gmail-SCXW117332211 x_gmail-BCX0\">As atividades come\u00e7am no dia 3 de junho com um almo\u00e7o e a entrega de fardamentos, EPIs e big-bags aos catadores de materiais recicl\u00e1veis cadastrados que atuar\u00e3o no S\u00e3o Jo\u00e3o 2025. No dia 4 de junho, ser\u00e1 feita a entrega de EPIs para servidores municipais, refor\u00e7ando o cuidado com a sa\u00fade e seguran\u00e7a do trabalhador.<\/span><\/span> <span class=\"x_gmail-TextRun x_gmail-SCXW117332211 x_gmail-BCX0\" lang=\"PT-BR\" style=\"font-size: 1rem;\"><span class=\"x_gmail-NormalTextRun x_gmail-SCXW117332211 x_gmail-BCX0\">\u00a0<\/span><\/span><span class=\"x_gmail-EOP x_gmail-SCXW117332211 x_gmail-BCX0\" style=\"font-size: 1rem;\">\u00a0<\/span><\/p>\n<\/div>\n<div class=\"x_gmail-OutlineElement x_gmail-Ltr x_gmail-SCXW117332211 x_gmail-BCX0\">\n<p class=\"x_gmail-Paragraph x_gmail-SCXW117332211 x_gmail-BCX0\" lang=\"PT-BR\"><span class=\"x_gmail-TextRun x_gmail-SCXW117332211 x_gmail-BCX0\" lang=\"PT-BR\"><span class=\"x_gmail-NormalTextRun x_gmail-SCXW117332211 x_gmail-BCX0\">O ponto alto acontece no dia 5 de junho, Dia Mundial do Meio Ambiente, com uma grande exposi\u00e7\u00e3o na Pra\u00e7a Nova do Congresso, das 8h \u00e0s 12h. A mostra contar\u00e1 com animais da caatinga empalhados ou em r\u00e9plica, esqueletos humanos, insetos, biofertilizante, carv\u00e3o vegetal, mudas de plantas, uma explana\u00e7\u00e3o sobre coleta seletiva, com demonstra\u00e7\u00e3o do uso de uma m\u00e1quina trituradora de vidro e a import\u00e2ncia do ciclo da \u00e1gua.<\/span><\/span> <span class=\"x_gmail-TextRun x_gmail-SCXW117332211 x_gmail-BCX0\" lang=\"PT-BR\" style=\"font-size: 1rem;\"><span class=\"x_gmail-NormalTextRun x_gmail-SCXW117332211 x_gmail-BCX0\">\u00a0<\/span><\/span><span class=\"x_gmail-EOP x_gmail-SCXW117332211 x_gmail-BCX0\" style=\"font-size: 1rem;\">\u00a0<\/span><\/p>\n<\/div>\n<div class=\"x_gmail-OutlineElement x_gmail-Ltr x_gmail-SCXW117332211 x_gmail-BCX0\">\n<p class=\"x_gmail-Paragraph x_gmail-SCXW117332211 x_gmail-BCX0\" lang=\"PT-BR\"><span class=\"x_gmail-TextRun x_gmail-SCXW117332211 x_gmail-BCX0\" lang=\"PT-BR\"><span class=\"x_gmail-NormalTextRun x_gmail-SCXW117332211 x_gmail-BCX0\">\u201cNosso objetivo \u00e9 despertar o olhar das novas gera\u00e7\u00f5es para a preserva\u00e7\u00e3o da fauna e da flora local, de forma educativa e acess\u00edvel. \u00c9 um momento de aprendizado e conscientiza\u00e7\u00e3o para toda a comunidade escolar\u201d, pontuou a superintendente de Meio Ambiente,\u00a0<\/span><span class=\"x_gmail-NormalTextRun x_gmail-SpellingErrorV2Themed x_gmail-SCXW117332211 x_gmail-BCX0\">Aissa<\/span><span class=\"x_gmail-NormalTextRun x_gmail-SCXW117332211 x_gmail-BCX0\">\u00a0Xavier.\u00a0<\/span><\/span> <span class=\"x_gmail-TextRun x_gmail-SCXW117332211 x_gmail-BCX0\" lang=\"PT-BR\" style=\"font-size: 1rem;\"><span class=\"x_gmail-NormalTextRun x_gmail-SCXW117332211 x_gmail-BCX0\">\u00a0<\/span><\/span><span class=\"x_gmail-EOP x_gmail-SCXW117332211 x_gmail-BCX0\" style=\"font-size: 1rem;\">\u00a0<\/span><\/p>\n<\/div>\n<div class=\"x_gmail-OutlineElement x_gmail-Ltr x_gmail-SCXW117332211 x_gmail-BCX0\">\n<p class=\"x_gmail-Paragraph x_gmail-SCXW117332211 x_gmail-BCX0\" lang=\"PT-BR\"><span class=\"x_gmail-TextRun x_gmail-SCXW117332211 x_gmail-BCX0\" lang=\"PT-BR\"><span class=\"x_gmail-NormalTextRun x_gmail-SCXW117332211 x_gmail-BCX0\">A programa\u00e7\u00e3o \u00e9 voltada para alunos do 6\u00ba ao 9\u00ba ano e do 1\u00ba ao 3\u00ba ano do ensino m\u00e9dio, das redes p\u00fablica e privada de ensino. A a\u00e7\u00e3o conta com o apoio do Senar, Sindicato dos Produtores Rurais,\u00a0<\/span><span class=\"x_gmail-NormalTextRun x_gmail-SpellingErrorV2Themed x_gmail-SCXW117332211 x_gmail-BCX0\">Univasf<\/span><span class=\"x_gmail-NormalTextRun x_gmail-SCXW117332211 x_gmail-BCX0\">, UNEB, EMBASA e da Cooperativa de Catadores Maravilha Verde.<\/span><\/span><span class=\"x_gmail-EOP x_gmail-SCXW117332211 x_gmail-BCX0\">\u00a0<\/span><\/p>\n<\/div>\n<div class=\"x_gmail-OutlineElement x_gmail-Ltr x_gmail-SCXW117332211 x_gmail-BCX0\">\n<p class=\"x_gmail-Paragraph x_gmail-SCXW117332211 x_gmail-BCX0\" lang=\"PT-BR\"><span class=\"x_gmail-TextRun x_gmail-SCXW117332211 x_gmail-BCX0\" lang=\"PT-BR\"><span class=\"x_gmail-NormalTextRun x_gmail-SCXW117332211 x_gmail-BCX0\">\u00a0<\/span><\/span><span class=\"x_gmail-EOP x_gmail-SCXW117332211 x_gmail-BCX0\">\u00a0<\/span><\/p>\n<\/div>\n<div class=\"x_gmail-OutlineElement x_gmail-Ltr x_gmail-SCXW117332211 x_gmail-BCX0\">\n<p class=\"x_gmail-Paragraph x_gmail-SCXW117332211 x_gmail-BCX0\" lang=\"PT-BR\"><span class=\"x_gmail-TextRun x_gmail-SCXW117332211 x_gmail-BCX0\" lang=\"PT-BR\"><span class=\"x_gmail-NormalTextRun x_gmail-SCXW117332211 x_gmail-BCX0\">\u00a0<\/span><\/span><span class=\"x_gmail-EOP x_gmail-SCXW117332211 x_gmail-BCX0\">\u00a0<\/span><\/p>\n<\/div>\n<div class=\"x_gmail-OutlineElement x_gmail-Ltr x_gmail-SCXW117332211 x_gmail-BCX0\">\n<p class=\"x_gmail-Paragraph x_gmail-SCXW117332211 x_gmail-BCX0\" lang=\"PT-BR\"><span class=\"x_gmail-TextRun x_gmail-SCXW117332211 x_gmail-BCX0\" lang=\"PT-BR\"><span class=\"x_gmail-NormalTextRun x_gmail-SCXW117332211 x_gmail-BCX0\">\u00a0<\/span><\/span><span class=\"x_gmail-EOP x_gmail-SCXW117332211 x_gmail-BCX0\">\u00a0<\/span><\/p>\n<\/div>\n<div class=\"x_gmail-OutlineElement x_gmail-Ltr x_gmail-SCXW117332211 x_gmail-BCX0\">\n<p class=\"x_gmail-Paragraph x_gmail-SCXW117332211 x_gmail-BCX0\" lang=\"PT-BR\"><span class=\"x_gmail-TextRun x_gmail-SCXW117332211 x_gmail-BCX0\" lang=\"PT-BR\"><span class=\"x_gmail-NormalTextRun x_gmail-SCXW117332211 x_gmail-BCX0\">Texto: Ascom PMSB<\/span><\/span><span class=\"x_gmail-EOP x_gmail-SCXW117332211 x_gmail-BCX0\">\u00a0<\/span><\/p>\n<\/div>\n","protected":false},"excerpt":{"rendered":"<p>A Prefeitura de Senhor do Bonfim, por meio da Secretaria Municipal de Infraestrutura e Meio Ambiente, realiza entre os dias 3 e 5 de junho a Semana Municipal do Meio Ambiente, com o tema \u201cFauna em Cena\u201d. A programa\u00e7\u00e3o envolve a\u00e7\u00f5es educativas e de valoriza\u00e7\u00e3o ambiental, com foco em sustentabilidade, inclus\u00e3o e conscientiza\u00e7\u00e3o. \u00a0\u00a0 As [&hellip;]<\/p>\n","protected":false},"author":1,"featured_media":76461,"comment_status":"open","ping_status":"open","sticky":false,"template":"","format":"standard","meta":{"_uag_custom_page_level_css":"","_monsterinsights_skip_tracking":false,"_monsterinsights_sitenote_active":false,"_monsterinsights_sitenote_note":"","_monsterinsights_sitenote_category":0,"jetpack_post_was_ever_published":false,"_jetpack_newsletter_access":"","_jetpack_dont_email_post_to_subs":false,"_jetpack_newsletter_tier_id":0,"_jetpack_memberships_contains_paywalled_content":false,"_jetpack_memberships_contains_paid_content":false,"footnotes":"","jetpack_publicize_message":"","jetpack_publicize_feature_enabled":true,"jetpack_social_post_already_shared":true,"jetpack_social_options":{"image_generator_settings":{"template":"highway","default_image_id":0,"font":"","enabled":false},"version":2}},"categories":[199],"tags":[],"class_list":["post-76460","post","type-post","status-publish","format-standard","has-post-thumbnail","hentry","category-bahia"],"jetpack_publicize_connections":[],"jetpack_featured_media_url":"https:\/\/blogopara.com.br\/wp-content\/uploads\/2025\/05\/thumbnail_convite-meio-ambiente.png","uagb_featured_image_src":{"full":["https:\/\/blogopara.com.br\/wp-content\/uploads\/2025\/05\/thumbnail_convite-meio-ambiente.png",502,495,false],"thumbnail":["https:\/\/blogopara.com.br\/wp-content\/uploads\/2025\/05\/thumbnail_convite-meio-ambiente-150x150.png",150,150,true],"medium":["https:\/\/blogopara.com.br\/wp-content\/uploads\/2025\/05\/thumbnail_convite-meio-ambiente-300x296.png",300,296,true],"medium_large":["https:\/\/blogopara.com.br\/wp-content\/uploads\/2025\/05\/thumbnail_convite-meio-ambiente.png",502,495,false],"large":["https:\/\/blogopara.com.br\/wp-content\/uploads\/2025\/05\/thumbnail_convite-meio-ambiente.png",502,495,false],"1536x1536":["https:\/\/blogopara.com.br\/wp-content\/uploads\/2025\/05\/thumbnail_convite-meio-ambiente.png",502,495,false],"2048x2048":["https:\/\/blogopara.com.br\/wp-content\/uploads\/2025\/05\/thumbnail_convite-meio-ambiente.png",502,495,false],"mantranews-slider-large":["https:\/\/blogopara.com.br\/wp-content\/uploads\/2025\/05\/thumbnail_convite-meio-ambiente.png",502,495,false],"mantranews-featured-medium":["https:\/\/blogopara.com.br\/wp-content\/uploads\/2025\/05\/thumbnail_convite-meio-ambiente-420x307.png",420,307,true],"mantranews-featured-long":["https:\/\/blogopara.com.br\/wp-content\/uploads\/2025\/05\/thumbnail_convite-meio-ambiente-300x443.png",300,443,true],"mantranews-block-medium":["https:\/\/blogopara.com.br\/wp-content\/uploads\/2025\/05\/thumbnail_convite-meio-ambiente-464x290.png",464,290,true],"mantranews-carousel-image":["https:\/\/blogopara.com.br\/wp-content\/uploads\/2025\/05\/thumbnail_convite-meio-ambiente.png",502,495,false],"mantranews-block-thumb":["https:\/\/blogopara.com.br\/wp-content\/uploads\/2025\/05\/thumbnail_convite-meio-ambiente-322x230.png",322,230,true],"mantranews-single-large":["https:\/\/blogopara.com.br\/wp-content\/uploads\/2025\/05\/thumbnail_convite-meio-ambiente.png",502,495,false]},"uagb_author_info":{"display_name":"Reda\u00e7\u00e3o geral","author_link":"https:\/\/blogopara.com.br\/index.php\/author\/blogopara"},"uagb_comment_info":0,"uagb_excerpt":"A Prefeitura de Senhor do Bonfim, por meio da Secretaria Municipal de Infraestrutura e Meio Ambiente, realiza entre os dias 3 e 5 de junho a Semana Municipal do Meio Ambiente, com o tema \u201cFauna em Cena\u201d. A programa\u00e7\u00e3o envolve a\u00e7\u00f5es educativas e de valoriza\u00e7\u00e3o ambiental, com foco em sustentabilidade, inclus\u00e3o e conscientiza\u00e7\u00e3o. \u00a0\u00a0 As&hellip;","jetpack_sharing_enabled":true,"jetpack_likes_enabled":true,"_links":{"self":[{"href":"https:\/\/blogopara.com.br\/index.php\/wp-json\/wp\/v2\/posts\/76460","targetHints":{"allow":["GET"]}}],"collection":[{"href":"https:\/\/blogopara.com.br\/index.php\/wp-json\/wp\/v2\/posts"}],"about":[{"href":"https:\/\/blogopara.com.br\/index.php\/wp-json\/wp\/v2\/types\/post"}],"author":[{"embeddable":true,"href":"https:\/\/blogopara.com.br\/index.php\/wp-json\/wp\/v2\/users\/1"}],"replies":[{"embeddable":true,"href":"https:\/\/blogopara.com.br\/index.php\/wp-json\/wp\/v2\/comments?post=76460"}],"version-history":[{"count":1,"href":"https:\/\/blogopara.com.br\/index.php\/wp-json\/wp\/v2\/posts\/76460\/revisions"}],"predecessor-version":[{"id":76462,"href":"https:\/\/blogopara.com.br\/index.php\/wp-json\/wp\/v2\/posts\/76460\/revisions\/76462"}],"wp:featuredmedia":[{"embeddable":true,"href":"https:\/\/blogopara.com.br\/index.php\/wp-json\/wp\/v2\/media\/76461"}],"wp:attachment":[{"href":"https:\/\/blogopara.com.br\/index.php\/wp-json\/wp\/v2\/media?parent=76460"}],"wp:term":[{"taxonomy":"category","embeddable":true,"href":"https:\/\/blogopara.com.br\/index.php\/wp-json\/wp\/v2\/categories?post=76460"},{"taxonomy":"post_tag","embeddable":true,"href":"https:\/\/blogopara.com.br\/index.php\/wp-json\/wp\/v2\/tags?post=76460"}],"curies":[{"name":"wp","href":"https:\/\/api.w.org\/{rel}","templated":true}]}}