{"id":76463,"date":"2025-05-30T06:12:27","date_gmt":"2025-05-30T09:12:27","guid":{"rendered":"https:\/\/blogopara.com.br\/?p=76463"},"modified":"2025-05-29T20:15:17","modified_gmt":"2025-05-29T23:15:17","slug":"senhor-do-bonfim-celebra-o-forro-na-feira-com-protagonismo-das-garotas-da-terceira-idade","status":"publish","type":"post","link":"https:\/\/blogopara.com.br\/index.php\/2025\/05\/30\/senhor-do-bonfim-celebra-o-forro-na-feira-com-protagonismo-das-garotas-da-terceira-idade","title":{"rendered":"Senhor do Bonfim celebra o Forr\u00f3 na Feira com protagonismo das \u201cGarotas da Terceira Idade\u201d\u00a0"},"content":{"rendered":"<div class=\"x_gmail-OutlineElement x_gmail-Ltr x_gmail-SCXW57895791 x_gmail-BCX0\">\n<p class=\"x_gmail-Paragraph x_gmail-SCXW57895791 x_gmail-BCX0\" lang=\"PT-BR\"><span class=\"x_gmail-TextRun x_gmail-SCXW57895791 x_gmail-BCX0\" lang=\"PT-BR\" style=\"font-size: 1rem;\"><span class=\"x_gmail-NormalTextRun x_gmail-SCXW57895791 x_gmail-BCX0\">A Prefeitura de Senhor do Bonfim, por meio das Secretarias de Cultura e de Assist\u00eancia Social, traz um brilho especial para a programa\u00e7\u00e3o junina de 2025: a participa\u00e7\u00e3o das idosas do Servi\u00e7o de Conviv\u00eancia e Fortalecimento de V\u00ednculos (SCFV), carinhosamente conhecidas como \u201cGarotas da Terceira Idade\u201d, como atra\u00e7\u00e3o essencial e contagiante do Forr\u00f3 na Feira, que acontece todos os s\u00e1bados do m\u00eas de junho.<\/span><\/span> <span class=\"x_gmail-TextRun x_gmail-SCXW57895791 x_gmail-BCX0\" lang=\"PT-BR\" style=\"font-size: 1rem;\"><span class=\"x_gmail-NormalTextRun x_gmail-SCXW57895791 x_gmail-BCX0\">\u00a0<\/span><\/span><span class=\"x_gmail-EOP x_gmail-SCXW57895791 x_gmail-BCX0\" style=\"font-size: 1rem;\">\u00a0<\/span><\/p>\n<\/div>\n<div class=\"x_gmail-OutlineElement x_gmail-Ltr x_gmail-SCXW57895791 x_gmail-BCX0\">\n<p class=\"x_gmail-Paragraph x_gmail-SCXW57895791 x_gmail-BCX0\" lang=\"PT-BR\"><span class=\"x_gmail-TextRun x_gmail-SCXW57895791 x_gmail-BCX0\" lang=\"PT-BR\"><span class=\"x_gmail-NormalTextRun x_gmail-SCXW57895791 x_gmail-BCX0\">Com energia, alegria e muita disposi\u00e7\u00e3o, essas mulheres s\u00e3o s\u00edmbolo vivo da tradi\u00e7\u00e3o, da resist\u00eancia cultural e do esp\u00edrito festivo que marca o S\u00e3o Jo\u00e3o bonfinense. Elas ocupam o espa\u00e7o da feira com dan\u00e7a, m\u00fasica e sorrisos, emocionando o p\u00fablico e refor\u00e7ando a import\u00e2ncia da inclus\u00e3o, da valoriza\u00e7\u00e3o da pessoa idosa e da preserva\u00e7\u00e3o da cultura popular.<\/span><\/span> <span class=\"x_gmail-TextRun x_gmail-SCXW57895791 x_gmail-BCX0\" lang=\"PT-BR\" style=\"font-size: 1rem;\"><span class=\"x_gmail-NormalTextRun x_gmail-SCXW57895791 x_gmail-BCX0\">\u00a0<\/span><\/span><span class=\"x_gmail-EOP x_gmail-SCXW57895791 x_gmail-BCX0\" style=\"font-size: 1rem;\">\u00a0<\/span><\/p>\n<\/div>\n<div class=\"x_gmail-OutlineElement x_gmail-Ltr x_gmail-SCXW57895791 x_gmail-BCX0\">\n<p class=\"x_gmail-Paragraph x_gmail-SCXW57895791 x_gmail-BCX0\" lang=\"PT-BR\"><span class=\"x_gmail-TextRun x_gmail-SCXW57895791 x_gmail-BCX0\" lang=\"PT-BR\"><span class=\"x_gmail-NormalTextRun x_gmail-SCXW57895791 x_gmail-BCX0\">Segundo a secret\u00e1ria de Assist\u00eancia Social,\u00a0<\/span><span class=\"x_gmail-NormalTextRun x_gmail-SpellingErrorV2Themed x_gmail-SCXW57895791 x_gmail-BCX0\">Taciane<\/span><span class=\"x_gmail-NormalTextRun x_gmail-SCXW57895791 x_gmail-BCX0\">\u00a0Granja, \u201ca participa\u00e7\u00e3o das nossas garotas no Forr\u00f3 na Feira \u00e9 uma afirma\u00e7\u00e3o de que envelhecer n\u00e3o \u00e9 se apagar, mas continuar sendo luz. Elas s\u00e3o exemplos de vitalidade, for\u00e7a e alegria. Nosso compromisso \u00e9 garantir que todas tenham voz, vez e espa\u00e7o nos eventos do munic\u00edpio.\u201d<\/span><\/span> <span class=\"x_gmail-TextRun x_gmail-SCXW57895791 x_gmail-BCX0\" lang=\"PT-BR\" style=\"font-size: 1rem;\"><span class=\"x_gmail-NormalTextRun x_gmail-SCXW57895791 x_gmail-BCX0\">\u00a0<\/span><\/span><span class=\"x_gmail-EOP x_gmail-SCXW57895791 x_gmail-BCX0\" style=\"font-size: 1rem;\">\u00a0<\/span><\/p>\n<\/div>\n<div class=\"x_gmail-OutlineElement x_gmail-Ltr x_gmail-SCXW57895791 x_gmail-BCX0\">\n<p class=\"x_gmail-Paragraph x_gmail-SCXW57895791 x_gmail-BCX0\" lang=\"PT-BR\"><span class=\"x_gmail-TextRun x_gmail-SCXW57895791 x_gmail-BCX0\" lang=\"PT-BR\"><span class=\"x_gmail-NormalTextRun x_gmail-SCXW57895791 x_gmail-BCX0\">O Forr\u00f3 na Feira, parte da programa\u00e7\u00e3o dos 30 dias de forr\u00f3 do S\u00e3o Jo\u00e3o, Minha\u00a0<\/span><span class=\"x_gmail-NormalTextRun x_gmail-ContextualSpellingAndGrammarErrorV2Themed x_gmail-SCXW57895791 x_gmail-BCX0\">Paix\u00e3o\u00a0de<\/span><span class=\"x_gmail-NormalTextRun x_gmail-SCXW57895791 x_gmail-BCX0\">\u00a0Senhor do Bonfim, \u00e9 uma a\u00e7\u00e3o que une cultura e integra\u00e7\u00e3o social, fortalecendo o t\u00edtulo de Capital Baiana do Forr\u00f3. Durante todo o m\u00eas de junho, a cidade se transforma em um verdadeiro arraial a c\u00e9u aberto, recebendo artistas locais, manifesta\u00e7\u00f5es culturais e milhares de visitantes encantados com o clima acolhedor e aut\u00eantico da festa.<\/span><\/span><span class=\"x_gmail-EOP x_gmail-SCXW57895791 x_gmail-BCX0\">\u00a0<\/span><\/p>\n<\/div>\n<div class=\"x_gmail-OutlineElement x_gmail-Ltr x_gmail-SCXW57895791 x_gmail-BCX0\">\n<p class=\"x_gmail-Paragraph x_gmail-SCXW57895791 x_gmail-BCX0\" lang=\"PT-BR\"><span class=\"x_gmail-TextRun x_gmail-SCXW57895791 x_gmail-BCX0\" lang=\"PT-BR\"><span class=\"x_gmail-NormalTextRun x_gmail-SCXW57895791 x_gmail-BCX0\">Neste s\u00e1bado (1) o Forr\u00f3\u00a0na Feira come\u00e7a \u00e0s 8h e vai at\u00e9 \u00e0s 12h.\u00a0<\/span><\/span><span class=\"x_gmail-EOP x_gmail-SCXW57895791 x_gmail-BCX0\">\u00a0<\/span><\/p>\n<\/div>\n<div class=\"x_gmail-OutlineElement x_gmail-Ltr x_gmail-SCXW57895791 x_gmail-BCX0\">\n<p class=\"x_gmail-Paragraph x_gmail-SCXW57895791 x_gmail-BCX0\" lang=\"PT-BR\"><span class=\"x_gmail-TextRun x_gmail-SCXW57895791 x_gmail-BCX0\" lang=\"PT-BR\"><span class=\"x_gmail-NormalTextRun x_gmail-SCXW57895791 x_gmail-BCX0\">\u00a0<\/span><\/span><span class=\"x_gmail-EOP x_gmail-SCXW57895791 x_gmail-BCX0\">\u00a0<\/span><\/p>\n<\/div>\n<div class=\"x_gmail-OutlineElement x_gmail-Ltr x_gmail-SCXW57895791 x_gmail-BCX0\">\n<p class=\"x_gmail-Paragraph x_gmail-SCXW57895791 x_gmail-BCX0\" lang=\"PT-BR\"><span class=\"x_gmail-TextRun x_gmail-SCXW57895791 x_gmail-BCX0\" lang=\"PT-BR\"><span class=\"x_gmail-NormalTextRun x_gmail-SCXW57895791 x_gmail-BCX0\">Texto: Ascom PMSB<\/span><\/span><span class=\"x_gmail-EOP x_gmail-SCXW57895791 x_gmail-BCX0\">\u00a0<\/span><\/p>\n<\/div>\n","protected":false},"excerpt":{"rendered":"<p>A Prefeitura de Senhor do Bonfim, por meio das Secretarias de Cultura e de Assist\u00eancia Social, traz um brilho especial para a programa\u00e7\u00e3o junina de 2025: a participa\u00e7\u00e3o das idosas do Servi\u00e7o de Conviv\u00eancia e Fortalecimento de V\u00ednculos (SCFV), carinhosamente conhecidas como \u201cGarotas da Terceira Idade\u201d, como atra\u00e7\u00e3o essencial e contagiante do Forr\u00f3 na Feira, [&hellip;]<\/p>\n","protected":false},"author":1,"featured_media":76464,"comment_status":"open","ping_status":"open","sticky":false,"template":"","format":"standard","meta":{"_uag_custom_page_level_css":"","_monsterinsights_skip_tracking":false,"_monsterinsights_sitenote_active":false,"_monsterinsights_sitenote_note":"","_monsterinsights_sitenote_category":0,"jetpack_post_was_ever_published":false,"_jetpack_newsletter_access":"","_jetpack_dont_email_post_to_subs":false,"_jetpack_newsletter_tier_id":0,"_jetpack_memberships_contains_paywalled_content":false,"_jetpack_memberships_contains_paid_content":false,"footnotes":"","jetpack_publicize_message":"","jetpack_publicize_feature_enabled":true,"jetpack_social_post_already_shared":true,"jetpack_social_options":{"image_generator_settings":{"template":"highway","default_image_id":0,"font":"","enabled":false},"version":2}},"categories":[197],"tags":[],"class_list":["post-76463","post","type-post","status-publish","format-standard","has-post-thumbnail","hentry","category-politica"],"jetpack_publicize_connections":[],"jetpack_featured_media_url":"https:\/\/blogopara.com.br\/wp-content\/uploads\/2025\/05\/thumbnail_WhatsApp-Image-2025-05-29-at-19.28.41.jpg","uagb_featured_image_src":{"full":["https:\/\/blogopara.com.br\/wp-content\/uploads\/2025\/05\/thumbnail_WhatsApp-Image-2025-05-29-at-19.28.41.jpg",500,333,false],"thumbnail":["https:\/\/blogopara.com.br\/wp-content\/uploads\/2025\/05\/thumbnail_WhatsApp-Image-2025-05-29-at-19.28.41-150x150.jpg",150,150,true],"medium":["https:\/\/blogopara.com.br\/wp-content\/uploads\/2025\/05\/thumbnail_WhatsApp-Image-2025-05-29-at-19.28.41-300x200.jpg",300,200,true],"medium_large":["https:\/\/blogopara.com.br\/wp-content\/uploads\/2025\/05\/thumbnail_WhatsApp-Image-2025-05-29-at-19.28.41.jpg",500,333,false],"large":["https:\/\/blogopara.com.br\/wp-content\/uploads\/2025\/05\/thumbnail_WhatsApp-Image-2025-05-29-at-19.28.41.jpg",500,333,false],"1536x1536":["https:\/\/blogopara.com.br\/wp-content\/uploads\/2025\/05\/thumbnail_WhatsApp-Image-2025-05-29-at-19.28.41.jpg",500,333,false],"2048x2048":["https:\/\/blogopara.com.br\/wp-content\/uploads\/2025\/05\/thumbnail_WhatsApp-Image-2025-05-29-at-19.28.41.jpg",500,333,false],"mantranews-slider-large":["https:\/\/blogopara.com.br\/wp-content\/uploads\/2025\/05\/thumbnail_WhatsApp-Image-2025-05-29-at-19.28.41.jpg",500,333,false],"mantranews-featured-medium":["https:\/\/blogopara.com.br\/wp-content\/uploads\/2025\/05\/thumbnail_WhatsApp-Image-2025-05-29-at-19.28.41-420x307.jpg",420,307,true],"mantranews-featured-long":["https:\/\/blogopara.com.br\/wp-content\/uploads\/2025\/05\/thumbnail_WhatsApp-Image-2025-05-29-at-19.28.41-300x333.jpg",300,333,true],"mantranews-block-medium":["https:\/\/blogopara.com.br\/wp-content\/uploads\/2025\/05\/thumbnail_WhatsApp-Image-2025-05-29-at-19.28.41-464x290.jpg",464,290,true],"mantranews-carousel-image":["https:\/\/blogopara.com.br\/wp-content\/uploads\/2025\/05\/thumbnail_WhatsApp-Image-2025-05-29-at-19.28.41.jpg",500,333,false],"mantranews-block-thumb":["https:\/\/blogopara.com.br\/wp-content\/uploads\/2025\/05\/thumbnail_WhatsApp-Image-2025-05-29-at-19.28.41-322x230.jpg",322,230,true],"mantranews-single-large":["https:\/\/blogopara.com.br\/wp-content\/uploads\/2025\/05\/thumbnail_WhatsApp-Image-2025-05-29-at-19.28.41.jpg",500,333,false]},"uagb_author_info":{"display_name":"Reda\u00e7\u00e3o geral","author_link":"https:\/\/blogopara.com.br\/index.php\/author\/blogopara"},"uagb_comment_info":0,"uagb_excerpt":"A Prefeitura de Senhor do Bonfim, por meio das Secretarias de Cultura e de Assist\u00eancia Social, traz um brilho especial para a programa\u00e7\u00e3o junina de 2025: a participa\u00e7\u00e3o das idosas do Servi\u00e7o de Conviv\u00eancia e Fortalecimento de V\u00ednculos (SCFV), carinhosamente conhecidas como \u201cGarotas da Terceira Idade\u201d, como atra\u00e7\u00e3o essencial e contagiante do Forr\u00f3 na Feira,&hellip;","jetpack_sharing_enabled":true,"jetpack_likes_enabled":true,"_links":{"self":[{"href":"https:\/\/blogopara.com.br\/index.php\/wp-json\/wp\/v2\/posts\/76463","targetHints":{"allow":["GET"]}}],"collection":[{"href":"https:\/\/blogopara.com.br\/index.php\/wp-json\/wp\/v2\/posts"}],"about":[{"href":"https:\/\/blogopara.com.br\/index.php\/wp-json\/wp\/v2\/types\/post"}],"author":[{"embeddable":true,"href":"https:\/\/blogopara.com.br\/index.php\/wp-json\/wp\/v2\/users\/1"}],"replies":[{"embeddable":true,"href":"https:\/\/blogopara.com.br\/index.php\/wp-json\/wp\/v2\/comments?post=76463"}],"version-history":[{"count":1,"href":"https:\/\/blogopara.com.br\/index.php\/wp-json\/wp\/v2\/posts\/76463\/revisions"}],"predecessor-version":[{"id":76465,"href":"https:\/\/blogopara.com.br\/index.php\/wp-json\/wp\/v2\/posts\/76463\/revisions\/76465"}],"wp:featuredmedia":[{"embeddable":true,"href":"https:\/\/blogopara.com.br\/index.php\/wp-json\/wp\/v2\/media\/76464"}],"wp:attachment":[{"href":"https:\/\/blogopara.com.br\/index.php\/wp-json\/wp\/v2\/media?parent=76463"}],"wp:term":[{"taxonomy":"category","embeddable":true,"href":"https:\/\/blogopara.com.br\/index.php\/wp-json\/wp\/v2\/categories?post=76463"},{"taxonomy":"post_tag","embeddable":true,"href":"https:\/\/blogopara.com.br\/index.php\/wp-json\/wp\/v2\/tags?post=76463"}],"curies":[{"name":"wp","href":"https:\/\/api.w.org\/{rel}","templated":true}]}}