{"id":76485,"date":"2025-05-31T10:29:12","date_gmt":"2025-05-31T13:29:12","guid":{"rendered":"https:\/\/blogopara.com.br\/?p=76485"},"modified":"2025-05-31T10:29:12","modified_gmt":"2025-05-31T13:29:12","slug":"secretaria-de-educacao-de-juazeiro-promove-treinamento-em-primeiros-socorros","status":"publish","type":"post","link":"https:\/\/blogopara.com.br\/index.php\/2025\/05\/31\/secretaria-de-educacao-de-juazeiro-promove-treinamento-em-primeiros-socorros","title":{"rendered":"Secretaria de Educa\u00e7\u00e3o de Juazeiro promove treinamento em primeiros socorros"},"content":{"rendered":"<p>Gestores e coordenadores pedag\u00f3gicos das Escolas Municipais de Educa\u00e7\u00e3o Infantil de Juazeiro participaram, nesta sexta-feira (30), de um treinamento em primeiros socorros. O curso, realizado na Escola de Forma\u00e7\u00e3o Continuada de Educadores Parlim\/EFEP, \u00e9 resultado da parceria entre a Secretaria de Educa\u00e7\u00e3o\/Seduc, o Corpo de Bombeiros da Bahia e a Universidade de Pernambuco\/UPE.<\/p>\n<p>O treinamento foi impulsionado pela Lei Lucas, a Lei Federal 13.722\/2018, que torna obrigat\u00f3ria a capacita\u00e7\u00e3o de professores e funcion\u00e1rios de escolas de educa\u00e7\u00e3o b\u00e1sica em no\u00e7\u00f5es de primeiros socorros. \u201cNesse encontro n\u00f3s abordamos t\u00e9cnicas de emerg\u00eancia, reconhecimento de engasgo e de parada cardiorrespirat\u00f3ria, principais manobras, como agir e como chamar ajuda, entre outras aspectos\u201d, contou a professora do curso de Enfermagem da UPE, Wylma Bastos.<\/p>\n<p>Gestora da EMEI Nosso Senhor dos Aflitos, Sandra Brand\u00e3o tamb\u00e9m \u00e9 enfermeira e ressaltou a import\u00e2ncia da forma\u00e7\u00e3o para salvar vidas. \u201cEsse curso \u00e9 muito importante para todos n\u00f3s, gestores, coordenadores e professores. Ter a percep\u00e7\u00e3o de quando uma crian\u00e7a est\u00e1 engasgada e saber a manobra para desengasgar pode salvar uma vida\u201d, disse a gestora, lembrando que j\u00e1 precisou usar a manobra na escola para desengasgar um aluno.<\/p>\n<p>\u2014<\/p>\n<p>Eneida Trindade \u2013 Ascom\/PMJ<\/p>\n","protected":false},"excerpt":{"rendered":"<p>Gestores e coordenadores pedag\u00f3gicos das Escolas Municipais de Educa\u00e7\u00e3o Infantil de Juazeiro participaram, nesta sexta-feira (30), de um treinamento em primeiros socorros. O curso, realizado na Escola de Forma\u00e7\u00e3o Continuada de Educadores Parlim\/EFEP, \u00e9 resultado da parceria entre a Secretaria de Educa\u00e7\u00e3o\/Seduc, o Corpo de Bombeiros da Bahia e a Universidade de Pernambuco\/UPE. O treinamento [&hellip;]<\/p>\n","protected":false},"author":1,"featured_media":76488,"comment_status":"open","ping_status":"open","sticky":false,"template":"","format":"standard","meta":{"_uag_custom_page_level_css":"","_monsterinsights_skip_tracking":false,"_monsterinsights_sitenote_active":false,"_monsterinsights_sitenote_note":"","_monsterinsights_sitenote_category":0,"jetpack_post_was_ever_published":false,"_jetpack_newsletter_access":"","_jetpack_dont_email_post_to_subs":false,"_jetpack_newsletter_tier_id":0,"_jetpack_memberships_contains_paywalled_content":false,"_jetpack_memberships_contains_paid_content":false,"footnotes":"","jetpack_publicize_message":"","jetpack_publicize_feature_enabled":true,"jetpack_social_post_already_shared":true,"jetpack_social_options":{"image_generator_settings":{"template":"highway","default_image_id":0,"font":"","enabled":false},"version":2}},"categories":[203],"tags":[],"class_list":["post-76485","post","type-post","status-publish","format-standard","has-post-thumbnail","hentry","category-juazeiro"],"jetpack_publicize_connections":[],"jetpack_featured_media_url":"https:\/\/blogopara.com.br\/wp-content\/uploads\/2025\/05\/Primeiros-Socorros01-1536x1148-2.jpeg","uagb_featured_image_src":{"full":["https:\/\/blogopara.com.br\/wp-content\/uploads\/2025\/05\/Primeiros-Socorros01-1536x1148-2.jpeg",500,373,false],"thumbnail":["https:\/\/blogopara.com.br\/wp-content\/uploads\/2025\/05\/Primeiros-Socorros01-1536x1148-2-150x150.jpeg",150,150,true],"medium":["https:\/\/blogopara.com.br\/wp-content\/uploads\/2025\/05\/Primeiros-Socorros01-1536x1148-2-300x224.jpeg",300,224,true],"medium_large":["https:\/\/blogopara.com.br\/wp-content\/uploads\/2025\/05\/Primeiros-Socorros01-1536x1148-2.jpeg",500,373,false],"large":["https:\/\/blogopara.com.br\/wp-content\/uploads\/2025\/05\/Primeiros-Socorros01-1536x1148-2.jpeg",500,373,false],"1536x1536":["https:\/\/blogopara.com.br\/wp-content\/uploads\/2025\/05\/Primeiros-Socorros01-1536x1148-2.jpeg",500,373,false],"2048x2048":["https:\/\/blogopara.com.br\/wp-content\/uploads\/2025\/05\/Primeiros-Socorros01-1536x1148-2.jpeg",500,373,false],"mantranews-slider-large":["https:\/\/blogopara.com.br\/wp-content\/uploads\/2025\/05\/Primeiros-Socorros01-1536x1148-2.jpeg",500,373,false],"mantranews-featured-medium":["https:\/\/blogopara.com.br\/wp-content\/uploads\/2025\/05\/Primeiros-Socorros01-1536x1148-2-420x307.jpeg",420,307,true],"mantranews-featured-long":["https:\/\/blogopara.com.br\/wp-content\/uploads\/2025\/05\/Primeiros-Socorros01-1536x1148-2-300x373.jpeg",300,373,true],"mantranews-block-medium":["https:\/\/blogopara.com.br\/wp-content\/uploads\/2025\/05\/Primeiros-Socorros01-1536x1148-2-464x290.jpeg",464,290,true],"mantranews-carousel-image":["https:\/\/blogopara.com.br\/wp-content\/uploads\/2025\/05\/Primeiros-Socorros01-1536x1148-2.jpeg",500,373,false],"mantranews-block-thumb":["https:\/\/blogopara.com.br\/wp-content\/uploads\/2025\/05\/Primeiros-Socorros01-1536x1148-2-322x230.jpeg",322,230,true],"mantranews-single-large":["https:\/\/blogopara.com.br\/wp-content\/uploads\/2025\/05\/Primeiros-Socorros01-1536x1148-2.jpeg",500,373,false]},"uagb_author_info":{"display_name":"Reda\u00e7\u00e3o geral","author_link":"https:\/\/blogopara.com.br\/index.php\/author\/blogopara"},"uagb_comment_info":0,"uagb_excerpt":"Gestores e coordenadores pedag\u00f3gicos das Escolas Municipais de Educa\u00e7\u00e3o Infantil de Juazeiro participaram, nesta sexta-feira (30), de um treinamento em primeiros socorros. O curso, realizado na Escola de Forma\u00e7\u00e3o Continuada de Educadores Parlim\/EFEP, \u00e9 resultado da parceria entre a Secretaria de Educa\u00e7\u00e3o\/Seduc, o Corpo de Bombeiros da Bahia e a Universidade de Pernambuco\/UPE. O treinamento&hellip;","jetpack_sharing_enabled":true,"jetpack_likes_enabled":true,"_links":{"self":[{"href":"https:\/\/blogopara.com.br\/index.php\/wp-json\/wp\/v2\/posts\/76485","targetHints":{"allow":["GET"]}}],"collection":[{"href":"https:\/\/blogopara.com.br\/index.php\/wp-json\/wp\/v2\/posts"}],"about":[{"href":"https:\/\/blogopara.com.br\/index.php\/wp-json\/wp\/v2\/types\/post"}],"author":[{"embeddable":true,"href":"https:\/\/blogopara.com.br\/index.php\/wp-json\/wp\/v2\/users\/1"}],"replies":[{"embeddable":true,"href":"https:\/\/blogopara.com.br\/index.php\/wp-json\/wp\/v2\/comments?post=76485"}],"version-history":[{"count":1,"href":"https:\/\/blogopara.com.br\/index.php\/wp-json\/wp\/v2\/posts\/76485\/revisions"}],"predecessor-version":[{"id":76489,"href":"https:\/\/blogopara.com.br\/index.php\/wp-json\/wp\/v2\/posts\/76485\/revisions\/76489"}],"wp:featuredmedia":[{"embeddable":true,"href":"https:\/\/blogopara.com.br\/index.php\/wp-json\/wp\/v2\/media\/76488"}],"wp:attachment":[{"href":"https:\/\/blogopara.com.br\/index.php\/wp-json\/wp\/v2\/media?parent=76485"}],"wp:term":[{"taxonomy":"category","embeddable":true,"href":"https:\/\/blogopara.com.br\/index.php\/wp-json\/wp\/v2\/categories?post=76485"},{"taxonomy":"post_tag","embeddable":true,"href":"https:\/\/blogopara.com.br\/index.php\/wp-json\/wp\/v2\/tags?post=76485"}],"curies":[{"name":"wp","href":"https:\/\/api.w.org\/{rel}","templated":true}]}}