{"id":76648,"date":"2025-06-05T18:38:26","date_gmt":"2025-06-05T21:38:26","guid":{"rendered":"https:\/\/blogopara.com.br\/?p=76648"},"modified":"2025-06-05T18:38:26","modified_gmt":"2025-06-05T21:38:26","slug":"com-a-chegada-do-inverno-bronquiolite-acende-alerta-de-saude-publica-em-todo-o-brasil","status":"publish","type":"post","link":"https:\/\/blogopara.com.br\/index.php\/2025\/06\/05\/com-a-chegada-do-inverno-bronquiolite-acende-alerta-de-saude-publica-em-todo-o-brasil","title":{"rendered":"Com a chegada do inverno, bronquiolite acende alerta de sa\u00fade p\u00fablica em todo o Brasil"},"content":{"rendered":"<p>Com a chegada do inverno, unidades de sa\u00fade em todo o Brasil registram um aumento significativo nos casos de bronquiolite, uma infec\u00e7\u00e3o viral que afeta principalmente crian\u00e7as de at\u00e9 dois anos de idade. Dados recentes da Funda\u00e7\u00e3o Oswaldo Cruz (Fiocruz) indicam um crescimento de 110% nos casos de S\u00edndrome Respirat\u00f3ria Aguda Grave (SRAG) em crian\u00e7as de 0 a 4 anos entre fevereiro e mar\u00e7o deste ano, com o V\u00edrus Sincicial Respirat\u00f3rio (VSR) sendo o principal agente identificado.<\/p>\n<p>A bronquiolite \u00e9 causada principalmente pelo VSR, respons\u00e1vel por at\u00e9 80% dos casos da doen\u00e7a em crian\u00e7as menores de dois anos. A infec\u00e7\u00e3o inflama os bronqu\u00edolos, pequenas vias a\u00e9reas dos pulm\u00f5es, dificultando a respira\u00e7\u00e3o. Os sintomas iniciais incluem coriza, tosse e febre baixa, mas podem evoluir rapidamente para chiado no peito, respira\u00e7\u00e3o acelerada e dificuldade para mamar ou dormir.<\/p>\n<p>No estado do Rio de Janeiro, por exemplo, os casos de bronquiolite aumentaram 19% nos tr\u00eas primeiros meses de 2025 em compara\u00e7\u00e3o ao mesmo per\u00edodo do ano anterior. Em Belo Horizonte, as hospitaliza\u00e7\u00f5es de crian\u00e7as menores de um ano por s\u00edndromes gripais graves cresceram 40% em apenas uma semana. Al\u00e9m disso, o Distrito Federal registrou um aumento de 685% nos atendimentos por sintomas gripais na primeira quinzena de maio. Segundo dados recentes do Minist\u00e9rio da Sa\u00fade, os atendimentos por complica\u00e7\u00f5es respirat\u00f3rias cresceram mais de 40% em algumas capitais nas \u00faltimas semanas.<\/p>\n<p>Em resposta ao aumento dos casos, o Minist\u00e9rio da Sa\u00fade incorporou ao Sistema \u00danico de Sa\u00fade (SUS) duas novas tecnologias para prevenir complica\u00e7\u00f5es causadas pelo VSR: o anticorpo monoclonal nirsevimabe, indicado para proteger beb\u00eas prematuros e crian\u00e7as de at\u00e9 2 anos com comorbidades, e a vacina recombinante contra os v\u00edrus sinciciais respirat\u00f3rios A e B, aplicada em gestantes para proteger o beb\u00ea nos primeiros meses de vida. Estudos indicam que a vacina\u00e7\u00e3o de gestantes pode prevenir aproximadamente 28 mil interna\u00e7\u00f5es anuais.<\/p>\n<p>Segundo Carmen Elias, pediatra e docente do IDOMED (Instituto de Educa\u00e7\u00e3o M\u00e9dica), al\u00e9m do refor\u00e7o \u00e0 infraestrutura hospitalar, o enfrentamento \u00e0 bronquiolite tamb\u00e9m depende da conscientiza\u00e7\u00e3o das fam\u00edlias. \u201cOs ambientes devem ter uma boa ventila\u00e7\u00e3o e a higiene de objetos e superf\u00edcies t\u00eam que ser rigorosas. Durante os meses mais frios, os adultos podem limitar \/ evitar o contato<\/p>\n<p>de beb\u00eas com pessoas gripadas. \u00c9 de extrema import\u00e2ncia manter o aleitamento materno exclusivo, que \u00e9 fundamental nesta preven\u00e7\u00e3o\u201d, comenta a pediatra.<\/p>\n<p>De acordo com a especialista, as creches e os espa\u00e7os de conviv\u00eancia infantil dever\u00e3o adotar protocolos de preven\u00e7\u00e3o, com treinamento de educadores para identificar sinais de agravamento, evitando surtos e encaminhando os pequenos casos ao atendimento adequado o quanto antes. Para ele, a atua\u00e7\u00e3o conjunta entre fam\u00edlias, escolas e profissionais de sa\u00fade \u00e9 determinante para reduzir a press\u00e3o sobre o sistema e salvar vidas. Na vis\u00e3o dela, a caderneta de vacina\u00e7\u00e3o atualizada \u00e9 a melhor forma de preven\u00e7\u00e3o.<\/p>\n<p>O SUS tamb\u00e9m oferece atendimento gratuito, exames e suporte hospitalar para casos mais severos de bronquiolite. Em 2024, foram realizados mais de 3 milh\u00f5es de atendimentos relacionados a infec\u00e7\u00f5es respirat\u00f3rias infantis, n\u00famero que tende a crescer nos pr\u00f3ximos meses com a intensifica\u00e7\u00e3o do inverno<\/p>\n","protected":false},"excerpt":{"rendered":"<p>Com a chegada do inverno, unidades de sa\u00fade em todo o Brasil registram um aumento significativo nos casos de bronquiolite, uma infec\u00e7\u00e3o viral que afeta principalmente crian\u00e7as de at\u00e9 dois anos de idade. Dados recentes da Funda\u00e7\u00e3o Oswaldo Cruz (Fiocruz) indicam um crescimento de 110% nos casos de S\u00edndrome Respirat\u00f3ria Aguda Grave (SRAG) em crian\u00e7as [&hellip;]<\/p>\n","protected":false},"author":1,"featured_media":76649,"comment_status":"open","ping_status":"open","sticky":false,"template":"","format":"standard","meta":{"_uag_custom_page_level_css":"","_monsterinsights_skip_tracking":false,"_monsterinsights_sitenote_active":false,"_monsterinsights_sitenote_note":"","_monsterinsights_sitenote_category":0,"jetpack_post_was_ever_published":false,"_jetpack_newsletter_access":"","_jetpack_dont_email_post_to_subs":false,"_jetpack_newsletter_tier_id":0,"_jetpack_memberships_contains_paywalled_content":false,"_jetpack_memberships_contains_paid_content":false,"footnotes":"","jetpack_publicize_message":"","jetpack_publicize_feature_enabled":true,"jetpack_social_post_already_shared":true,"jetpack_social_options":{"image_generator_settings":{"template":"highway","default_image_id":0,"font":"","enabled":false},"version":2}},"categories":[199],"tags":[],"class_list":["post-76648","post","type-post","status-publish","format-standard","has-post-thumbnail","hentry","category-bahia"],"jetpack_publicize_connections":[],"jetpack_featured_media_url":"https:\/\/blogopara.com.br\/wp-content\/uploads\/2025\/06\/Bronquite.jpg","uagb_featured_image_src":{"full":["https:\/\/blogopara.com.br\/wp-content\/uploads\/2025\/06\/Bronquite.jpg",500,281,false],"thumbnail":["https:\/\/blogopara.com.br\/wp-content\/uploads\/2025\/06\/Bronquite-150x150.jpg",150,150,true],"medium":["https:\/\/blogopara.com.br\/wp-content\/uploads\/2025\/06\/Bronquite-300x169.jpg",300,169,true],"medium_large":["https:\/\/blogopara.com.br\/wp-content\/uploads\/2025\/06\/Bronquite.jpg",500,281,false],"large":["https:\/\/blogopara.com.br\/wp-content\/uploads\/2025\/06\/Bronquite.jpg",500,281,false],"1536x1536":["https:\/\/blogopara.com.br\/wp-content\/uploads\/2025\/06\/Bronquite.jpg",500,281,false],"2048x2048":["https:\/\/blogopara.com.br\/wp-content\/uploads\/2025\/06\/Bronquite.jpg",500,281,false],"mantranews-slider-large":["https:\/\/blogopara.com.br\/wp-content\/uploads\/2025\/06\/Bronquite.jpg",500,281,false],"mantranews-featured-medium":["https:\/\/blogopara.com.br\/wp-content\/uploads\/2025\/06\/Bronquite-420x281.jpg",420,281,true],"mantranews-featured-long":["https:\/\/blogopara.com.br\/wp-content\/uploads\/2025\/06\/Bronquite-300x281.jpg",300,281,true],"mantranews-block-medium":["https:\/\/blogopara.com.br\/wp-content\/uploads\/2025\/06\/Bronquite-464x281.jpg",464,281,true],"mantranews-carousel-image":["https:\/\/blogopara.com.br\/wp-content\/uploads\/2025\/06\/Bronquite.jpg",500,281,false],"mantranews-block-thumb":["https:\/\/blogopara.com.br\/wp-content\/uploads\/2025\/06\/Bronquite-322x230.jpg",322,230,true],"mantranews-single-large":["https:\/\/blogopara.com.br\/wp-content\/uploads\/2025\/06\/Bronquite.jpg",500,281,false]},"uagb_author_info":{"display_name":"Reda\u00e7\u00e3o geral","author_link":"https:\/\/blogopara.com.br\/index.php\/author\/blogopara"},"uagb_comment_info":0,"uagb_excerpt":"Com a chegada do inverno, unidades de sa\u00fade em todo o Brasil registram um aumento significativo nos casos de bronquiolite, uma infec\u00e7\u00e3o viral que afeta principalmente crian\u00e7as de at\u00e9 dois anos de idade. Dados recentes da Funda\u00e7\u00e3o Oswaldo Cruz (Fiocruz) indicam um crescimento de 110% nos casos de S\u00edndrome Respirat\u00f3ria Aguda Grave (SRAG) em crian\u00e7as&hellip;","jetpack_sharing_enabled":true,"jetpack_likes_enabled":true,"_links":{"self":[{"href":"https:\/\/blogopara.com.br\/index.php\/wp-json\/wp\/v2\/posts\/76648","targetHints":{"allow":["GET"]}}],"collection":[{"href":"https:\/\/blogopara.com.br\/index.php\/wp-json\/wp\/v2\/posts"}],"about":[{"href":"https:\/\/blogopara.com.br\/index.php\/wp-json\/wp\/v2\/types\/post"}],"author":[{"embeddable":true,"href":"https:\/\/blogopara.com.br\/index.php\/wp-json\/wp\/v2\/users\/1"}],"replies":[{"embeddable":true,"href":"https:\/\/blogopara.com.br\/index.php\/wp-json\/wp\/v2\/comments?post=76648"}],"version-history":[{"count":1,"href":"https:\/\/blogopara.com.br\/index.php\/wp-json\/wp\/v2\/posts\/76648\/revisions"}],"predecessor-version":[{"id":76650,"href":"https:\/\/blogopara.com.br\/index.php\/wp-json\/wp\/v2\/posts\/76648\/revisions\/76650"}],"wp:featuredmedia":[{"embeddable":true,"href":"https:\/\/blogopara.com.br\/index.php\/wp-json\/wp\/v2\/media\/76649"}],"wp:attachment":[{"href":"https:\/\/blogopara.com.br\/index.php\/wp-json\/wp\/v2\/media?parent=76648"}],"wp:term":[{"taxonomy":"category","embeddable":true,"href":"https:\/\/blogopara.com.br\/index.php\/wp-json\/wp\/v2\/categories?post=76648"},{"taxonomy":"post_tag","embeddable":true,"href":"https:\/\/blogopara.com.br\/index.php\/wp-json\/wp\/v2\/tags?post=76648"}],"curies":[{"name":"wp","href":"https:\/\/api.w.org\/{rel}","templated":true}]}}