{"id":76747,"date":"2025-06-09T19:24:00","date_gmt":"2025-06-09T22:24:00","guid":{"rendered":"https:\/\/blogopara.com.br\/?p=76747"},"modified":"2025-06-09T19:24:00","modified_gmt":"2025-06-09T22:24:00","slug":"albrae-projeta-futuro-da-advocacia-empresarial-em-encontro-realizado-em-aracaju","status":"publish","type":"post","link":"https:\/\/blogopara.com.br\/index.php\/2025\/06\/09\/albrae-projeta-futuro-da-advocacia-empresarial-em-encontro-realizado-em-aracaju","title":{"rendered":"ALBRAE projeta futuro da advocacia empresarial em encontro realizado em Aracaju"},"content":{"rendered":"<p>A cidade de Aracaju sediou, entre os dias 5 e 7 de junho, o LV Encontro da Alian\u00e7a Brasileira de Advocacia Empresarial (ALBRAE). Escrit\u00f3rios de todas as regi\u00f5es do Pa\u00eds participaram da programa\u00e7\u00e3o, que combinou debates estrat\u00e9gicos, fortalecimento institucional e foco no desenvolvimento da advocacia empresarial.<\/p>\n<p>O evento teve in\u00edcio na quinta-feira, com visita ao escrit\u00f3rio aliado Monteiro Nascimento Advogados. Ainda no primeiro dia, o painel \u201cApresenta\u00e7\u00e3o das Potencialidades de Neg\u00f3cios do Estado de Sergipe\u201d apresentou os principais atrativos econ\u00f4micos da regi\u00e3o. A exposi\u00e7\u00e3o foi conduzida por Milton Arthur Vasconcelos de Andrade Cruz, representante da Sergipe de Desenvolvimento, no Museu da Gente Sergipana.<\/p>\n<p>Na sexta-feira, o painel \u201cOportunidades e Gera\u00e7\u00e3o de Neg\u00f3cios em Aracaju\u201d foi conduzido pelo secret\u00e1rio municipal de Desenvolvimento Econ\u00f4mico e Inova\u00e7\u00e3o, Dilermando J\u00fanior. Ele destacou setores estrat\u00e9gicos, dados econ\u00f4micos e projetos em andamento que colocam a capital sergipana como destino atrativo para investimentos e parcerias empresariais.<\/p>\n<p>O advogado Thiago Franco Cordeiro esteve entre os participantes da assembleia, contribuindo para as discuss\u00f5es e refor\u00e7ando o papel da advocacia empresarial na constru\u00e7\u00e3o de solu\u00e7\u00f5es modernas e colaborativas. Segundo ele, a atua\u00e7\u00e3o em rede fortalece a pr\u00e1tica jur\u00eddica ao conectar diferentes experi\u00eancias regionais com uma vis\u00e3o unificada de excel\u00eancia.<\/p>\n<p>Durante a Assembleia, tamb\u00e9m foram abordados temas como conflitos societ\u00e1rios, intelig\u00eancia artificial aplicada ao Direito, gest\u00e3o de afastados e estrat\u00e9gias de marketing jur\u00eddico. A programa\u00e7\u00e3o incluiu ainda a apresenta\u00e7\u00e3o de novos escrit\u00f3rios aliados do Piau\u00ed, Acre e Bahia, e o planejamento para a participa\u00e7\u00e3o da ALBRAE na Fenalaw 2025, maior feira jur\u00eddica da Am\u00e9rica Latina.<\/p>\n<p>O encontro refor\u00e7ou a miss\u00e3o da ALBRAE de unir escrit\u00f3rios especializados em Direito Empresarial em torno de valores comuns, como \u00e9tica, inova\u00e7\u00e3o, excel\u00eancia t\u00e9cnica e compromisso com o futuro da advocacia no Brasil<\/p>\n","protected":false},"excerpt":{"rendered":"<p>A cidade de Aracaju sediou, entre os dias 5 e 7 de junho, o LV Encontro da Alian\u00e7a Brasileira de Advocacia Empresarial (ALBRAE). Escrit\u00f3rios de todas as regi\u00f5es do Pa\u00eds participaram da programa\u00e7\u00e3o, que combinou debates estrat\u00e9gicos, fortalecimento institucional e foco no desenvolvimento da advocacia empresarial. O evento teve in\u00edcio na quinta-feira, com visita ao [&hellip;]<\/p>\n","protected":false},"author":1,"featured_media":76748,"comment_status":"open","ping_status":"open","sticky":false,"template":"","format":"standard","meta":{"_uag_custom_page_level_css":"","_monsterinsights_skip_tracking":false,"_monsterinsights_sitenote_active":false,"_monsterinsights_sitenote_note":"","_monsterinsights_sitenote_category":0,"jetpack_post_was_ever_published":false,"_jetpack_newsletter_access":"","_jetpack_dont_email_post_to_subs":false,"_jetpack_newsletter_tier_id":0,"_jetpack_memberships_contains_paywalled_content":false,"_jetpack_memberships_contains_paid_content":false,"footnotes":"","jetpack_publicize_message":"","jetpack_publicize_feature_enabled":true,"jetpack_social_post_already_shared":true,"jetpack_social_options":{"image_generator_settings":{"template":"highway","default_image_id":0,"font":"","enabled":false},"version":2}},"categories":[200],"tags":[],"class_list":["post-76747","post","type-post","status-publish","format-standard","has-post-thumbnail","hentry","category-brasil"],"jetpack_publicize_connections":[],"jetpack_featured_media_url":"https:\/\/blogopara.com.br\/wp-content\/uploads\/2025\/06\/WhatsApp-Image-2025-06-09-at-19.03.10.jpeg","uagb_featured_image_src":{"full":["https:\/\/blogopara.com.br\/wp-content\/uploads\/2025\/06\/WhatsApp-Image-2025-06-09-at-19.03.10.jpeg",500,333,false],"thumbnail":["https:\/\/blogopara.com.br\/wp-content\/uploads\/2025\/06\/WhatsApp-Image-2025-06-09-at-19.03.10-150x150.jpeg",150,150,true],"medium":["https:\/\/blogopara.com.br\/wp-content\/uploads\/2025\/06\/WhatsApp-Image-2025-06-09-at-19.03.10-300x200.jpeg",300,200,true],"medium_large":["https:\/\/blogopara.com.br\/wp-content\/uploads\/2025\/06\/WhatsApp-Image-2025-06-09-at-19.03.10.jpeg",500,333,false],"large":["https:\/\/blogopara.com.br\/wp-content\/uploads\/2025\/06\/WhatsApp-Image-2025-06-09-at-19.03.10.jpeg",500,333,false],"1536x1536":["https:\/\/blogopara.com.br\/wp-content\/uploads\/2025\/06\/WhatsApp-Image-2025-06-09-at-19.03.10.jpeg",500,333,false],"2048x2048":["https:\/\/blogopara.com.br\/wp-content\/uploads\/2025\/06\/WhatsApp-Image-2025-06-09-at-19.03.10.jpeg",500,333,false],"mantranews-slider-large":["https:\/\/blogopara.com.br\/wp-content\/uploads\/2025\/06\/WhatsApp-Image-2025-06-09-at-19.03.10.jpeg",500,333,false],"mantranews-featured-medium":["https:\/\/blogopara.com.br\/wp-content\/uploads\/2025\/06\/WhatsApp-Image-2025-06-09-at-19.03.10-420x307.jpeg",420,307,true],"mantranews-featured-long":["https:\/\/blogopara.com.br\/wp-content\/uploads\/2025\/06\/WhatsApp-Image-2025-06-09-at-19.03.10-300x333.jpeg",300,333,true],"mantranews-block-medium":["https:\/\/blogopara.com.br\/wp-content\/uploads\/2025\/06\/WhatsApp-Image-2025-06-09-at-19.03.10-464x290.jpeg",464,290,true],"mantranews-carousel-image":["https:\/\/blogopara.com.br\/wp-content\/uploads\/2025\/06\/WhatsApp-Image-2025-06-09-at-19.03.10.jpeg",500,333,false],"mantranews-block-thumb":["https:\/\/blogopara.com.br\/wp-content\/uploads\/2025\/06\/WhatsApp-Image-2025-06-09-at-19.03.10-322x230.jpeg",322,230,true],"mantranews-single-large":["https:\/\/blogopara.com.br\/wp-content\/uploads\/2025\/06\/WhatsApp-Image-2025-06-09-at-19.03.10.jpeg",500,333,false]},"uagb_author_info":{"display_name":"Reda\u00e7\u00e3o geral","author_link":"https:\/\/blogopara.com.br\/index.php\/author\/blogopara"},"uagb_comment_info":0,"uagb_excerpt":"A cidade de Aracaju sediou, entre os dias 5 e 7 de junho, o LV Encontro da Alian\u00e7a Brasileira de Advocacia Empresarial (ALBRAE). Escrit\u00f3rios de todas as regi\u00f5es do Pa\u00eds participaram da programa\u00e7\u00e3o, que combinou debates estrat\u00e9gicos, fortalecimento institucional e foco no desenvolvimento da advocacia empresarial. O evento teve in\u00edcio na quinta-feira, com visita ao&hellip;","jetpack_sharing_enabled":true,"jetpack_likes_enabled":true,"_links":{"self":[{"href":"https:\/\/blogopara.com.br\/index.php\/wp-json\/wp\/v2\/posts\/76747","targetHints":{"allow":["GET"]}}],"collection":[{"href":"https:\/\/blogopara.com.br\/index.php\/wp-json\/wp\/v2\/posts"}],"about":[{"href":"https:\/\/blogopara.com.br\/index.php\/wp-json\/wp\/v2\/types\/post"}],"author":[{"embeddable":true,"href":"https:\/\/blogopara.com.br\/index.php\/wp-json\/wp\/v2\/users\/1"}],"replies":[{"embeddable":true,"href":"https:\/\/blogopara.com.br\/index.php\/wp-json\/wp\/v2\/comments?post=76747"}],"version-history":[{"count":1,"href":"https:\/\/blogopara.com.br\/index.php\/wp-json\/wp\/v2\/posts\/76747\/revisions"}],"predecessor-version":[{"id":76749,"href":"https:\/\/blogopara.com.br\/index.php\/wp-json\/wp\/v2\/posts\/76747\/revisions\/76749"}],"wp:featuredmedia":[{"embeddable":true,"href":"https:\/\/blogopara.com.br\/index.php\/wp-json\/wp\/v2\/media\/76748"}],"wp:attachment":[{"href":"https:\/\/blogopara.com.br\/index.php\/wp-json\/wp\/v2\/media?parent=76747"}],"wp:term":[{"taxonomy":"category","embeddable":true,"href":"https:\/\/blogopara.com.br\/index.php\/wp-json\/wp\/v2\/categories?post=76747"},{"taxonomy":"post_tag","embeddable":true,"href":"https:\/\/blogopara.com.br\/index.php\/wp-json\/wp\/v2\/tags?post=76747"}],"curies":[{"name":"wp","href":"https:\/\/api.w.org\/{rel}","templated":true}]}}