{"id":76750,"date":"2025-06-09T19:27:00","date_gmt":"2025-06-09T22:27:00","guid":{"rendered":"https:\/\/blogopara.com.br\/?p=76750"},"modified":"2025-06-09T19:27:00","modified_gmt":"2025-06-09T22:27:00","slug":"primeira-fase-no-processo-de-beatificacao-do-padre-cicero-pela-igreja-catolica-foi-concluida-confira-proximo-passo","status":"publish","type":"post","link":"https:\/\/blogopara.com.br\/index.php\/2025\/06\/09\/primeira-fase-no-processo-de-beatificacao-do-padre-cicero-pela-igreja-catolica-foi-concluida-confira-proximo-passo","title":{"rendered":"Primeira fase no processo de beatifica\u00e7\u00e3o do padre C\u00edcero pela Igreja Cat\u00f3lica foi conclu\u00edda. Confira pr\u00f3ximo passo"},"content":{"rendered":"<p>A primeira fase no processo de beatifica\u00e7\u00e3o do padre C\u00edcero Rom\u00e3o Batista pela Igreja Cat\u00f3lica foi conclu\u00edda e ser\u00e1 enviada ao Vaticano no m\u00eas de junho. Iniciada em novembro de 2022, a fase diocesana incluiu um levantamento sobre a vida, os escritos, as qualidades e virtudes do padre C\u00edcero.<\/p>\n<p>Agora toda a documenta\u00e7\u00e3o ser\u00e1 enviada ao Vaticano. A partir de ent\u00e3o, come\u00e7ar\u00e1 a fase romana do processo.<\/p>\n<p>Atualmente, padre C\u00edcero possui o t\u00edtulo de Servo de Deus, atribu\u00eddo \u00e0queles que est\u00e3o no in\u00edcio do processo de beatifica\u00e7\u00e3o. Caso o papa reconhe\u00e7a as virtudes dele ao fim da fase romana, o padre poder\u00e1 ser nomeado como Vener\u00e1vel Servo de Deus.<\/p>\n<p>Os documentos fornecidos pela Comiss\u00e3o Hist\u00f3rica na fase diocesana foram reunidos em cerca de 10 mil p\u00e1ginas. Esta primeira etapa \u00e9 chamada de &#8220;Inqu\u00e9rito sobre a vida e as virtudes do Servo de Deus&#8221;, trazendo uma biografia bastante documentada.<\/p>\n<p>O relat\u00f3rio da Comiss\u00e3o Hist\u00f3rica tem cerca de 200 p\u00e1ginas, enquanto os escritos do padre C\u00edcero tiveram pouco mais de 850 p\u00e1ginas, como detalha o padre Wesley Barros, vice-postulador da causa de beatifica\u00e7\u00e3o.<\/p>\n<p>Al\u00e9m disso, o inqu\u00e9rito tamb\u00e9m conta dez obras liter\u00e1rias sobre o padre C\u00edcero, al\u00e9m dos testemunhos de mais de 60 pessoas que tiveram contato com a hist\u00f3ria do religioso.<\/p>\n<p>\u201cUm cap\u00edtulo para Gra\u00e7as Alcan\u00e7adas faz parte desse relat\u00f3rio da Comiss\u00e3o Hist\u00f3rica porque a comiss\u00e3o tem o dever de provar que o Servo de Deus foi venerado, foi invocado desde o momento em que ele faleceu. Ent\u00e3o foi um trabalho de garimpar mesmo entre os romeiros, entre os relatos antigos deixados na Bas\u00edlica de Nossa Senhora das Dores\u201d, explicou o padre Wesley Barros.<\/p>\n<p>Para esta parte do relat\u00f3rio, os membros da comiss\u00e3o reuniram documentos e digitaram cartas escritas desde 1934 at\u00e9 os dias atuais.<\/p>\n<p>Todo o material precisou ser microfilmado e digitado para inclus\u00e3o no processo. Para o vice-postulador, uma das dificuldades foi recolher todo o material sem deixar de fora os aspectos relevantes, fundamentando com provas documentais.<\/p>\n<p>\u201cEle era uma figura que se relacionava com os mais variados segmentos da sociedade, desde as pessoas mais simples, a quem ele mandava um bilhetinho enviando a b\u00ean\u00e7\u00e3o e um recado para nunca deixar de rezar o ros\u00e1rio, at\u00e9 as cartas que enviavam para as pessoas importantes, influentes, da vida pol\u00edtica e religiosa da regi\u00e3o, em busca de aux\u00edlio, de suprimentos para as necessidades das pessoas mais pobres que estavam a seus cuidados em Juazeiro\u201d, recorda o padre Wesley.<\/p>\n<p>Ap\u00f3s quase dois anos e meio de trabalho, a fase diocesana encerra para que possa come\u00e7ar a fase romana, que tamb\u00e9m \u00e9 considerada demorada. Nela, o material \u00e9 analisado no Dicast\u00e9rio para a Causa dos Santos, em Roma.<\/p>\n<p>A tramita\u00e7\u00e3o na fase romana inclui a reda\u00e7\u00e3o de uma tese, com cerca de 300 p\u00e1ginas, sobre o Servo de Deus. Este documento servir\u00e1 para an\u00e1lises e vota\u00e7\u00f5es entre os te\u00f3logos do Dicast\u00e9rio. Na \u00faltima inst\u00e2ncia, caber\u00e1 ao papa reconhecer as virtudes do padre C\u00edcero.<\/p>\n<p>Os pr\u00f3ximos passos da beatifica\u00e7\u00e3o incluem, de acordo com o vice-postulador:<\/p>\n<p>Envio do primeiro inqu\u00e9rito da fase diocesana para Roma, previsto para junho deste ano.<br \/>\nIn\u00edcio da fase romana do primeiro inqu\u00e9rito, que pode levar padre C\u00edcero ao t\u00edtulo de Vener\u00e1vel Servo de Deus<br \/>\nFase diocesana de um segundo inqu\u00e9rito, buscando comprovar um milagre atribu\u00eddo a Padre C\u00edcero<br \/>\nFase romana do segundo inqu\u00e9rito, podendo tornar padre C\u00edcero um beato da Igreja Cat\u00f3lica.<\/p>\n<p>&nbsp;<\/p>\n<p>redegn Foto Ney Vital redegn<\/p>\n","protected":false},"excerpt":{"rendered":"<p>A primeira fase no processo de beatifica\u00e7\u00e3o do padre C\u00edcero Rom\u00e3o Batista pela Igreja Cat\u00f3lica foi conclu\u00edda e ser\u00e1 enviada ao Vaticano no m\u00eas de junho. Iniciada em novembro de 2022, a fase diocesana incluiu um levantamento sobre a vida, os escritos, as qualidades e virtudes do padre C\u00edcero. Agora toda a documenta\u00e7\u00e3o ser\u00e1 enviada [&hellip;]<\/p>\n","protected":false},"author":1,"featured_media":76751,"comment_status":"open","ping_status":"open","sticky":false,"template":"","format":"standard","meta":{"_uag_custom_page_level_css":"","_monsterinsights_skip_tracking":false,"_monsterinsights_sitenote_active":false,"_monsterinsights_sitenote_note":"","_monsterinsights_sitenote_category":0,"jetpack_post_was_ever_published":false,"_jetpack_newsletter_access":"","_jetpack_dont_email_post_to_subs":false,"_jetpack_newsletter_tier_id":0,"_jetpack_memberships_contains_paywalled_content":false,"_jetpack_memberships_contains_paid_content":false,"footnotes":"","jetpack_publicize_message":"","jetpack_publicize_feature_enabled":true,"jetpack_social_post_already_shared":true,"jetpack_social_options":{"image_generator_settings":{"template":"highway","default_image_id":0,"font":"","enabled":false},"version":2}},"categories":[200],"tags":[],"class_list":["post-76750","post","type-post","status-publish","format-standard","has-post-thumbnail","hentry","category-brasil"],"jetpack_publicize_connections":[],"jetpack_featured_media_url":"https:\/\/blogopara.com.br\/wp-content\/uploads\/2025\/06\/padreCicero.jpg","uagb_featured_image_src":{"full":["https:\/\/blogopara.com.br\/wp-content\/uploads\/2025\/06\/padreCicero.jpg",498,504,false],"thumbnail":["https:\/\/blogopara.com.br\/wp-content\/uploads\/2025\/06\/padreCicero-150x150.jpg",150,150,true],"medium":["https:\/\/blogopara.com.br\/wp-content\/uploads\/2025\/06\/padreCicero-296x300.jpg",296,300,true],"medium_large":["https:\/\/blogopara.com.br\/wp-content\/uploads\/2025\/06\/padreCicero.jpg",498,504,false],"large":["https:\/\/blogopara.com.br\/wp-content\/uploads\/2025\/06\/padreCicero.jpg",498,504,false],"1536x1536":["https:\/\/blogopara.com.br\/wp-content\/uploads\/2025\/06\/padreCicero.jpg",498,504,false],"2048x2048":["https:\/\/blogopara.com.br\/wp-content\/uploads\/2025\/06\/padreCicero.jpg",498,504,false],"mantranews-slider-large":["https:\/\/blogopara.com.br\/wp-content\/uploads\/2025\/06\/padreCicero.jpg",498,504,false],"mantranews-featured-medium":["https:\/\/blogopara.com.br\/wp-content\/uploads\/2025\/06\/padreCicero-420x307.jpg",420,307,true],"mantranews-featured-long":["https:\/\/blogopara.com.br\/wp-content\/uploads\/2025\/06\/padreCicero-300x443.jpg",300,443,true],"mantranews-block-medium":["https:\/\/blogopara.com.br\/wp-content\/uploads\/2025\/06\/padreCicero-464x290.jpg",464,290,true],"mantranews-carousel-image":["https:\/\/blogopara.com.br\/wp-content\/uploads\/2025\/06\/padreCicero-498x500.jpg",498,500,true],"mantranews-block-thumb":["https:\/\/blogopara.com.br\/wp-content\/uploads\/2025\/06\/padreCicero-322x230.jpg",322,230,true],"mantranews-single-large":["https:\/\/blogopara.com.br\/wp-content\/uploads\/2025\/06\/padreCicero.jpg",498,504,false]},"uagb_author_info":{"display_name":"Reda\u00e7\u00e3o geral","author_link":"https:\/\/blogopara.com.br\/index.php\/author\/blogopara"},"uagb_comment_info":0,"uagb_excerpt":"A primeira fase no processo de beatifica\u00e7\u00e3o do padre C\u00edcero Rom\u00e3o Batista pela Igreja Cat\u00f3lica foi conclu\u00edda e ser\u00e1 enviada ao Vaticano no m\u00eas de junho. Iniciada em novembro de 2022, a fase diocesana incluiu um levantamento sobre a vida, os escritos, as qualidades e virtudes do padre C\u00edcero. Agora toda a documenta\u00e7\u00e3o ser\u00e1 enviada&hellip;","jetpack_sharing_enabled":true,"jetpack_likes_enabled":true,"_links":{"self":[{"href":"https:\/\/blogopara.com.br\/index.php\/wp-json\/wp\/v2\/posts\/76750","targetHints":{"allow":["GET"]}}],"collection":[{"href":"https:\/\/blogopara.com.br\/index.php\/wp-json\/wp\/v2\/posts"}],"about":[{"href":"https:\/\/blogopara.com.br\/index.php\/wp-json\/wp\/v2\/types\/post"}],"author":[{"embeddable":true,"href":"https:\/\/blogopara.com.br\/index.php\/wp-json\/wp\/v2\/users\/1"}],"replies":[{"embeddable":true,"href":"https:\/\/blogopara.com.br\/index.php\/wp-json\/wp\/v2\/comments?post=76750"}],"version-history":[{"count":1,"href":"https:\/\/blogopara.com.br\/index.php\/wp-json\/wp\/v2\/posts\/76750\/revisions"}],"predecessor-version":[{"id":76752,"href":"https:\/\/blogopara.com.br\/index.php\/wp-json\/wp\/v2\/posts\/76750\/revisions\/76752"}],"wp:featuredmedia":[{"embeddable":true,"href":"https:\/\/blogopara.com.br\/index.php\/wp-json\/wp\/v2\/media\/76751"}],"wp:attachment":[{"href":"https:\/\/blogopara.com.br\/index.php\/wp-json\/wp\/v2\/media?parent=76750"}],"wp:term":[{"taxonomy":"category","embeddable":true,"href":"https:\/\/blogopara.com.br\/index.php\/wp-json\/wp\/v2\/categories?post=76750"},{"taxonomy":"post_tag","embeddable":true,"href":"https:\/\/blogopara.com.br\/index.php\/wp-json\/wp\/v2\/tags?post=76750"}],"curies":[{"name":"wp","href":"https:\/\/api.w.org\/{rel}","templated":true}]}}