{"id":76774,"date":"2025-06-11T13:17:53","date_gmt":"2025-06-11T16:17:53","guid":{"rendered":"https:\/\/blogopara.com.br\/?p=76774"},"modified":"2025-06-11T13:17:53","modified_gmt":"2025-06-11T16:17:53","slug":"auxiliares-de-atendimento-educacional-especializado-de-juazeiro-emitem-carta-aberta-sobre-decisao-da-seduc","status":"publish","type":"post","link":"https:\/\/blogopara.com.br\/index.php\/2025\/06\/11\/auxiliares-de-atendimento-educacional-especializado-de-juazeiro-emitem-carta-aberta-sobre-decisao-da-seduc","title":{"rendered":"Auxiliares de Atendimento Educacional Especializado de Juazeiro emitem carta aberta sobre decis\u00e3o da Seduc"},"content":{"rendered":"<p>Em correspond\u00eancia enviada \u00e0 Rede GN Auxiliares de Atendimento Educacional Especializado demonstram descontentamento com o cronograma de recesso anunciado pela Seduc \u2013 Secretaria da Educa\u00e7\u00e3o de Juazeiro.<\/p>\n<p>\u201c\u00c9 inaceit\u00e1vel que, em pleno per\u00edodo de recesso escolar \u2014 previsto oficialmente no calend\u00e1rio de 16\/06 a 30\/06 \u2014 sejamos obrigados a permanecer nas escolas durante praticamente todo esse per\u00edodo, usufruindo de apenas uma semana de descanso\u201d revela parte do documento.<\/p>\n<p>Confira a \u00edntegra da Carta Aberta abaixo:<\/p>\n<p><strong>CARTA ABERTA DOS AUXILIARES DE ATENDIMENTO EDUCACIONAL ESPECIALIZADO (AEE) DO MUNIC\u00cdPIO DE JUAZEIRO-BA<\/strong><\/p>\n<p>N\u00f3s, auxiliares de Atendimento Educacional Especializado (AEE) do munic\u00edpio de Juazeiro-BA, viemos, por meio desta carta aberta, manifestar nosso total descontentamento e indigna\u00e7\u00e3o diante do cronograma de recesso escolar imposto pela Secretaria de Educa\u00e7\u00e3o (SEDUC).<\/p>\n<p>\u00c9 inaceit\u00e1vel que, em pleno per\u00edodo de recesso escolar \u2014 previsto oficialmente no calend\u00e1rio de 16\/06 a 30\/06 \u2014 sejamos obrigados a permanecer nas escolas durante praticamente todo esse per\u00edodo, usufruindo de apenas uma semana de descanso.\u00a0Gostar\u00edamos de compreender a l\u00f3gica dessa decis\u00e3o, visto que nossas atribui\u00e7\u00f5es s\u00e3o diretamente ligadas ao atendimento e ao acompanhamento dos estudantes, e n\u00e3o haver\u00e1 aluno na escola durante esse per\u00edodo.<\/p>\n<p>\u00c9 incoerente e desrespeitoso justificar a perman\u00eancia dos auxiliares de AEE nas unidades escolares\u00a0simplesmente para \u201cgarantir o funcionamento da escola\u201d, como se o nosso papel fosse de car\u00e1ter administrativo ou operacional, quando, na verdade,\u00a0nossa fun\u00e7\u00e3o \u00e9 pedag\u00f3gica, especializada, e voltada exclusivamente para o atendimento educacional dos alunos com defici\u00eancia.<\/p>\n<p>J\u00e1 n\u00e3o bastassem os\u00a0constantes desvios de fun\u00e7\u00e3o\u00a0e o ac\u00famulo de tarefas que n\u00e3o correspondem \u00e0 nossa forma\u00e7\u00e3o e contrato, agora temos que lidar com mais essa imposi\u00e7\u00e3o desrespeitosa, que despreza o nosso direito ao descanso digno. Muitos de n\u00f3s, al\u00e9m disso,\u00a0sofremos diariamente com situa\u00e7\u00f5es de ass\u00e9dio moral\u00a0por parte de gestores escolares, o que agrava ainda mais o cen\u00e1rio de desvaloriza\u00e7\u00e3o que enfrentamos.<\/p>\n<p>Prometeram bonifica\u00e7\u00f5es. At\u00e9 agora, nada. O que recebemos com regularidade \u00e9\u00a0muito trabalho, pouca valoriza\u00e7\u00e3o e nenhum reconhecimento concreto.<\/p>\n<p>Estamos\u00a0cansados. Estamos indignados. Estamos sendo humilhados.<\/p>\n<p>N\u00e3o aceitaremos esse tratamento injusto sem protestar.\u00a0Exigimos respeito, condi\u00e7\u00f5es dignas de trabalho e cumprimento dos nossos direitos.<\/p>\n<p>Essa carta \u00e9 um grito coletivo dos auxiliares de AEE de Juazeiro-BA, que clamam por respeito, reconhecimento e justi\u00e7a.<\/p>\n<p>Juazeiro-BA, 10 de junho de 2025.<\/p>\n<p><strong>Auxiliares de Atendimento Educacional Especializado (AEE) \u2014 Rede Municipal de Ensino de Juazeiro-BA<\/strong><\/p>\n<p><strong>PS: A reportagem encaminhou a Carta Aberta para assessoria de imprensa da Seduc. CONFIRA RESPOSTA:\u00a0<\/strong>\u00a0A Secretaria de Educa\u00e7\u00e3o de Juazeiro\/Seduc informa que, de acordo com Estatuto do Magist\u00e9rio, o recesso escolar de junho \u00e9 previsto apenas para os professores. Os auxiliares de Atendimento Educacional Especializado\/AEE, assim como a equipe gestora das unidades escolares e os servidores da \u00e1rea administrativa, n\u00e3o est\u00e3o inclu\u00eddos nessa decis\u00e3o. Contudo, a Seduc optou por programar um revezamento entre os servidores, para que todos possam usufruir do per\u00edodo de recesso escolar.<\/p>\n<p>Durante o recesso, os auxiliares de AEE participar\u00e3o de um momento formativo promovido pela Diretoria de Educa\u00e7\u00e3o inclusiva, a fim de qualificar ainda mais o atendimento \u00e0s crian\u00e7as com defici\u00eancia.<\/p>\n<p>Sobre a den\u00fancia de desvio de fun\u00e7\u00e3o, a Seduc reitera que esta n\u00e3o \u00e9 uma orienta\u00e7\u00e3o e refor\u00e7a que todas as den\u00fancias devem ser feitas diretamente \u00e0 Secretaria ou \u00e0 Ouvidoria da Prefeitura de Juazeiro. Fale com quem resolve: 74 98846 0016 ou pelo e-mail\u00a0<a href=\"mailto:ouvidoria@juazeiro.ba.gov.br\" rel=\"noreferrer\">ouvidoria@juazeiro.ba.gov.br<\/a>.<\/p>\n<p>A Lei diz: &#8220;Nos termos da legisla\u00e7\u00e3o vigente, especialmente o Estatuto do Magist\u00e9rio Municipal (Lei n\u00b0 2.379\/2013), os professores efetivos t\u00eam direito a 30 dias de f\u00e9rias anuais, a serem usufru\u00eddas ap\u00f3s o t\u00e9rmino do ano letivo, al\u00e9m de 15 dias de recesso escolar ao final do primeiro semestre&#8221;.<\/p>\n<p>&nbsp;<\/p>\n<p>Da reda\u00e7\u00e3o Rede GN<\/p>\n","protected":false},"excerpt":{"rendered":"<p>Em correspond\u00eancia enviada \u00e0 Rede GN Auxiliares de Atendimento Educacional Especializado demonstram descontentamento com o cronograma de recesso anunciado pela Seduc \u2013 Secretaria da Educa\u00e7\u00e3o de Juazeiro. \u201c\u00c9 inaceit\u00e1vel que, em pleno per\u00edodo de recesso escolar \u2014 previsto oficialmente no calend\u00e1rio de 16\/06 a 30\/06 \u2014 sejamos obrigados a permanecer nas escolas durante praticamente todo [&hellip;]<\/p>\n","protected":false},"author":1,"featured_media":41998,"comment_status":"open","ping_status":"open","sticky":false,"template":"","format":"standard","meta":{"_uag_custom_page_level_css":"","_monsterinsights_skip_tracking":false,"_monsterinsights_sitenote_active":false,"_monsterinsights_sitenote_note":"","_monsterinsights_sitenote_category":0,"jetpack_post_was_ever_published":false,"_jetpack_newsletter_access":"","_jetpack_dont_email_post_to_subs":false,"_jetpack_newsletter_tier_id":0,"_jetpack_memberships_contains_paywalled_content":false,"_jetpack_memberships_contains_paid_content":false,"footnotes":"","jetpack_publicize_message":"","jetpack_publicize_feature_enabled":true,"jetpack_social_post_already_shared":true,"jetpack_social_options":{"image_generator_settings":{"template":"highway","default_image_id":0,"font":"","enabled":false},"version":2}},"categories":[203],"tags":[],"class_list":["post-76774","post","type-post","status-publish","format-standard","has-post-thumbnail","hentry","category-juazeiro"],"jetpack_publicize_connections":[],"jetpack_featured_media_url":"https:\/\/blogopara.com.br\/wp-content\/uploads\/2022\/09\/seduc.jpg","uagb_featured_image_src":{"full":["https:\/\/blogopara.com.br\/wp-content\/uploads\/2022\/09\/seduc.jpg",500,375,false],"thumbnail":["https:\/\/blogopara.com.br\/wp-content\/uploads\/2022\/09\/seduc-150x150.jpg",150,150,true],"medium":["https:\/\/blogopara.com.br\/wp-content\/uploads\/2022\/09\/seduc-300x225.jpg",300,225,true],"medium_large":["https:\/\/blogopara.com.br\/wp-content\/uploads\/2022\/09\/seduc.jpg",500,375,false],"large":["https:\/\/blogopara.com.br\/wp-content\/uploads\/2022\/09\/seduc.jpg",500,375,false],"1536x1536":["https:\/\/blogopara.com.br\/wp-content\/uploads\/2022\/09\/seduc.jpg",500,375,false],"2048x2048":["https:\/\/blogopara.com.br\/wp-content\/uploads\/2022\/09\/seduc.jpg",500,375,false],"mantranews-slider-large":["https:\/\/blogopara.com.br\/wp-content\/uploads\/2022\/09\/seduc.jpg",500,375,false],"mantranews-featured-medium":["https:\/\/blogopara.com.br\/wp-content\/uploads\/2022\/09\/seduc-420x307.jpg",420,307,true],"mantranews-featured-long":["https:\/\/blogopara.com.br\/wp-content\/uploads\/2022\/09\/seduc-300x375.jpg",300,375,true],"mantranews-block-medium":["https:\/\/blogopara.com.br\/wp-content\/uploads\/2022\/09\/seduc-464x290.jpg",464,290,true],"mantranews-carousel-image":["https:\/\/blogopara.com.br\/wp-content\/uploads\/2022\/09\/seduc.jpg",500,375,false],"mantranews-block-thumb":["https:\/\/blogopara.com.br\/wp-content\/uploads\/2022\/09\/seduc-322x230.jpg",322,230,true],"mantranews-single-large":["https:\/\/blogopara.com.br\/wp-content\/uploads\/2022\/09\/seduc.jpg",500,375,false]},"uagb_author_info":{"display_name":"Reda\u00e7\u00e3o geral","author_link":"https:\/\/blogopara.com.br\/index.php\/author\/blogopara"},"uagb_comment_info":0,"uagb_excerpt":"Em correspond\u00eancia enviada \u00e0 Rede GN Auxiliares de Atendimento Educacional Especializado demonstram descontentamento com o cronograma de recesso anunciado pela Seduc \u2013 Secretaria da Educa\u00e7\u00e3o de Juazeiro. \u201c\u00c9 inaceit\u00e1vel que, em pleno per\u00edodo de recesso escolar \u2014 previsto oficialmente no calend\u00e1rio de 16\/06 a 30\/06 \u2014 sejamos obrigados a permanecer nas escolas durante praticamente todo&hellip;","jetpack_sharing_enabled":true,"jetpack_likes_enabled":true,"_links":{"self":[{"href":"https:\/\/blogopara.com.br\/index.php\/wp-json\/wp\/v2\/posts\/76774","targetHints":{"allow":["GET"]}}],"collection":[{"href":"https:\/\/blogopara.com.br\/index.php\/wp-json\/wp\/v2\/posts"}],"about":[{"href":"https:\/\/blogopara.com.br\/index.php\/wp-json\/wp\/v2\/types\/post"}],"author":[{"embeddable":true,"href":"https:\/\/blogopara.com.br\/index.php\/wp-json\/wp\/v2\/users\/1"}],"replies":[{"embeddable":true,"href":"https:\/\/blogopara.com.br\/index.php\/wp-json\/wp\/v2\/comments?post=76774"}],"version-history":[{"count":1,"href":"https:\/\/blogopara.com.br\/index.php\/wp-json\/wp\/v2\/posts\/76774\/revisions"}],"predecessor-version":[{"id":76775,"href":"https:\/\/blogopara.com.br\/index.php\/wp-json\/wp\/v2\/posts\/76774\/revisions\/76775"}],"wp:featuredmedia":[{"embeddable":true,"href":"https:\/\/blogopara.com.br\/index.php\/wp-json\/wp\/v2\/media\/41998"}],"wp:attachment":[{"href":"https:\/\/blogopara.com.br\/index.php\/wp-json\/wp\/v2\/media?parent=76774"}],"wp:term":[{"taxonomy":"category","embeddable":true,"href":"https:\/\/blogopara.com.br\/index.php\/wp-json\/wp\/v2\/categories?post=76774"},{"taxonomy":"post_tag","embeddable":true,"href":"https:\/\/blogopara.com.br\/index.php\/wp-json\/wp\/v2\/tags?post=76774"}],"curies":[{"name":"wp","href":"https:\/\/api.w.org\/{rel}","templated":true}]}}