{"id":76810,"date":"2025-06-13T13:52:38","date_gmt":"2025-06-13T16:52:38","guid":{"rendered":"https:\/\/blogopara.com.br\/?p=76810"},"modified":"2025-06-13T13:52:38","modified_gmt":"2025-06-13T16:52:38","slug":"carlos-neiva-assume-presidencia-do-sindilojas-juazeiro-para-dar-continuidade-as-atividades-do-bienio-2025-2026","status":"publish","type":"post","link":"https:\/\/blogopara.com.br\/index.php\/2025\/06\/13\/carlos-neiva-assume-presidencia-do-sindilojas-juazeiro-para-dar-continuidade-as-atividades-do-bienio-2025-2026","title":{"rendered":"Carlos Neiva assume presid\u00eancia do Sindilojas Juazeiro para dar continuidade as atividades do bi\u00eanio 2025\/2026"},"content":{"rendered":"<p>Cumprindo o rito legal, foi realizada na manh\u00e3 desta sexta-feira (13), a cerim\u00f4nia de transmiss\u00e3o de posse da presid\u00eancia do Sindilojas Juazeiro. O empres\u00e1rio Carlos Neiva assume o cargo anteriormente ocupado por Paulo Henrique Barreto, dando continuidade \u00e0 gest\u00e3o do bi\u00eanio 2025\/2026.<\/p>\n<p>O ato de posse ocorreu com a realiza\u00e7\u00e3o da assembleia extraordin\u00e1ria, assinatura da ata oficial, e contou com a presen\u00e7a de diretores da gest\u00e3o, refor\u00e7ando o compromisso com a representatividade e o fortalecimento do setor varejista na regi\u00e3o.<\/p>\n<p>A nova presid\u00eancia assume com o desafio de ampliar o di\u00e1logo com os lojistas, promover capacita\u00e7\u00f5es e contribuir para o desenvolvimento econ\u00f4mico do com\u00e9rcio local.<\/p>\n<p>M\u00f4nia Ramos &#8211; Jornalista<br \/>\nAscom<\/p>\n","protected":false},"excerpt":{"rendered":"<p>Cumprindo o rito legal, foi realizada na manh\u00e3 desta sexta-feira (13), a cerim\u00f4nia de transmiss\u00e3o de posse da presid\u00eancia do Sindilojas Juazeiro. O empres\u00e1rio Carlos Neiva assume o cargo anteriormente ocupado por Paulo Henrique Barreto, dando continuidade \u00e0 gest\u00e3o do bi\u00eanio 2025\/2026. O ato de posse ocorreu com a realiza\u00e7\u00e3o da assembleia extraordin\u00e1ria, assinatura da [&hellip;]<\/p>\n","protected":false},"author":1,"featured_media":76811,"comment_status":"open","ping_status":"open","sticky":false,"template":"","format":"standard","meta":{"_uag_custom_page_level_css":"","_monsterinsights_skip_tracking":false,"_monsterinsights_sitenote_active":false,"_monsterinsights_sitenote_note":"","_monsterinsights_sitenote_category":0,"jetpack_post_was_ever_published":false,"_jetpack_newsletter_access":"","_jetpack_dont_email_post_to_subs":false,"_jetpack_newsletter_tier_id":0,"_jetpack_memberships_contains_paywalled_content":false,"_jetpack_memberships_contains_paid_content":false,"footnotes":"","jetpack_publicize_message":"","jetpack_publicize_feature_enabled":true,"jetpack_social_post_already_shared":true,"jetpack_social_options":{"image_generator_settings":{"template":"highway","default_image_id":0,"font":"","enabled":false},"version":2}},"categories":[203,197],"tags":[],"class_list":["post-76810","post","type-post","status-publish","format-standard","has-post-thumbnail","hentry","category-juazeiro","category-politica"],"jetpack_publicize_connections":[],"jetpack_featured_media_url":"https:\/\/blogopara.com.br\/wp-content\/uploads\/2025\/06\/WhatsApp-Image-2025-06-13-at-13.25.53.jpeg","uagb_featured_image_src":{"full":["https:\/\/blogopara.com.br\/wp-content\/uploads\/2025\/06\/WhatsApp-Image-2025-06-13-at-13.25.53.jpeg",489,533,false],"thumbnail":["https:\/\/blogopara.com.br\/wp-content\/uploads\/2025\/06\/WhatsApp-Image-2025-06-13-at-13.25.53-150x150.jpeg",150,150,true],"medium":["https:\/\/blogopara.com.br\/wp-content\/uploads\/2025\/06\/WhatsApp-Image-2025-06-13-at-13.25.53-275x300.jpeg",275,300,true],"medium_large":["https:\/\/blogopara.com.br\/wp-content\/uploads\/2025\/06\/WhatsApp-Image-2025-06-13-at-13.25.53.jpeg",489,533,false],"large":["https:\/\/blogopara.com.br\/wp-content\/uploads\/2025\/06\/WhatsApp-Image-2025-06-13-at-13.25.53.jpeg",489,533,false],"1536x1536":["https:\/\/blogopara.com.br\/wp-content\/uploads\/2025\/06\/WhatsApp-Image-2025-06-13-at-13.25.53.jpeg",489,533,false],"2048x2048":["https:\/\/blogopara.com.br\/wp-content\/uploads\/2025\/06\/WhatsApp-Image-2025-06-13-at-13.25.53.jpeg",489,533,false],"mantranews-slider-large":["https:\/\/blogopara.com.br\/wp-content\/uploads\/2025\/06\/WhatsApp-Image-2025-06-13-at-13.25.53.jpeg",489,533,false],"mantranews-featured-medium":["https:\/\/blogopara.com.br\/wp-content\/uploads\/2025\/06\/WhatsApp-Image-2025-06-13-at-13.25.53-420x307.jpeg",420,307,true],"mantranews-featured-long":["https:\/\/blogopara.com.br\/wp-content\/uploads\/2025\/06\/WhatsApp-Image-2025-06-13-at-13.25.53-300x443.jpeg",300,443,true],"mantranews-block-medium":["https:\/\/blogopara.com.br\/wp-content\/uploads\/2025\/06\/WhatsApp-Image-2025-06-13-at-13.25.53-464x290.jpeg",464,290,true],"mantranews-carousel-image":["https:\/\/blogopara.com.br\/wp-content\/uploads\/2025\/06\/WhatsApp-Image-2025-06-13-at-13.25.53-489x500.jpeg",489,500,true],"mantranews-block-thumb":["https:\/\/blogopara.com.br\/wp-content\/uploads\/2025\/06\/WhatsApp-Image-2025-06-13-at-13.25.53-322x230.jpeg",322,230,true],"mantranews-single-large":["https:\/\/blogopara.com.br\/wp-content\/uploads\/2025\/06\/WhatsApp-Image-2025-06-13-at-13.25.53.jpeg",489,533,false]},"uagb_author_info":{"display_name":"Reda\u00e7\u00e3o geral","author_link":"https:\/\/blogopara.com.br\/index.php\/author\/blogopara"},"uagb_comment_info":0,"uagb_excerpt":"Cumprindo o rito legal, foi realizada na manh\u00e3 desta sexta-feira (13), a cerim\u00f4nia de transmiss\u00e3o de posse da presid\u00eancia do Sindilojas Juazeiro. O empres\u00e1rio Carlos Neiva assume o cargo anteriormente ocupado por Paulo Henrique Barreto, dando continuidade \u00e0 gest\u00e3o do bi\u00eanio 2025\/2026. O ato de posse ocorreu com a realiza\u00e7\u00e3o da assembleia extraordin\u00e1ria, assinatura da&hellip;","jetpack_sharing_enabled":true,"jetpack_likes_enabled":true,"_links":{"self":[{"href":"https:\/\/blogopara.com.br\/index.php\/wp-json\/wp\/v2\/posts\/76810","targetHints":{"allow":["GET"]}}],"collection":[{"href":"https:\/\/blogopara.com.br\/index.php\/wp-json\/wp\/v2\/posts"}],"about":[{"href":"https:\/\/blogopara.com.br\/index.php\/wp-json\/wp\/v2\/types\/post"}],"author":[{"embeddable":true,"href":"https:\/\/blogopara.com.br\/index.php\/wp-json\/wp\/v2\/users\/1"}],"replies":[{"embeddable":true,"href":"https:\/\/blogopara.com.br\/index.php\/wp-json\/wp\/v2\/comments?post=76810"}],"version-history":[{"count":1,"href":"https:\/\/blogopara.com.br\/index.php\/wp-json\/wp\/v2\/posts\/76810\/revisions"}],"predecessor-version":[{"id":76812,"href":"https:\/\/blogopara.com.br\/index.php\/wp-json\/wp\/v2\/posts\/76810\/revisions\/76812"}],"wp:featuredmedia":[{"embeddable":true,"href":"https:\/\/blogopara.com.br\/index.php\/wp-json\/wp\/v2\/media\/76811"}],"wp:attachment":[{"href":"https:\/\/blogopara.com.br\/index.php\/wp-json\/wp\/v2\/media?parent=76810"}],"wp:term":[{"taxonomy":"category","embeddable":true,"href":"https:\/\/blogopara.com.br\/index.php\/wp-json\/wp\/v2\/categories?post=76810"},{"taxonomy":"post_tag","embeddable":true,"href":"https:\/\/blogopara.com.br\/index.php\/wp-json\/wp\/v2\/tags?post=76810"}],"curies":[{"name":"wp","href":"https:\/\/api.w.org\/{rel}","templated":true}]}}