{"id":76864,"date":"2025-06-14T09:36:47","date_gmt":"2025-06-14T12:36:47","guid":{"rendered":"https:\/\/blogopara.com.br\/?p=76864"},"modified":"2025-06-14T09:36:47","modified_gmt":"2025-06-14T12:36:47","slug":"juazeiro-tera-ponto-facultativo-no-feriado-de-corpus-christi-e-nas-celebracoes-de-sao-joao","status":"publish","type":"post","link":"https:\/\/blogopara.com.br\/index.php\/2025\/06\/14\/juazeiro-tera-ponto-facultativo-no-feriado-de-corpus-christi-e-nas-celebracoes-de-sao-joao","title":{"rendered":"Juazeiro ter\u00e1 ponto facultativo no feriado de Corpus Christi e nas celebra\u00e7\u00f5es de S\u00e3o Jo\u00e3o"},"content":{"rendered":"<p dir=\"ltr\">A Prefeitura de Juazeiro informa que, em virtude dos feriados de Corpus Christi (19 de junho) e S\u00e3o Jo\u00e3o (24 de junho), o expediente nas reparti\u00e7\u00f5es p\u00fablicas municipais ser\u00e1 alterado. Conforme estabelecido pelas portarias n\u00ba 138\/2025 e n\u00ba 139\/2025, o ponto facultativo se estender\u00e1 tamb\u00e9m para os dias 20 e 24 de junho. No dia 23, v\u00e9spera de S\u00e3o Jo\u00e3o, o expediente ser\u00e1 reduzido, funcionando das 8h \u00e0s 13h em toda a Administra\u00e7\u00e3o Direta, Indireta e Aut\u00e1rquica.<\/p>\n<p dir=\"ltr\">Durante o per\u00edodo, os servi\u00e7os essenciais continuar\u00e3o operando normalmente. Ser\u00e3o mantidos os atendimentos de emerg\u00eancia em sa\u00fade, como SAMU, UPA, UPED e Maternidade, al\u00e9m dos servi\u00e7os de limpeza p\u00fablica e abastecimento de \u00e1gua, entre outros considerados indispens\u00e1veis \u00e0 popula\u00e7\u00e3o.<\/p>\n<p dir=\"ltr\">A gest\u00e3o municipal deseja \u00e0 popula\u00e7\u00e3o um per\u00edodo festivo de paz, seguran\u00e7a e valoriza\u00e7\u00e3o das tradi\u00e7\u00f5es culturais que marcam a identidade do povo juazeirense.<\/p>\n<p dir=\"ltr\">___<\/p>\n<p dir=\"ltr\">Texto: Lucas Oliveira \u2013 Ascom\/PMJ<\/p>\n<p>&nbsp;<\/p>\n","protected":false},"excerpt":{"rendered":"<p>A Prefeitura de Juazeiro informa que, em virtude dos feriados de Corpus Christi (19 de junho) e S\u00e3o Jo\u00e3o (24 de junho), o expediente nas reparti\u00e7\u00f5es p\u00fablicas municipais ser\u00e1 alterado. Conforme estabelecido pelas portarias n\u00ba 138\/2025 e n\u00ba 139\/2025, o ponto facultativo se estender\u00e1 tamb\u00e9m para os dias 20 e 24 de junho. No dia [&hellip;]<\/p>\n","protected":false},"author":1,"featured_media":76865,"comment_status":"open","ping_status":"open","sticky":false,"template":"","format":"standard","meta":{"_uag_custom_page_level_css":"","_monsterinsights_skip_tracking":false,"_monsterinsights_sitenote_active":false,"_monsterinsights_sitenote_note":"","_monsterinsights_sitenote_category":0,"jetpack_post_was_ever_published":false,"_jetpack_newsletter_access":"","_jetpack_dont_email_post_to_subs":false,"_jetpack_newsletter_tier_id":0,"_jetpack_memberships_contains_paywalled_content":false,"_jetpack_memberships_contains_paid_content":false,"footnotes":"","jetpack_publicize_message":"","jetpack_publicize_feature_enabled":true,"jetpack_social_post_already_shared":true,"jetpack_social_options":{"image_generator_settings":{"template":"highway","default_image_id":0,"font":"","enabled":false},"version":2}},"categories":[203],"tags":[],"class_list":["post-76864","post","type-post","status-publish","format-standard","has-post-thumbnail","hentry","category-juazeiro"],"jetpack_publicize_connections":[],"jetpack_featured_media_url":"https:\/\/blogopara.com.br\/wp-content\/uploads\/2025\/06\/transferir-2.jpg","uagb_featured_image_src":{"full":["https:\/\/blogopara.com.br\/wp-content\/uploads\/2025\/06\/transferir-2.jpg",501,494,false],"thumbnail":["https:\/\/blogopara.com.br\/wp-content\/uploads\/2025\/06\/transferir-2-150x150.jpg",150,150,true],"medium":["https:\/\/blogopara.com.br\/wp-content\/uploads\/2025\/06\/transferir-2-300x296.jpg",300,296,true],"medium_large":["https:\/\/blogopara.com.br\/wp-content\/uploads\/2025\/06\/transferir-2.jpg",501,494,false],"large":["https:\/\/blogopara.com.br\/wp-content\/uploads\/2025\/06\/transferir-2.jpg",501,494,false],"1536x1536":["https:\/\/blogopara.com.br\/wp-content\/uploads\/2025\/06\/transferir-2.jpg",501,494,false],"2048x2048":["https:\/\/blogopara.com.br\/wp-content\/uploads\/2025\/06\/transferir-2.jpg",501,494,false],"mantranews-slider-large":["https:\/\/blogopara.com.br\/wp-content\/uploads\/2025\/06\/transferir-2.jpg",501,494,false],"mantranews-featured-medium":["https:\/\/blogopara.com.br\/wp-content\/uploads\/2025\/06\/transferir-2-420x307.jpg",420,307,true],"mantranews-featured-long":["https:\/\/blogopara.com.br\/wp-content\/uploads\/2025\/06\/transferir-2-300x443.jpg",300,443,true],"mantranews-block-medium":["https:\/\/blogopara.com.br\/wp-content\/uploads\/2025\/06\/transferir-2-464x290.jpg",464,290,true],"mantranews-carousel-image":["https:\/\/blogopara.com.br\/wp-content\/uploads\/2025\/06\/transferir-2.jpg",501,494,false],"mantranews-block-thumb":["https:\/\/blogopara.com.br\/wp-content\/uploads\/2025\/06\/transferir-2-322x230.jpg",322,230,true],"mantranews-single-large":["https:\/\/blogopara.com.br\/wp-content\/uploads\/2025\/06\/transferir-2.jpg",501,494,false]},"uagb_author_info":{"display_name":"Reda\u00e7\u00e3o geral","author_link":"https:\/\/blogopara.com.br\/index.php\/author\/blogopara"},"uagb_comment_info":0,"uagb_excerpt":"A Prefeitura de Juazeiro informa que, em virtude dos feriados de Corpus Christi (19 de junho) e S\u00e3o Jo\u00e3o (24 de junho), o expediente nas reparti\u00e7\u00f5es p\u00fablicas municipais ser\u00e1 alterado. Conforme estabelecido pelas portarias n\u00ba 138\/2025 e n\u00ba 139\/2025, o ponto facultativo se estender\u00e1 tamb\u00e9m para os dias 20 e 24 de junho. No dia&hellip;","jetpack_sharing_enabled":true,"jetpack_likes_enabled":true,"_links":{"self":[{"href":"https:\/\/blogopara.com.br\/index.php\/wp-json\/wp\/v2\/posts\/76864","targetHints":{"allow":["GET"]}}],"collection":[{"href":"https:\/\/blogopara.com.br\/index.php\/wp-json\/wp\/v2\/posts"}],"about":[{"href":"https:\/\/blogopara.com.br\/index.php\/wp-json\/wp\/v2\/types\/post"}],"author":[{"embeddable":true,"href":"https:\/\/blogopara.com.br\/index.php\/wp-json\/wp\/v2\/users\/1"}],"replies":[{"embeddable":true,"href":"https:\/\/blogopara.com.br\/index.php\/wp-json\/wp\/v2\/comments?post=76864"}],"version-history":[{"count":1,"href":"https:\/\/blogopara.com.br\/index.php\/wp-json\/wp\/v2\/posts\/76864\/revisions"}],"predecessor-version":[{"id":76866,"href":"https:\/\/blogopara.com.br\/index.php\/wp-json\/wp\/v2\/posts\/76864\/revisions\/76866"}],"wp:featuredmedia":[{"embeddable":true,"href":"https:\/\/blogopara.com.br\/index.php\/wp-json\/wp\/v2\/media\/76865"}],"wp:attachment":[{"href":"https:\/\/blogopara.com.br\/index.php\/wp-json\/wp\/v2\/media?parent=76864"}],"wp:term":[{"taxonomy":"category","embeddable":true,"href":"https:\/\/blogopara.com.br\/index.php\/wp-json\/wp\/v2\/categories?post=76864"},{"taxonomy":"post_tag","embeddable":true,"href":"https:\/\/blogopara.com.br\/index.php\/wp-json\/wp\/v2\/tags?post=76864"}],"curies":[{"name":"wp","href":"https:\/\/api.w.org\/{rel}","templated":true}]}}