{"id":76941,"date":"2025-06-17T16:26:19","date_gmt":"2025-06-17T19:26:19","guid":{"rendered":"https:\/\/blogopara.com.br\/?p=76941"},"modified":"2025-06-17T16:26:19","modified_gmt":"2025-06-17T19:26:19","slug":"mp-baiano-confirma-falhas-em-portaria-que-pode-levar-a-aprovacao-automatica-de-alunos-da-rede-estadual","status":"publish","type":"post","link":"https:\/\/blogopara.com.br\/index.php\/2025\/06\/17\/mp-baiano-confirma-falhas-em-portaria-que-pode-levar-a-aprovacao-automatica-de-alunos-da-rede-estadual","title":{"rendered":"MP baiano confirma falhas em portaria que pode levar \u00e0 aprova\u00e7\u00e3o autom\u00e1tica de alunos da rede estadual"},"content":{"rendered":"<p>Ap\u00f3s den\u00fancias apresentadas pelo vereador Claudio Tinoco (Uni\u00e3o Brasil), o Minist\u00e9rio P\u00fablico da Bahia confirmou, em documento oficial, que a Portaria n\u00ba 190\/2024 da Secretaria de Educa\u00e7\u00e3o do Estado (SEC-BA), conhecida como a \u201cportaria da aprova\u00e7\u00e3o autom\u00e1tica\u201d, apresenta falhas t\u00e9cnicas e est\u00e1 sob investiga\u00e7\u00e3o por poss\u00edvel viola\u00e7\u00e3o ao direito \u00e0 educa\u00e7\u00e3o dos estudantes da rede estadual.<\/p>\n<p>A apura\u00e7\u00e3o ocorre no \u00e2mbito do Inqu\u00e9rito Civil n\u00ba 003.9.53593\/2024, instaurado ap\u00f3s questionamentos encaminhados por Tinoco em fevereiro de 2024, nos quais o vereador denunciou a poss\u00edvel ado\u00e7\u00e3o de uma pol\u00edtica de aprova\u00e7\u00e3o autom\u00e1tica de estudantes, al\u00e9m da supress\u00e3o da autonomia dos Conselhos de Classe nas decis\u00f5es pedag\u00f3gicas.<\/p>\n<p>O of\u00edcio encaminhado ao vereador pela Promotoria de Justi\u00e7a de Educa\u00e7\u00e3o da Capital, em resposta aos questionamentos, afirma que o Minist\u00e9rio P\u00fablico reuniu documentos, realizou audi\u00eancias com a Secretaria de Educa\u00e7\u00e3o do Estado, o Conselho Estadual de Educa\u00e7\u00e3o (CEE) e representantes da APLB, al\u00e9m de requisitar pareceres t\u00e9cnicos do corpo pedag\u00f3gico do Estado. O relat\u00f3rio resultante aponta que h\u00e1 falhas t\u00e9cnicas na portaria e que ajustes est\u00e3o sendo discutidos.<\/p>\n<p>\u201cEssa n\u00e3o \u00e9 uma briga pol\u00edtica. \u00c9 uma defesa clara e objetiva pela qualidade da educa\u00e7\u00e3o p\u00fablica e pelo respeito ao trabalho dos professores. O Minist\u00e9rio P\u00fablico confirmou que a portaria tem problemas e nos convidou para uma reuni\u00e3o. Vamos continuar cobrando de perto, em defesa da educa\u00e7\u00e3o dos nossos alunos, e esperamos a\u00e7\u00f5es efetivas do Governo do Estado para corrigir e garantir educa\u00e7\u00e3o de qualidade aos nossos estudantes\u201d, afirmou Tinoco.<\/p>\n<p>Entre os principais pontos, o MP destacou a necessidade de esclarecimentos sobre o Regime de Progress\u00e3o Parcial e a interpreta\u00e7\u00e3o do artigo 20 da portaria, considerado de reda\u00e7\u00e3o amb\u00edgua.<\/p>\n<p>O parecer tamb\u00e9m indica que o modelo pode levar \u00e0 flexibiliza\u00e7\u00e3o excessiva dos crit\u00e9rios de avalia\u00e7\u00e3o, ao permitir que estudantes sejam liberados de componentes curriculares ainda na primeira unidade letiva, que tem car\u00e1ter apenas diagn\u00f3stico. O Minist\u00e9rio P\u00fablico tamb\u00e9m chamou aten\u00e7\u00e3o para a falta de clareza no uso da plataforma digital Plural, a aus\u00eancia de controle de frequ\u00eancia durante a progress\u00e3o parcial e os impactos na regulariza\u00e7\u00e3o da vida escolar dos alunos.<\/p>\n<p>Tinoco refor\u00e7a que continuar\u00e1 acompanhando o processo de perto. \u201c\u00c9 papel da C\u00e2mara Municipal e dos seus vereadores garantir que nenhuma medida prejudique a forma\u00e7\u00e3o dos nossos jovens. Educa\u00e7\u00e3o n\u00e3o \u00e9 n\u00famero de aprova\u00e7\u00e3o: \u00e9 aprendizado real\u201d, concluiu.<\/p>\n<p>O Minist\u00e9rio P\u00fablico da Bahia informou ainda que o vereador ser\u00e1 convidado para participar de uma reuni\u00e3o t\u00e9cnica com a Secretaria de Educa\u00e7\u00e3o, a ser agendada nas pr\u00f3ximas semanas.<\/p>\n<p>Tinoco, que provocou a investiga\u00e7\u00e3o do MP sobre a medida, acompanhar\u00e1 os desdobramentos e defende que a audi\u00eancia seja um passo importante para garantir mais transpar\u00eancia e responsabilidade no processo educacional da rede estadual.<\/p>\n","protected":false},"excerpt":{"rendered":"<p>Ap\u00f3s den\u00fancias apresentadas pelo vereador Claudio Tinoco (Uni\u00e3o Brasil), o Minist\u00e9rio P\u00fablico da Bahia confirmou, em documento oficial, que a Portaria n\u00ba 190\/2024 da Secretaria de Educa\u00e7\u00e3o do Estado (SEC-BA), conhecida como a \u201cportaria da aprova\u00e7\u00e3o autom\u00e1tica\u201d, apresenta falhas t\u00e9cnicas e est\u00e1 sob investiga\u00e7\u00e3o por poss\u00edvel viola\u00e7\u00e3o ao direito \u00e0 educa\u00e7\u00e3o dos estudantes da rede [&hellip;]<\/p>\n","protected":false},"author":1,"featured_media":76942,"comment_status":"open","ping_status":"open","sticky":false,"template":"","format":"standard","meta":{"_uag_custom_page_level_css":"","_monsterinsights_skip_tracking":false,"_monsterinsights_sitenote_active":false,"_monsterinsights_sitenote_note":"","_monsterinsights_sitenote_category":0,"jetpack_post_was_ever_published":false,"_jetpack_newsletter_access":"","_jetpack_dont_email_post_to_subs":false,"_jetpack_newsletter_tier_id":0,"_jetpack_memberships_contains_paywalled_content":false,"_jetpack_memberships_contains_paid_content":false,"footnotes":"","jetpack_publicize_message":"","jetpack_publicize_feature_enabled":true,"jetpack_social_post_already_shared":true,"jetpack_social_options":{"image_generator_settings":{"template":"highway","default_image_id":0,"font":"","enabled":false},"version":2}},"categories":[199,209],"tags":[],"class_list":["post-76941","post","type-post","status-publish","format-standard","has-post-thumbnail","hentry","category-bahia","category-educacao"],"jetpack_publicize_connections":[],"jetpack_featured_media_url":"https:\/\/blogopara.com.br\/wp-content\/uploads\/2025\/06\/Capturar-26.jpg","uagb_featured_image_src":{"full":["https:\/\/blogopara.com.br\/wp-content\/uploads\/2025\/06\/Capturar-26.jpg",500,265,false],"thumbnail":["https:\/\/blogopara.com.br\/wp-content\/uploads\/2025\/06\/Capturar-26-150x150.jpg",150,150,true],"medium":["https:\/\/blogopara.com.br\/wp-content\/uploads\/2025\/06\/Capturar-26-300x159.jpg",300,159,true],"medium_large":["https:\/\/blogopara.com.br\/wp-content\/uploads\/2025\/06\/Capturar-26.jpg",500,265,false],"large":["https:\/\/blogopara.com.br\/wp-content\/uploads\/2025\/06\/Capturar-26.jpg",500,265,false],"1536x1536":["https:\/\/blogopara.com.br\/wp-content\/uploads\/2025\/06\/Capturar-26.jpg",500,265,false],"2048x2048":["https:\/\/blogopara.com.br\/wp-content\/uploads\/2025\/06\/Capturar-26.jpg",500,265,false],"mantranews-slider-large":["https:\/\/blogopara.com.br\/wp-content\/uploads\/2025\/06\/Capturar-26.jpg",500,265,false],"mantranews-featured-medium":["https:\/\/blogopara.com.br\/wp-content\/uploads\/2025\/06\/Capturar-26-420x265.jpg",420,265,true],"mantranews-featured-long":["https:\/\/blogopara.com.br\/wp-content\/uploads\/2025\/06\/Capturar-26-300x265.jpg",300,265,true],"mantranews-block-medium":["https:\/\/blogopara.com.br\/wp-content\/uploads\/2025\/06\/Capturar-26-464x265.jpg",464,265,true],"mantranews-carousel-image":["https:\/\/blogopara.com.br\/wp-content\/uploads\/2025\/06\/Capturar-26.jpg",500,265,false],"mantranews-block-thumb":["https:\/\/blogopara.com.br\/wp-content\/uploads\/2025\/06\/Capturar-26-322x230.jpg",322,230,true],"mantranews-single-large":["https:\/\/blogopara.com.br\/wp-content\/uploads\/2025\/06\/Capturar-26.jpg",500,265,false]},"uagb_author_info":{"display_name":"Reda\u00e7\u00e3o geral","author_link":"https:\/\/blogopara.com.br\/index.php\/author\/blogopara"},"uagb_comment_info":0,"uagb_excerpt":"Ap\u00f3s den\u00fancias apresentadas pelo vereador Claudio Tinoco (Uni\u00e3o Brasil), o Minist\u00e9rio P\u00fablico da Bahia confirmou, em documento oficial, que a Portaria n\u00ba 190\/2024 da Secretaria de Educa\u00e7\u00e3o do Estado (SEC-BA), conhecida como a \u201cportaria da aprova\u00e7\u00e3o autom\u00e1tica\u201d, apresenta falhas t\u00e9cnicas e est\u00e1 sob investiga\u00e7\u00e3o por poss\u00edvel viola\u00e7\u00e3o ao direito \u00e0 educa\u00e7\u00e3o dos estudantes da rede&hellip;","jetpack_sharing_enabled":true,"jetpack_likes_enabled":true,"_links":{"self":[{"href":"https:\/\/blogopara.com.br\/index.php\/wp-json\/wp\/v2\/posts\/76941","targetHints":{"allow":["GET"]}}],"collection":[{"href":"https:\/\/blogopara.com.br\/index.php\/wp-json\/wp\/v2\/posts"}],"about":[{"href":"https:\/\/blogopara.com.br\/index.php\/wp-json\/wp\/v2\/types\/post"}],"author":[{"embeddable":true,"href":"https:\/\/blogopara.com.br\/index.php\/wp-json\/wp\/v2\/users\/1"}],"replies":[{"embeddable":true,"href":"https:\/\/blogopara.com.br\/index.php\/wp-json\/wp\/v2\/comments?post=76941"}],"version-history":[{"count":1,"href":"https:\/\/blogopara.com.br\/index.php\/wp-json\/wp\/v2\/posts\/76941\/revisions"}],"predecessor-version":[{"id":76943,"href":"https:\/\/blogopara.com.br\/index.php\/wp-json\/wp\/v2\/posts\/76941\/revisions\/76943"}],"wp:featuredmedia":[{"embeddable":true,"href":"https:\/\/blogopara.com.br\/index.php\/wp-json\/wp\/v2\/media\/76942"}],"wp:attachment":[{"href":"https:\/\/blogopara.com.br\/index.php\/wp-json\/wp\/v2\/media?parent=76941"}],"wp:term":[{"taxonomy":"category","embeddable":true,"href":"https:\/\/blogopara.com.br\/index.php\/wp-json\/wp\/v2\/categories?post=76941"},{"taxonomy":"post_tag","embeddable":true,"href":"https:\/\/blogopara.com.br\/index.php\/wp-json\/wp\/v2\/tags?post=76941"}],"curies":[{"name":"wp","href":"https:\/\/api.w.org\/{rel}","templated":true}]}}