{"id":76944,"date":"2025-06-17T16:28:37","date_gmt":"2025-06-17T19:28:37","guid":{"rendered":"https:\/\/blogopara.com.br\/?p=76944"},"modified":"2025-06-17T16:28:37","modified_gmt":"2025-06-17T19:28:37","slug":"prefeitura-de-juazeiro-inicia-aplicacao-de-revestimento-asfaltico-em-tsd-nas-ruas-ebenezer-e-quadra-25-no-bairro-joao-paulo-ii","status":"publish","type":"post","link":"https:\/\/blogopara.com.br\/index.php\/2025\/06\/17\/prefeitura-de-juazeiro-inicia-aplicacao-de-revestimento-asfaltico-em-tsd-nas-ruas-ebenezer-e-quadra-25-no-bairro-joao-paulo-ii","title":{"rendered":"Prefeitura de Juazeiro inicia aplica\u00e7\u00e3o de revestimento asf\u00e1ltico em TSD nas ruas Eben\u00e9zer e Quadra 25, no bairro Jo\u00e3o Paulo II"},"content":{"rendered":"<p>A Prefeitura de Juazeiro, por meio da Secretaria de Obras Estruturantes\/Soest, deu in\u00edcio \u00e0 aplica\u00e7\u00e3o do revestimento asf\u00e1ltico em Tratamento Superficial Duplo (TSD) nas ruas Eben\u00e9zer e Quadra 25, no bairro Jo\u00e3o Paulo II. A obra atende a uma demanda antiga da popula\u00e7\u00e3o, que h\u00e1 anos convivia com poeira nos per\u00edodos secos e lama durante as chuvas.<\/p>\n<p>Al\u00e9m da pavimenta\u00e7\u00e3o, os servi\u00e7os contemplam drenagem pluvial, terraplenagem, constru\u00e7\u00e3o de cal\u00e7adas e sinaliza\u00e7\u00e3o horizontal e vertical das vias. A previs\u00e3o \u00e9 de que sejam aplicados aproximadamente 4.600 m\u00b2 de TSD, que posteriormente receber\u00e1 uma camada de microrevestimento para aumentar a durabilidade e o desempenho do pavimento.<\/p>\n<p>Com previs\u00e3o de conclus\u00e3o at\u00e9 o final de julho, a obra visa proporcionar melhores condi\u00e7\u00f5es de mobilidade, seguran\u00e7a e qualidade de vida para os moradores da localidade.<\/p>\n<p>De acordo com o secret\u00e1rio de Obras Estruturantes, Vagner Souza, a interven\u00e7\u00e3o representa um importante avan\u00e7o para a infraestrutura urbana de Juazeiro. \u201cIniciamos a aplica\u00e7\u00e3o do asfalto em uma \u00e1rea que h\u00e1 muito tempo precisava dessa aten\u00e7\u00e3o. \u00c9 uma conquista importante para os moradores do Jo\u00e3o Paulo II, que agora passam a contar com vias mais dignas e seguras. Essa obra \u00e9 fruto do compromisso da gest\u00e3o municipal em levar melhorias concretas para todas as regi\u00f5es da cidade\u201d, afirmou o gestor.<\/p>\n<p>Texto: Eudes Sampaio \u2013 Ascom PMJ\/Seoesp<\/p>\n","protected":false},"excerpt":{"rendered":"<p>A Prefeitura de Juazeiro, por meio da Secretaria de Obras Estruturantes\/Soest, deu in\u00edcio \u00e0 aplica\u00e7\u00e3o do revestimento asf\u00e1ltico em Tratamento Superficial Duplo (TSD) nas ruas Eben\u00e9zer e Quadra 25, no bairro Jo\u00e3o Paulo II. A obra atende a uma demanda antiga da popula\u00e7\u00e3o, que h\u00e1 anos convivia com poeira nos per\u00edodos secos e lama durante [&hellip;]<\/p>\n","protected":false},"author":1,"featured_media":76945,"comment_status":"open","ping_status":"open","sticky":false,"template":"","format":"standard","meta":{"_uag_custom_page_level_css":"","_monsterinsights_skip_tracking":false,"_monsterinsights_sitenote_active":false,"_monsterinsights_sitenote_note":"","_monsterinsights_sitenote_category":0,"jetpack_post_was_ever_published":false,"_jetpack_newsletter_access":"","_jetpack_dont_email_post_to_subs":false,"_jetpack_newsletter_tier_id":0,"_jetpack_memberships_contains_paywalled_content":false,"_jetpack_memberships_contains_paid_content":false,"footnotes":"","jetpack_publicize_message":"","jetpack_publicize_feature_enabled":true,"jetpack_social_post_already_shared":true,"jetpack_social_options":{"image_generator_settings":{"template":"highway","default_image_id":0,"font":"","enabled":false},"version":2}},"categories":[203],"tags":[],"class_list":["post-76944","post","type-post","status-publish","format-standard","has-post-thumbnail","hentry","category-juazeiro"],"jetpack_publicize_connections":[],"jetpack_featured_media_url":"https:\/\/blogopara.com.br\/wp-content\/uploads\/2025\/06\/transferir-4.jpg","uagb_featured_image_src":{"full":["https:\/\/blogopara.com.br\/wp-content\/uploads\/2025\/06\/transferir-4.jpg",500,375,false],"thumbnail":["https:\/\/blogopara.com.br\/wp-content\/uploads\/2025\/06\/transferir-4-150x150.jpg",150,150,true],"medium":["https:\/\/blogopara.com.br\/wp-content\/uploads\/2025\/06\/transferir-4-300x225.jpg",300,225,true],"medium_large":["https:\/\/blogopara.com.br\/wp-content\/uploads\/2025\/06\/transferir-4.jpg",500,375,false],"large":["https:\/\/blogopara.com.br\/wp-content\/uploads\/2025\/06\/transferir-4.jpg",500,375,false],"1536x1536":["https:\/\/blogopara.com.br\/wp-content\/uploads\/2025\/06\/transferir-4.jpg",500,375,false],"2048x2048":["https:\/\/blogopara.com.br\/wp-content\/uploads\/2025\/06\/transferir-4.jpg",500,375,false],"mantranews-slider-large":["https:\/\/blogopara.com.br\/wp-content\/uploads\/2025\/06\/transferir-4.jpg",500,375,false],"mantranews-featured-medium":["https:\/\/blogopara.com.br\/wp-content\/uploads\/2025\/06\/transferir-4-420x307.jpg",420,307,true],"mantranews-featured-long":["https:\/\/blogopara.com.br\/wp-content\/uploads\/2025\/06\/transferir-4-300x375.jpg",300,375,true],"mantranews-block-medium":["https:\/\/blogopara.com.br\/wp-content\/uploads\/2025\/06\/transferir-4-464x290.jpg",464,290,true],"mantranews-carousel-image":["https:\/\/blogopara.com.br\/wp-content\/uploads\/2025\/06\/transferir-4.jpg",500,375,false],"mantranews-block-thumb":["https:\/\/blogopara.com.br\/wp-content\/uploads\/2025\/06\/transferir-4-322x230.jpg",322,230,true],"mantranews-single-large":["https:\/\/blogopara.com.br\/wp-content\/uploads\/2025\/06\/transferir-4.jpg",500,375,false]},"uagb_author_info":{"display_name":"Reda\u00e7\u00e3o geral","author_link":"https:\/\/blogopara.com.br\/index.php\/author\/blogopara"},"uagb_comment_info":0,"uagb_excerpt":"A Prefeitura de Juazeiro, por meio da Secretaria de Obras Estruturantes\/Soest, deu in\u00edcio \u00e0 aplica\u00e7\u00e3o do revestimento asf\u00e1ltico em Tratamento Superficial Duplo (TSD) nas ruas Eben\u00e9zer e Quadra 25, no bairro Jo\u00e3o Paulo II. A obra atende a uma demanda antiga da popula\u00e7\u00e3o, que h\u00e1 anos convivia com poeira nos per\u00edodos secos e lama durante&hellip;","jetpack_sharing_enabled":true,"jetpack_likes_enabled":true,"_links":{"self":[{"href":"https:\/\/blogopara.com.br\/index.php\/wp-json\/wp\/v2\/posts\/76944","targetHints":{"allow":["GET"]}}],"collection":[{"href":"https:\/\/blogopara.com.br\/index.php\/wp-json\/wp\/v2\/posts"}],"about":[{"href":"https:\/\/blogopara.com.br\/index.php\/wp-json\/wp\/v2\/types\/post"}],"author":[{"embeddable":true,"href":"https:\/\/blogopara.com.br\/index.php\/wp-json\/wp\/v2\/users\/1"}],"replies":[{"embeddable":true,"href":"https:\/\/blogopara.com.br\/index.php\/wp-json\/wp\/v2\/comments?post=76944"}],"version-history":[{"count":2,"href":"https:\/\/blogopara.com.br\/index.php\/wp-json\/wp\/v2\/posts\/76944\/revisions"}],"predecessor-version":[{"id":76947,"href":"https:\/\/blogopara.com.br\/index.php\/wp-json\/wp\/v2\/posts\/76944\/revisions\/76947"}],"wp:featuredmedia":[{"embeddable":true,"href":"https:\/\/blogopara.com.br\/index.php\/wp-json\/wp\/v2\/media\/76945"}],"wp:attachment":[{"href":"https:\/\/blogopara.com.br\/index.php\/wp-json\/wp\/v2\/media?parent=76944"}],"wp:term":[{"taxonomy":"category","embeddable":true,"href":"https:\/\/blogopara.com.br\/index.php\/wp-json\/wp\/v2\/categories?post=76944"},{"taxonomy":"post_tag","embeddable":true,"href":"https:\/\/blogopara.com.br\/index.php\/wp-json\/wp\/v2\/tags?post=76944"}],"curies":[{"name":"wp","href":"https:\/\/api.w.org\/{rel}","templated":true}]}}