{"id":76980,"date":"2025-06-19T16:31:27","date_gmt":"2025-06-19T19:31:27","guid":{"rendered":"https:\/\/blogopara.com.br\/?p=76980"},"modified":"2025-06-19T16:42:06","modified_gmt":"2025-06-19T19:42:06","slug":"juazeiro-camara-de-vereadores-antecipa-pagamento-de-salario-de-junho-antes-do-sao-joao","status":"publish","type":"post","link":"https:\/\/blogopara.com.br\/index.php\/2025\/06\/19\/juazeiro-camara-de-vereadores-antecipa-pagamento-de-salario-de-junho-antes-do-sao-joao","title":{"rendered":"Juazeiro: C\u00e2mara de Vereadores antecipa pagamento de sal\u00e1rio de junho antes do S\u00e3o Jo\u00e3o"},"content":{"rendered":"<p>Os servidores da C\u00e2mara Municipal de Juazeiro da Bahia, receberam nesta quinta-feira (18) o sal\u00e1rio referente ao m\u00eas de junho. A antecipa\u00e7\u00e3o foi realizada em raz\u00e3o das festividades juninas, garantindo que os colaboradores da Casa Legislativa possam celebrar o S\u00e3o Jo\u00e3o com mais tranquilidade e planejamento.<\/p>\n<p>De acordo com o presidente da C\u00e2mara, vereador Mitu, a medida \u00e9 uma forma de reconhecimento ao trabalho dos servidores.<br \/>\n\u201cSabemos da import\u00e2ncia cultural do S\u00e3o Jo\u00e3o para o nosso povo. Antecipar o sal\u00e1rio \u00e9 uma forma de valorizar quem contribui diariamente com o bom funcionamento da C\u00e2mara e permitir que celebrem essa data com dignidade,\u201d afirmou o presidente.<\/p>\n<p>A a\u00e7\u00e3o demonstra o compromisso da atual gest\u00e3o com a valoriza\u00e7\u00e3o dos servidores e o equil\u00edbrio financeiro da institui\u00e7\u00e3o.<\/p>\n<p>Ascom<\/p>\n","protected":false},"excerpt":{"rendered":"<p>Os servidores da C\u00e2mara Municipal de Juazeiro da Bahia, receberam nesta quinta-feira (18) o sal\u00e1rio referente ao m\u00eas de junho. A antecipa\u00e7\u00e3o foi realizada em raz\u00e3o das festividades juninas, garantindo que os colaboradores da Casa Legislativa possam celebrar o S\u00e3o Jo\u00e3o com mais tranquilidade e planejamento. De acordo com o presidente da C\u00e2mara, vereador Mitu, [&hellip;]<\/p>\n","protected":false},"author":1,"featured_media":76987,"comment_status":"open","ping_status":"open","sticky":false,"template":"","format":"standard","meta":{"_uag_custom_page_level_css":"","_monsterinsights_skip_tracking":false,"_monsterinsights_sitenote_active":false,"_monsterinsights_sitenote_note":"","_monsterinsights_sitenote_category":0,"jetpack_post_was_ever_published":false,"_jetpack_newsletter_access":"","_jetpack_dont_email_post_to_subs":false,"_jetpack_newsletter_tier_id":0,"_jetpack_memberships_contains_paywalled_content":false,"_jetpack_memberships_contains_paid_content":false,"footnotes":"","jetpack_publicize_message":"","jetpack_publicize_feature_enabled":true,"jetpack_social_post_already_shared":true,"jetpack_social_options":{"image_generator_settings":{"template":"highway","default_image_id":0,"font":"","enabled":false},"version":2}},"categories":[203,197],"tags":[6759,2017,11692,7692,11898],"class_list":["post-76980","post","type-post","status-publish","format-standard","has-post-thumbnail","hentry","category-juazeiro","category-politica","tag-camara-da-vereadores-de-juazeiro","tag-cmj","tag-mitu-do-sindicato","tag-presidente-da-cmj","tag-vereador-mitu"],"jetpack_publicize_connections":[],"jetpack_featured_media_url":"https:\/\/blogopara.com.br\/wp-content\/uploads\/2025\/06\/Vereador-Mitu.jpg","uagb_featured_image_src":{"full":["https:\/\/blogopara.com.br\/wp-content\/uploads\/2025\/06\/Vereador-Mitu.jpg",500,332,false],"thumbnail":["https:\/\/blogopara.com.br\/wp-content\/uploads\/2025\/06\/Vereador-Mitu-150x150.jpg",150,150,true],"medium":["https:\/\/blogopara.com.br\/wp-content\/uploads\/2025\/06\/Vereador-Mitu-300x199.jpg",300,199,true],"medium_large":["https:\/\/blogopara.com.br\/wp-content\/uploads\/2025\/06\/Vereador-Mitu.jpg",500,332,false],"large":["https:\/\/blogopara.com.br\/wp-content\/uploads\/2025\/06\/Vereador-Mitu.jpg",500,332,false],"1536x1536":["https:\/\/blogopara.com.br\/wp-content\/uploads\/2025\/06\/Vereador-Mitu.jpg",500,332,false],"2048x2048":["https:\/\/blogopara.com.br\/wp-content\/uploads\/2025\/06\/Vereador-Mitu.jpg",500,332,false],"mantranews-slider-large":["https:\/\/blogopara.com.br\/wp-content\/uploads\/2025\/06\/Vereador-Mitu.jpg",500,332,false],"mantranews-featured-medium":["https:\/\/blogopara.com.br\/wp-content\/uploads\/2025\/06\/Vereador-Mitu-420x307.jpg",420,307,true],"mantranews-featured-long":["https:\/\/blogopara.com.br\/wp-content\/uploads\/2025\/06\/Vereador-Mitu-300x332.jpg",300,332,true],"mantranews-block-medium":["https:\/\/blogopara.com.br\/wp-content\/uploads\/2025\/06\/Vereador-Mitu-464x290.jpg",464,290,true],"mantranews-carousel-image":["https:\/\/blogopara.com.br\/wp-content\/uploads\/2025\/06\/Vereador-Mitu.jpg",500,332,false],"mantranews-block-thumb":["https:\/\/blogopara.com.br\/wp-content\/uploads\/2025\/06\/Vereador-Mitu-322x230.jpg",322,230,true],"mantranews-single-large":["https:\/\/blogopara.com.br\/wp-content\/uploads\/2025\/06\/Vereador-Mitu.jpg",500,332,false]},"uagb_author_info":{"display_name":"Reda\u00e7\u00e3o geral","author_link":"https:\/\/blogopara.com.br\/index.php\/author\/blogopara"},"uagb_comment_info":0,"uagb_excerpt":"Os servidores da C\u00e2mara Municipal de Juazeiro da Bahia, receberam nesta quinta-feira (18) o sal\u00e1rio referente ao m\u00eas de junho. A antecipa\u00e7\u00e3o foi realizada em raz\u00e3o das festividades juninas, garantindo que os colaboradores da Casa Legislativa possam celebrar o S\u00e3o Jo\u00e3o com mais tranquilidade e planejamento. De acordo com o presidente da C\u00e2mara, vereador Mitu,&hellip;","jetpack_sharing_enabled":true,"jetpack_likes_enabled":true,"_links":{"self":[{"href":"https:\/\/blogopara.com.br\/index.php\/wp-json\/wp\/v2\/posts\/76980","targetHints":{"allow":["GET"]}}],"collection":[{"href":"https:\/\/blogopara.com.br\/index.php\/wp-json\/wp\/v2\/posts"}],"about":[{"href":"https:\/\/blogopara.com.br\/index.php\/wp-json\/wp\/v2\/types\/post"}],"author":[{"embeddable":true,"href":"https:\/\/blogopara.com.br\/index.php\/wp-json\/wp\/v2\/users\/1"}],"replies":[{"embeddable":true,"href":"https:\/\/blogopara.com.br\/index.php\/wp-json\/wp\/v2\/comments?post=76980"}],"version-history":[{"count":2,"href":"https:\/\/blogopara.com.br\/index.php\/wp-json\/wp\/v2\/posts\/76980\/revisions"}],"predecessor-version":[{"id":76982,"href":"https:\/\/blogopara.com.br\/index.php\/wp-json\/wp\/v2\/posts\/76980\/revisions\/76982"}],"wp:featuredmedia":[{"embeddable":true,"href":"https:\/\/blogopara.com.br\/index.php\/wp-json\/wp\/v2\/media\/76987"}],"wp:attachment":[{"href":"https:\/\/blogopara.com.br\/index.php\/wp-json\/wp\/v2\/media?parent=76980"}],"wp:term":[{"taxonomy":"category","embeddable":true,"href":"https:\/\/blogopara.com.br\/index.php\/wp-json\/wp\/v2\/categories?post=76980"},{"taxonomy":"post_tag","embeddable":true,"href":"https:\/\/blogopara.com.br\/index.php\/wp-json\/wp\/v2\/tags?post=76980"}],"curies":[{"name":"wp","href":"https:\/\/api.w.org\/{rel}","templated":true}]}}