{"id":76984,"date":"2025-06-19T16:37:57","date_gmt":"2025-06-19T19:37:57","guid":{"rendered":"https:\/\/blogopara.com.br\/?p=76984"},"modified":"2025-06-19T16:37:57","modified_gmt":"2025-06-19T19:37:57","slug":"justica-mantem-proibicao-de-espadas-em-senhor-do-bonfim","status":"publish","type":"post","link":"https:\/\/blogopara.com.br\/index.php\/2025\/06\/19\/justica-mantem-proibicao-de-espadas-em-senhor-do-bonfim","title":{"rendered":"Justi\u00e7a mant\u00e9m proibi\u00e7\u00e3o de &#8220;espadas&#8221; em Senhor do Bonfim"},"content":{"rendered":"<div class=\"flex flex-col w-full font-normal text-[18px] leading-[30px] text-tw-theme-text-default\">\n<p id=\"paragrafo-9ed9ilqyfn\">A Associa\u00e7\u00e3o Cultural dos Espadeiros de Senhor do Bonfim (ACESB) divulgou uma nota p\u00fablica reiterando que a tradicional Guerra de Espadas segue proibida por decis\u00e3o judicial. Com base na Lei Federal n\u00ba 10.826\/2003 (Estatuto do Desarmamento), a fabrica\u00e7\u00e3o, comercializa\u00e7\u00e3o e queima das espadas est\u00e3o enquadradas como crime e sujeitas a san\u00e7\u00f5es penais. A nota, entretanto, n\u00e3o ecoa apenas resigna\u00e7\u00e3o, mas tamb\u00e9m reafirma o empenho da associa\u00e7\u00e3o em buscar a regulamenta\u00e7\u00e3o da pr\u00e1tica por meios legais, com respaldo t\u00e9cnico e institucional.<\/p>\n<\/div>\n<div class=\"flex flex-col w-full font-normal text-[18px] leading-[30px] text-tw-theme-text-default\">\n<p id=\"paragrafo-l5m6gf7ql2\">Durante reuni\u00e3o com o comandante do 6\u00ba Batalh\u00e3o da Pol\u00edcia Militar da Bahia, Tenente-Coronel Mascarenhas, e com o promotor de Justi\u00e7a Felipe Pazzola, do Minist\u00e9rio P\u00fablico da Bahia, a ACESB ouviu novamente o que j\u00e1 sabia: a proibi\u00e7\u00e3o est\u00e1 mantida e ser\u00e1 fiscalizada com rigor. Em contrapartida, a associa\u00e7\u00e3o recebeu sinal verde para seguir dialogando com os \u00f3rg\u00e3os competentes em busca de um modelo legal que permita a continuidade da pr\u00e1tica. Um passo pol\u00edtico e simb\u00f3lico importante, sobretudo diante da criminaliza\u00e7\u00e3o de uma manifesta\u00e7\u00e3o com ra\u00edzes culturais profundas.<\/p>\n<\/div>\n<div class=\"flex flex-col w-full font-normal text-[18px] leading-[30px] text-tw-theme-text-default\">\n<p id=\"paragrafo-0213gcpxph\">A ACESB aposta em caminhos t\u00e9cnicos e estrat\u00e9gicos. Assinou recentemente um acordo de Coopera\u00e7\u00e3o T\u00e9cnica com os maiores fabricantes de fogos de artif\u00edcio do pa\u00eds, estabelecendo protocolos de seguran\u00e7a baseados em normas do Ex\u00e9rcito Brasileiro. Foi reconhecida como de Utilidade P\u00fablica tanto municipal quanto estadual, e tem mobilizado espadeiros, simpatizantes e institui\u00e7\u00f5es na defesa do que considera \u201cum direito hist\u00f3rico\u201d: a pr\u00e1tica da Guerra de Espadas com seguran\u00e7a, legalidade e respeito \u00e0 cultura.<\/p>\n<\/div>\n<div class=\"flex flex-col w-full font-normal text-[18px] leading-[30px] text-tw-theme-text-default\">\n<p id=\"paragrafo-sweisw43td\">Na nota, a associa\u00e7\u00e3o pede que a popula\u00e7\u00e3o evite soltar espadas este ano, especialmente nas ruas Costa Pinto e J\u00falio Silva, pontos tradicionais de aglomera\u00e7\u00e3o. O apelo \u00e9 tamb\u00e9m para evitar preju\u00edzos \u00e0 popula\u00e7\u00e3o residente \u2014 muitos idosos e pessoas com fragilidade de sa\u00fade \u2014 e para proteger o patrim\u00f4nio p\u00fablico e privado de eventuais acidentes. A mensagem \u00e9 clara: resistir hoje significa n\u00e3o acender o pavio. \u00c9 preservar a mem\u00f3ria para reacend\u00ea-la legalmente no futuro.<\/p>\n<\/div>\n<div class=\"flex flex-col w-full font-normal text-[18px] leading-[30px] text-tw-theme-text-default\">\n<p id=\"paragrafo-udq00bseos\">N\u00e3o h\u00e1 ingenuidade na postura da ACESB. O gesto de cautela \u00e9 estrat\u00e9gico e pol\u00edtico. Ao recuar agora, a associa\u00e7\u00e3o quer mostrar maturidade institucional e responsabilidade, justamente os crit\u00e9rios que faltaram a quem trata a cultura como caso de pol\u00edcia. O S\u00e3o Jo\u00e3o de Senhor do Bonfim perde seu s\u00edmbolo mais explosivo, mas ganha, talvez, a chance de prov\u00e1-lo ainda mais necess\u00e1rio.<\/p>\n<\/div>\n<div class=\"flex flex-col w-full font-normal text-[18px] leading-[30px] text-tw-theme-text-default\">\n<p id=\"paragrafo-y5tmo4w1fv\">Siga no Instagram: @flaviaazevedoalmeida<\/p>\n<\/div>\n","protected":false},"excerpt":{"rendered":"<p>A Associa\u00e7\u00e3o Cultural dos Espadeiros de Senhor do Bonfim (ACESB) divulgou uma nota p\u00fablica reiterando que a tradicional Guerra de Espadas segue proibida por decis\u00e3o judicial. Com base na Lei Federal n\u00ba 10.826\/2003 (Estatuto do Desarmamento), a fabrica\u00e7\u00e3o, comercializa\u00e7\u00e3o e queima das espadas est\u00e3o enquadradas como crime e sujeitas a san\u00e7\u00f5es penais. A nota, entretanto, [&hellip;]<\/p>\n","protected":false},"author":1,"featured_media":76985,"comment_status":"open","ping_status":"open","sticky":false,"template":"","format":"standard","meta":{"_uag_custom_page_level_css":"","_monsterinsights_skip_tracking":false,"_monsterinsights_sitenote_active":false,"_monsterinsights_sitenote_note":"","_monsterinsights_sitenote_category":0,"jetpack_post_was_ever_published":false,"_jetpack_newsletter_access":"","_jetpack_dont_email_post_to_subs":false,"_jetpack_newsletter_tier_id":0,"_jetpack_memberships_contains_paywalled_content":false,"_jetpack_memberships_contains_paid_content":false,"footnotes":"","jetpack_publicize_message":"","jetpack_publicize_feature_enabled":true,"jetpack_social_post_already_shared":true,"jetpack_social_options":{"image_generator_settings":{"template":"highway","default_image_id":0,"font":"","enabled":false},"version":2}},"categories":[199],"tags":[],"class_list":["post-76984","post","type-post","status-publish","format-standard","has-post-thumbnail","hentry","category-bahia"],"jetpack_publicize_connections":[],"jetpack_featured_media_url":"https:\/\/blogopara.com.br\/wp-content\/uploads\/2025\/06\/Capturar-31.jpg","uagb_featured_image_src":{"full":["https:\/\/blogopara.com.br\/wp-content\/uploads\/2025\/06\/Capturar-31.jpg",500,438,false],"thumbnail":["https:\/\/blogopara.com.br\/wp-content\/uploads\/2025\/06\/Capturar-31-150x150.jpg",150,150,true],"medium":["https:\/\/blogopara.com.br\/wp-content\/uploads\/2025\/06\/Capturar-31-300x263.jpg",300,263,true],"medium_large":["https:\/\/blogopara.com.br\/wp-content\/uploads\/2025\/06\/Capturar-31.jpg",500,438,false],"large":["https:\/\/blogopara.com.br\/wp-content\/uploads\/2025\/06\/Capturar-31.jpg",500,438,false],"1536x1536":["https:\/\/blogopara.com.br\/wp-content\/uploads\/2025\/06\/Capturar-31.jpg",500,438,false],"2048x2048":["https:\/\/blogopara.com.br\/wp-content\/uploads\/2025\/06\/Capturar-31.jpg",500,438,false],"mantranews-slider-large":["https:\/\/blogopara.com.br\/wp-content\/uploads\/2025\/06\/Capturar-31.jpg",500,438,false],"mantranews-featured-medium":["https:\/\/blogopara.com.br\/wp-content\/uploads\/2025\/06\/Capturar-31-420x307.jpg",420,307,true],"mantranews-featured-long":["https:\/\/blogopara.com.br\/wp-content\/uploads\/2025\/06\/Capturar-31-300x438.jpg",300,438,true],"mantranews-block-medium":["https:\/\/blogopara.com.br\/wp-content\/uploads\/2025\/06\/Capturar-31-464x290.jpg",464,290,true],"mantranews-carousel-image":["https:\/\/blogopara.com.br\/wp-content\/uploads\/2025\/06\/Capturar-31.jpg",500,438,false],"mantranews-block-thumb":["https:\/\/blogopara.com.br\/wp-content\/uploads\/2025\/06\/Capturar-31-322x230.jpg",322,230,true],"mantranews-single-large":["https:\/\/blogopara.com.br\/wp-content\/uploads\/2025\/06\/Capturar-31.jpg",500,438,false]},"uagb_author_info":{"display_name":"Reda\u00e7\u00e3o geral","author_link":"https:\/\/blogopara.com.br\/index.php\/author\/blogopara"},"uagb_comment_info":0,"uagb_excerpt":"A Associa\u00e7\u00e3o Cultural dos Espadeiros de Senhor do Bonfim (ACESB) divulgou uma nota p\u00fablica reiterando que a tradicional Guerra de Espadas segue proibida por decis\u00e3o judicial. Com base na Lei Federal n\u00ba 10.826\/2003 (Estatuto do Desarmamento), a fabrica\u00e7\u00e3o, comercializa\u00e7\u00e3o e queima das espadas est\u00e3o enquadradas como crime e sujeitas a san\u00e7\u00f5es penais. A nota, entretanto,&hellip;","jetpack_sharing_enabled":true,"jetpack_likes_enabled":true,"_links":{"self":[{"href":"https:\/\/blogopara.com.br\/index.php\/wp-json\/wp\/v2\/posts\/76984","targetHints":{"allow":["GET"]}}],"collection":[{"href":"https:\/\/blogopara.com.br\/index.php\/wp-json\/wp\/v2\/posts"}],"about":[{"href":"https:\/\/blogopara.com.br\/index.php\/wp-json\/wp\/v2\/types\/post"}],"author":[{"embeddable":true,"href":"https:\/\/blogopara.com.br\/index.php\/wp-json\/wp\/v2\/users\/1"}],"replies":[{"embeddable":true,"href":"https:\/\/blogopara.com.br\/index.php\/wp-json\/wp\/v2\/comments?post=76984"}],"version-history":[{"count":1,"href":"https:\/\/blogopara.com.br\/index.php\/wp-json\/wp\/v2\/posts\/76984\/revisions"}],"predecessor-version":[{"id":76986,"href":"https:\/\/blogopara.com.br\/index.php\/wp-json\/wp\/v2\/posts\/76984\/revisions\/76986"}],"wp:featuredmedia":[{"embeddable":true,"href":"https:\/\/blogopara.com.br\/index.php\/wp-json\/wp\/v2\/media\/76985"}],"wp:attachment":[{"href":"https:\/\/blogopara.com.br\/index.php\/wp-json\/wp\/v2\/media?parent=76984"}],"wp:term":[{"taxonomy":"category","embeddable":true,"href":"https:\/\/blogopara.com.br\/index.php\/wp-json\/wp\/v2\/categories?post=76984"},{"taxonomy":"post_tag","embeddable":true,"href":"https:\/\/blogopara.com.br\/index.php\/wp-json\/wp\/v2\/tags?post=76984"}],"curies":[{"name":"wp","href":"https:\/\/api.w.org\/{rel}","templated":true}]}}