{"id":77060,"date":"2025-06-23T18:06:31","date_gmt":"2025-06-23T21:06:31","guid":{"rendered":"https:\/\/blogopara.com.br\/?p=77060"},"modified":"2025-06-23T18:06:44","modified_gmt":"2025-06-23T21:06:44","slug":"corpos-esquartejados-terror-marca-a-expansao-da-extrema-violencia-no-reconcavo","status":"publish","type":"post","link":"https:\/\/blogopara.com.br\/index.php\/2025\/06\/23\/corpos-esquartejados-terror-marca-a-expansao-da-extrema-violencia-no-reconcavo","title":{"rendered":"Corpos esquartejados: terror marca a expans\u00e3o da extrema viol\u00eancia no Rec\u00f4ncavo"},"content":{"rendered":"<div class=\"flex flex-col w-full\">\n<div class=\"flex flex-col w-full font-normal text-[18px] leading-[30px] text-tw-theme-text-default\">\n<p id=\"paragrafo-10qbmjy2w2\">Tr\u00eas corpos esquartejados em apenas quatro dias abalaram a rotina de moradores de duas cidades do Rec\u00f4ncavo baiano. N\u00e3o bastasse o crime, a barb\u00e1rie foi exposta em vias p\u00fablicas, o que entende como um recado aos desafetos.<\/p>\n<\/div>\n<div class=\"article_mrec_destaque sticky\">\n<div id=\"internas_336x280_01\"><\/div>\n<\/div>\n<div class=\"flex flex-col w-full font-normal text-[18px] leading-[30px] text-tw-theme-text-default\">\n<p id=\"paragrafo-yrxfbph5j8\">Na quarta-feira (18), um homem, identificado como Osvaldo, foi decapitado e o restante do corpo (pernas, bra\u00e7as e o \u00f3rg\u00e3o genital) foi deixado em pontos distantes no distrito de Naj\u00e9, zona rural de\u00a0<a class=\"link\" href=\"https:\/\/www.correio24horas.com.br\/minha-bahia\/moradores-de-cidade-baiana-sao-surpreendidos-com-corpo-esquartejado-na-rua-0625\" target=\"_blank\" rel=\"noopener\">Maragojipe<\/a>. J\u00e1 no dia 14, os corpos de dois moradores foram jogados no riacho do Caquende, enquanto as cabe\u00e7as foram largadas numa pra\u00e7a, na cidade de Cachoeira.<\/p>\n<\/div>\n<div class=\"flex flex-col w-full font-normal text-[18px] leading-[30px] text-tw-theme-text-default\">\n<p id=\"paragrafo-gfb5g2e51w\">Esses casos refletem um fen\u00f4meno antes visto com essa frequ\u00eancia somente em Salvador: a demonstra\u00e7\u00e3o da extra viol\u00eancia como ferramenta de expans\u00e3o do crime organizado.<\/p>\n<\/div>\n<\/div>\n<div class=\"flex flex-col w-full\"><\/div>\n","protected":false},"excerpt":{"rendered":"<p>Tr\u00eas corpos esquartejados em apenas quatro dias abalaram a rotina de moradores de duas cidades do Rec\u00f4ncavo baiano. N\u00e3o bastasse o crime, a barb\u00e1rie foi exposta em vias p\u00fablicas, o que entende como um recado aos desafetos. Na quarta-feira (18), um homem, identificado como Osvaldo, foi decapitado e o restante do corpo (pernas, bra\u00e7as e [&hellip;]<\/p>\n","protected":false},"author":1,"featured_media":7286,"comment_status":"open","ping_status":"open","sticky":false,"template":"","format":"standard","meta":{"_uag_custom_page_level_css":"","_monsterinsights_skip_tracking":false,"_monsterinsights_sitenote_active":false,"_monsterinsights_sitenote_note":"","_monsterinsights_sitenote_category":0,"jetpack_post_was_ever_published":false,"_jetpack_newsletter_access":"","_jetpack_dont_email_post_to_subs":false,"_jetpack_newsletter_tier_id":0,"_jetpack_memberships_contains_paywalled_content":false,"_jetpack_memberships_contains_paid_content":false,"footnotes":"","jetpack_publicize_message":"","jetpack_publicize_feature_enabled":true,"jetpack_social_post_already_shared":true,"jetpack_social_options":{"image_generator_settings":{"template":"highway","default_image_id":0,"font":"","enabled":false},"version":2}},"categories":[199],"tags":[],"class_list":["post-77060","post","type-post","status-publish","format-standard","has-post-thumbnail","hentry","category-bahia"],"jetpack_publicize_connections":[],"jetpack_featured_media_url":"https:\/\/blogopara.com.br\/wp-content\/uploads\/2020\/02\/homicidio-violencia-e1666094574189.jpg","uagb_featured_image_src":{"full":["https:\/\/blogopara.com.br\/wp-content\/uploads\/2020\/02\/homicidio-violencia-e1666094574189.jpg",500,263,false],"thumbnail":["https:\/\/blogopara.com.br\/wp-content\/uploads\/2020\/02\/homicidio-violencia-e1528235328685-150x150.jpg",150,150,true],"medium":["https:\/\/blogopara.com.br\/wp-content\/uploads\/2020\/02\/homicidio-violencia-e1528235328685-300x158.jpg",300,158,true],"medium_large":["https:\/\/blogopara.com.br\/wp-content\/uploads\/2020\/02\/homicidio-violencia-e1666094574189.jpg",500,263,false],"large":["https:\/\/blogopara.com.br\/wp-content\/uploads\/2020\/02\/homicidio-violencia-e1666094574189.jpg",500,263,false],"1536x1536":["https:\/\/blogopara.com.br\/wp-content\/uploads\/2020\/02\/homicidio-violencia-e1666094574189.jpg",500,263,false],"2048x2048":["https:\/\/blogopara.com.br\/wp-content\/uploads\/2020\/02\/homicidio-violencia-e1666094574189.jpg",500,263,false],"mantranews-slider-large":["https:\/\/blogopara.com.br\/wp-content\/uploads\/2020\/02\/homicidio-violencia-e1666094574189.jpg",500,263,false],"mantranews-featured-medium":["https:\/\/blogopara.com.br\/wp-content\/uploads\/2020\/02\/homicidio-violencia-e1666094574189.jpg",420,221,false],"mantranews-featured-long":["https:\/\/blogopara.com.br\/wp-content\/uploads\/2020\/02\/homicidio-violencia-e1666094574189.jpg",300,158,false],"mantranews-block-medium":["https:\/\/blogopara.com.br\/wp-content\/uploads\/2020\/02\/homicidio-violencia-e1666094574189.jpg",464,244,false],"mantranews-carousel-image":["https:\/\/blogopara.com.br\/wp-content\/uploads\/2020\/02\/homicidio-violencia-e1666094574189.jpg",500,263,false],"mantranews-block-thumb":["https:\/\/blogopara.com.br\/wp-content\/uploads\/2020\/02\/homicidio-violencia-e1666094574189.jpg",322,169,false],"mantranews-single-large":["https:\/\/blogopara.com.br\/wp-content\/uploads\/2020\/02\/homicidio-violencia-e1666094574189.jpg",500,263,false]},"uagb_author_info":{"display_name":"Reda\u00e7\u00e3o geral","author_link":"https:\/\/blogopara.com.br\/index.php\/author\/blogopara"},"uagb_comment_info":0,"uagb_excerpt":"Tr\u00eas corpos esquartejados em apenas quatro dias abalaram a rotina de moradores de duas cidades do Rec\u00f4ncavo baiano. N\u00e3o bastasse o crime, a barb\u00e1rie foi exposta em vias p\u00fablicas, o que entende como um recado aos desafetos. Na quarta-feira (18), um homem, identificado como Osvaldo, foi decapitado e o restante do corpo (pernas, bra\u00e7as e&hellip;","jetpack_sharing_enabled":true,"jetpack_likes_enabled":true,"_links":{"self":[{"href":"https:\/\/blogopara.com.br\/index.php\/wp-json\/wp\/v2\/posts\/77060","targetHints":{"allow":["GET"]}}],"collection":[{"href":"https:\/\/blogopara.com.br\/index.php\/wp-json\/wp\/v2\/posts"}],"about":[{"href":"https:\/\/blogopara.com.br\/index.php\/wp-json\/wp\/v2\/types\/post"}],"author":[{"embeddable":true,"href":"https:\/\/blogopara.com.br\/index.php\/wp-json\/wp\/v2\/users\/1"}],"replies":[{"embeddable":true,"href":"https:\/\/blogopara.com.br\/index.php\/wp-json\/wp\/v2\/comments?post=77060"}],"version-history":[{"count":1,"href":"https:\/\/blogopara.com.br\/index.php\/wp-json\/wp\/v2\/posts\/77060\/revisions"}],"predecessor-version":[{"id":77061,"href":"https:\/\/blogopara.com.br\/index.php\/wp-json\/wp\/v2\/posts\/77060\/revisions\/77061"}],"wp:featuredmedia":[{"embeddable":true,"href":"https:\/\/blogopara.com.br\/index.php\/wp-json\/wp\/v2\/media\/7286"}],"wp:attachment":[{"href":"https:\/\/blogopara.com.br\/index.php\/wp-json\/wp\/v2\/media?parent=77060"}],"wp:term":[{"taxonomy":"category","embeddable":true,"href":"https:\/\/blogopara.com.br\/index.php\/wp-json\/wp\/v2\/categories?post=77060"},{"taxonomy":"post_tag","embeddable":true,"href":"https:\/\/blogopara.com.br\/index.php\/wp-json\/wp\/v2\/tags?post=77060"}],"curies":[{"name":"wp","href":"https:\/\/api.w.org\/{rel}","templated":true}]}}