{"id":77062,"date":"2025-06-23T18:08:07","date_gmt":"2025-06-23T21:08:07","guid":{"rendered":"https:\/\/blogopara.com.br\/?p=77062"},"modified":"2025-06-23T18:08:07","modified_gmt":"2025-06-23T21:08:07","slug":"casa-nova-comemora-146-anos-com-festa-cultura-e-tradicao","status":"publish","type":"post","link":"https:\/\/blogopara.com.br\/index.php\/2025\/06\/23\/casa-nova-comemora-146-anos-com-festa-cultura-e-tradicao","title":{"rendered":"Casa Nova comemora 146 anos com festa, cultura e tradi\u00e7\u00e3o"},"content":{"rendered":"<p>A cidade de Casa Nova celebrou seus 146 anos de emancipa\u00e7\u00e3o pol\u00edtica em grande estilo na noite desta sexta-feira (20), com uma programa\u00e7\u00e3o especial que encheu de alegria e orgulho os cora\u00e7\u00f5es dos casanovenses. A Pra\u00e7a Gilson Viana foi o palco principal da festa, que contou com apresenta\u00e7\u00f5es culturais, o tradicional concurso da Rainha da Festa do Interior 2025 e shows musicais que animaram o p\u00fablico at\u00e9 altas horas.<\/p>\n<p>A programa\u00e7\u00e3o contou com atra\u00e7\u00f5es culturais que exaltaram a identidade local e as tradi\u00e7\u00f5es juninas e o desfile e a escolha da Rainha da Festa do Interior 2025, que encantou o p\u00fablico com beleza, simpatia e muito carisma. O t\u00edtulo de Rainha da Festa do Interior 2025 ficou com a representante de Po\u00e7o da Pedra, que brilhou no palco. Como 1\u00aa Princesa, foi eleita a jovem de Riacho do Sobrado, e o t\u00edtulo de 2\u00aa Princesa ficou com a representante da Tiririca. J\u00e1 o t\u00edtulo de Miss Simpatia foi para a candidata de Lagoa do Alegre, conquistando os jurados com sua alegria e carisma.<\/p>\n<p>Para encerrar a comemora\u00e7\u00e3o, os shows de Mari e Raiane, Tiaguinho Carvalho e Fabr\u00edcio Lustosa animaram a multid\u00e3o, trazendo muito forr\u00f3 e emo\u00e7\u00e3o \u00e0 noite festiva.<\/p>\n<p>O prefeito Anisio Viana destacou a import\u00e2ncia da data e da celebra\u00e7\u00e3o. \u201cCasa Nova \u00e9 uma cidade forte, cheia de hist\u00f3ria e de um povo que tem muito orgulho de suas ra\u00edzes. Os 146 anos foram comemorados com a grandeza que nossa terra merece: com cultura, alegria e o calor do nosso povo. Parab\u00e9ns, Casa Nova\u201d, celebrou o gestor.<\/p>\n<p>&#8211;<br \/>\nTexto: Ascom PMCN<\/p>\n","protected":false},"excerpt":{"rendered":"<p>A cidade de Casa Nova celebrou seus 146 anos de emancipa\u00e7\u00e3o pol\u00edtica em grande estilo na noite desta sexta-feira (20), com uma programa\u00e7\u00e3o especial que encheu de alegria e orgulho os cora\u00e7\u00f5es dos casanovenses. A Pra\u00e7a Gilson Viana foi o palco principal da festa, que contou com apresenta\u00e7\u00f5es culturais, o tradicional concurso da Rainha da [&hellip;]<\/p>\n","protected":false},"author":1,"featured_media":77063,"comment_status":"open","ping_status":"open","sticky":false,"template":"","format":"standard","meta":{"_uag_custom_page_level_css":"","_monsterinsights_skip_tracking":false,"_monsterinsights_sitenote_active":false,"_monsterinsights_sitenote_note":"","_monsterinsights_sitenote_category":0,"jetpack_post_was_ever_published":false,"_jetpack_newsletter_access":"","_jetpack_dont_email_post_to_subs":false,"_jetpack_newsletter_tier_id":0,"_jetpack_memberships_contains_paywalled_content":false,"_jetpack_memberships_contains_paid_content":false,"footnotes":"","jetpack_publicize_message":"","jetpack_publicize_feature_enabled":true,"jetpack_social_post_already_shared":true,"jetpack_social_options":{"image_generator_settings":{"template":"highway","default_image_id":0,"font":"","enabled":false},"version":2}},"categories":[199],"tags":[],"class_list":["post-77062","post","type-post","status-publish","format-standard","has-post-thumbnail","hentry","category-bahia"],"jetpack_publicize_connections":[],"jetpack_featured_media_url":"https:\/\/blogopara.com.br\/wp-content\/uploads\/2025\/06\/WhatsApp-Image-2025-06-21-at-13.15.33.jpeg","uagb_featured_image_src":{"full":["https:\/\/blogopara.com.br\/wp-content\/uploads\/2025\/06\/WhatsApp-Image-2025-06-21-at-13.15.33.jpeg",501,521,false],"thumbnail":["https:\/\/blogopara.com.br\/wp-content\/uploads\/2025\/06\/WhatsApp-Image-2025-06-21-at-13.15.33-150x150.jpeg",150,150,true],"medium":["https:\/\/blogopara.com.br\/wp-content\/uploads\/2025\/06\/WhatsApp-Image-2025-06-21-at-13.15.33-288x300.jpeg",288,300,true],"medium_large":["https:\/\/blogopara.com.br\/wp-content\/uploads\/2025\/06\/WhatsApp-Image-2025-06-21-at-13.15.33.jpeg",501,521,false],"large":["https:\/\/blogopara.com.br\/wp-content\/uploads\/2025\/06\/WhatsApp-Image-2025-06-21-at-13.15.33.jpeg",501,521,false],"1536x1536":["https:\/\/blogopara.com.br\/wp-content\/uploads\/2025\/06\/WhatsApp-Image-2025-06-21-at-13.15.33.jpeg",501,521,false],"2048x2048":["https:\/\/blogopara.com.br\/wp-content\/uploads\/2025\/06\/WhatsApp-Image-2025-06-21-at-13.15.33.jpeg",501,521,false],"mantranews-slider-large":["https:\/\/blogopara.com.br\/wp-content\/uploads\/2025\/06\/WhatsApp-Image-2025-06-21-at-13.15.33.jpeg",501,521,false],"mantranews-featured-medium":["https:\/\/blogopara.com.br\/wp-content\/uploads\/2025\/06\/WhatsApp-Image-2025-06-21-at-13.15.33-420x307.jpeg",420,307,true],"mantranews-featured-long":["https:\/\/blogopara.com.br\/wp-content\/uploads\/2025\/06\/WhatsApp-Image-2025-06-21-at-13.15.33-300x443.jpeg",300,443,true],"mantranews-block-medium":["https:\/\/blogopara.com.br\/wp-content\/uploads\/2025\/06\/WhatsApp-Image-2025-06-21-at-13.15.33-464x290.jpeg",464,290,true],"mantranews-carousel-image":["https:\/\/blogopara.com.br\/wp-content\/uploads\/2025\/06\/WhatsApp-Image-2025-06-21-at-13.15.33-501x500.jpeg",501,500,true],"mantranews-block-thumb":["https:\/\/blogopara.com.br\/wp-content\/uploads\/2025\/06\/WhatsApp-Image-2025-06-21-at-13.15.33-322x230.jpeg",322,230,true],"mantranews-single-large":["https:\/\/blogopara.com.br\/wp-content\/uploads\/2025\/06\/WhatsApp-Image-2025-06-21-at-13.15.33.jpeg",501,521,false]},"uagb_author_info":{"display_name":"Reda\u00e7\u00e3o geral","author_link":"https:\/\/blogopara.com.br\/index.php\/author\/blogopara"},"uagb_comment_info":0,"uagb_excerpt":"A cidade de Casa Nova celebrou seus 146 anos de emancipa\u00e7\u00e3o pol\u00edtica em grande estilo na noite desta sexta-feira (20), com uma programa\u00e7\u00e3o especial que encheu de alegria e orgulho os cora\u00e7\u00f5es dos casanovenses. A Pra\u00e7a Gilson Viana foi o palco principal da festa, que contou com apresenta\u00e7\u00f5es culturais, o tradicional concurso da Rainha da&hellip;","jetpack_sharing_enabled":true,"jetpack_likes_enabled":true,"_links":{"self":[{"href":"https:\/\/blogopara.com.br\/index.php\/wp-json\/wp\/v2\/posts\/77062","targetHints":{"allow":["GET"]}}],"collection":[{"href":"https:\/\/blogopara.com.br\/index.php\/wp-json\/wp\/v2\/posts"}],"about":[{"href":"https:\/\/blogopara.com.br\/index.php\/wp-json\/wp\/v2\/types\/post"}],"author":[{"embeddable":true,"href":"https:\/\/blogopara.com.br\/index.php\/wp-json\/wp\/v2\/users\/1"}],"replies":[{"embeddable":true,"href":"https:\/\/blogopara.com.br\/index.php\/wp-json\/wp\/v2\/comments?post=77062"}],"version-history":[{"count":1,"href":"https:\/\/blogopara.com.br\/index.php\/wp-json\/wp\/v2\/posts\/77062\/revisions"}],"predecessor-version":[{"id":77064,"href":"https:\/\/blogopara.com.br\/index.php\/wp-json\/wp\/v2\/posts\/77062\/revisions\/77064"}],"wp:featuredmedia":[{"embeddable":true,"href":"https:\/\/blogopara.com.br\/index.php\/wp-json\/wp\/v2\/media\/77063"}],"wp:attachment":[{"href":"https:\/\/blogopara.com.br\/index.php\/wp-json\/wp\/v2\/media?parent=77062"}],"wp:term":[{"taxonomy":"category","embeddable":true,"href":"https:\/\/blogopara.com.br\/index.php\/wp-json\/wp\/v2\/categories?post=77062"},{"taxonomy":"post_tag","embeddable":true,"href":"https:\/\/blogopara.com.br\/index.php\/wp-json\/wp\/v2\/tags?post=77062"}],"curies":[{"name":"wp","href":"https:\/\/api.w.org\/{rel}","templated":true}]}}