{"id":77065,"date":"2025-06-23T18:14:45","date_gmt":"2025-06-23T21:14:45","guid":{"rendered":"https:\/\/blogopara.com.br\/?p=77065"},"modified":"2025-06-23T18:14:45","modified_gmt":"2025-06-23T21:14:45","slug":"pablo-perde-a-paciencia-durante-show-e-xinga-fa-ao-vivo-apos-provocacao-veja-o-video","status":"publish","type":"post","link":"https:\/\/blogopara.com.br\/index.php\/2025\/06\/23\/pablo-perde-a-paciencia-durante-show-e-xinga-fa-ao-vivo-apos-provocacao-veja-o-video","title":{"rendered":"Pablo perde a paci\u00eancia durante show e xinga f\u00e3 ao vivo ap\u00f3s provoca\u00e7\u00e3o; veja o v\u00eddeo"},"content":{"rendered":"<div class=\"flex flex-col w-full\">\n<div id=\"imagem-nbj95lm5y7\" class=\"w-full\">\n<figure class=\"imagem-notas w-full max-w-full h-auto flex justify-center items-center overflow-hidden\"><\/figure>\n<\/div>\n<\/div>\n<div class=\"flex flex-col w-full font-normal text-[18px] leading-[30px] text-tw-theme-text-default\">\n<p id=\"paragrafo-mmcnurxy3u\">O cantor Pablo, conhecido como o &#8220;Rei do Arrocha&#8221;, protagonizou uma situa\u00e7\u00e3o pol\u00eamica na \u00faltima quinta-feira (19), durante sua apresenta\u00e7\u00e3o no S\u00e3o Jo\u00e3o de Bom Conselho, no Agreste de Pernambuco. Enquanto cantava o sucesso \u201cContato\u201d no palco do Forr\u00f3Bom 2025, o artista se irritou com um homem na plateia e respondeu de forma explosiva, soltando um palavr\u00e3o: \u201cMeta no seu c*\u201d.<\/p>\n<\/div>\n<div class=\"article_mrec_destaque sticky\">\n<div id=\"internas_336x280_01\"><span style=\"font-size: 1rem;\">O momento foi registrado em v\u00eddeo e circula nas redes sociais, gerando debates entre f\u00e3s e internautas. Segundo a assessoria de Pablo, o estopim teria sido o gesto ofensivo feito por uma pessoa que estava na plateia, que teria levantado o dedo m\u00e9dio em dire\u00e7\u00e3o ao palco.<\/span><\/div>\n<div><\/div>\n<div><span style=\"font-size: 1rem;\">At\u00e9 a publica\u00e7\u00e3o desta mat\u00e9ria, o cantor n\u00e3o se pronunciou oficialmente sobre o epis\u00f3dio. Apesar da pol\u00eamica, o show seguiu normalmente e fez parte da programa\u00e7\u00e3o do tradicional evento junino, que contou ainda com apresenta\u00e7\u00f5es de Cavaleiros do Forr\u00f3 e Ful\u00f4 de Mandacaru.<\/span><\/div>\n<\/div>\n<div class=\"article_intext inline-block text-center w-full h-280\">\n<div id=\"internas_336x280_02\"><\/div>\n<\/div>\n<div class=\"flex flex-col w-full font-normal text-[18px] leading-[30px] text-tw-theme-text-default\">\n<p id=\"paragrafo-o0j339hvuy\">Essa n\u00e3o \u00e9 a primeira vez que Pablo se envolve em situa\u00e7\u00f5es tensas com o p\u00fablico. Em 2023, durante um show em Macajuba (BA), ele repreendeu um f\u00e3 que insistia em pedir uma selfie em meio \u00e0 apresenta\u00e7\u00e3o. Na ocasi\u00e3o, reclamou: \u201cQue perturba\u00e7\u00e3o dos infernos com esse neg\u00f3cio de celular&#8230; Bora curtir o momento\u201d.<\/p>\n<\/div>\n<div class=\"flex flex-col w-full font-normal text-[18px] leading-[30px] text-tw-theme-text-default\">\n<p id=\"paragrafo-x0lw7888i6\">Nas redes sociais, o novo epis\u00f3dio dividiu opini\u00f5es. Enquanto alguns defenderam o cantor, alegando desrespeito por parte do f\u00e3, outros criticaram a postura do artista.<\/p>\n<\/div>\n","protected":false},"excerpt":{"rendered":"<p>O cantor Pablo, conhecido como o &#8220;Rei do Arrocha&#8221;, protagonizou uma situa\u00e7\u00e3o pol\u00eamica na \u00faltima quinta-feira (19), durante sua apresenta\u00e7\u00e3o no S\u00e3o Jo\u00e3o de Bom Conselho, no Agreste de Pernambuco. Enquanto cantava o sucesso \u201cContato\u201d no palco do Forr\u00f3Bom 2025, o artista se irritou com um homem na plateia e respondeu de forma explosiva, soltando [&hellip;]<\/p>\n","protected":false},"author":1,"featured_media":77066,"comment_status":"open","ping_status":"open","sticky":false,"template":"","format":"standard","meta":{"_uag_custom_page_level_css":"","_monsterinsights_skip_tracking":false,"_monsterinsights_sitenote_active":false,"_monsterinsights_sitenote_note":"","_monsterinsights_sitenote_category":0,"jetpack_post_was_ever_published":false,"_jetpack_newsletter_access":"","_jetpack_dont_email_post_to_subs":false,"_jetpack_newsletter_tier_id":0,"_jetpack_memberships_contains_paywalled_content":false,"_jetpack_memberships_contains_paid_content":false,"footnotes":"","jetpack_publicize_message":"","jetpack_publicize_feature_enabled":true,"jetpack_social_post_already_shared":true,"jetpack_social_options":{"image_generator_settings":{"template":"highway","default_image_id":0,"font":"","enabled":false},"version":2}},"categories":[200],"tags":[],"class_list":["post-77065","post","type-post","status-publish","format-standard","has-post-thumbnail","hentry","category-brasil"],"jetpack_publicize_connections":[],"jetpack_featured_media_url":"https:\/\/blogopara.com.br\/wp-content\/uploads\/2025\/06\/Capturar-36.jpg","uagb_featured_image_src":{"full":["https:\/\/blogopara.com.br\/wp-content\/uploads\/2025\/06\/Capturar-36.jpg",500,313,false],"thumbnail":["https:\/\/blogopara.com.br\/wp-content\/uploads\/2025\/06\/Capturar-36-150x150.jpg",150,150,true],"medium":["https:\/\/blogopara.com.br\/wp-content\/uploads\/2025\/06\/Capturar-36-300x188.jpg",300,188,true],"medium_large":["https:\/\/blogopara.com.br\/wp-content\/uploads\/2025\/06\/Capturar-36.jpg",500,313,false],"large":["https:\/\/blogopara.com.br\/wp-content\/uploads\/2025\/06\/Capturar-36.jpg",500,313,false],"1536x1536":["https:\/\/blogopara.com.br\/wp-content\/uploads\/2025\/06\/Capturar-36.jpg",500,313,false],"2048x2048":["https:\/\/blogopara.com.br\/wp-content\/uploads\/2025\/06\/Capturar-36.jpg",500,313,false],"mantranews-slider-large":["https:\/\/blogopara.com.br\/wp-content\/uploads\/2025\/06\/Capturar-36.jpg",500,313,false],"mantranews-featured-medium":["https:\/\/blogopara.com.br\/wp-content\/uploads\/2025\/06\/Capturar-36-420x307.jpg",420,307,true],"mantranews-featured-long":["https:\/\/blogopara.com.br\/wp-content\/uploads\/2025\/06\/Capturar-36-300x313.jpg",300,313,true],"mantranews-block-medium":["https:\/\/blogopara.com.br\/wp-content\/uploads\/2025\/06\/Capturar-36-464x290.jpg",464,290,true],"mantranews-carousel-image":["https:\/\/blogopara.com.br\/wp-content\/uploads\/2025\/06\/Capturar-36.jpg",500,313,false],"mantranews-block-thumb":["https:\/\/blogopara.com.br\/wp-content\/uploads\/2025\/06\/Capturar-36-322x230.jpg",322,230,true],"mantranews-single-large":["https:\/\/blogopara.com.br\/wp-content\/uploads\/2025\/06\/Capturar-36.jpg",500,313,false]},"uagb_author_info":{"display_name":"Reda\u00e7\u00e3o geral","author_link":"https:\/\/blogopara.com.br\/index.php\/author\/blogopara"},"uagb_comment_info":0,"uagb_excerpt":"O cantor Pablo, conhecido como o &#8220;Rei do Arrocha&#8221;, protagonizou uma situa\u00e7\u00e3o pol\u00eamica na \u00faltima quinta-feira (19), durante sua apresenta\u00e7\u00e3o no S\u00e3o Jo\u00e3o de Bom Conselho, no Agreste de Pernambuco. Enquanto cantava o sucesso \u201cContato\u201d no palco do Forr\u00f3Bom 2025, o artista se irritou com um homem na plateia e respondeu de forma explosiva, soltando&hellip;","jetpack_sharing_enabled":true,"jetpack_likes_enabled":true,"_links":{"self":[{"href":"https:\/\/blogopara.com.br\/index.php\/wp-json\/wp\/v2\/posts\/77065","targetHints":{"allow":["GET"]}}],"collection":[{"href":"https:\/\/blogopara.com.br\/index.php\/wp-json\/wp\/v2\/posts"}],"about":[{"href":"https:\/\/blogopara.com.br\/index.php\/wp-json\/wp\/v2\/types\/post"}],"author":[{"embeddable":true,"href":"https:\/\/blogopara.com.br\/index.php\/wp-json\/wp\/v2\/users\/1"}],"replies":[{"embeddable":true,"href":"https:\/\/blogopara.com.br\/index.php\/wp-json\/wp\/v2\/comments?post=77065"}],"version-history":[{"count":1,"href":"https:\/\/blogopara.com.br\/index.php\/wp-json\/wp\/v2\/posts\/77065\/revisions"}],"predecessor-version":[{"id":77067,"href":"https:\/\/blogopara.com.br\/index.php\/wp-json\/wp\/v2\/posts\/77065\/revisions\/77067"}],"wp:featuredmedia":[{"embeddable":true,"href":"https:\/\/blogopara.com.br\/index.php\/wp-json\/wp\/v2\/media\/77066"}],"wp:attachment":[{"href":"https:\/\/blogopara.com.br\/index.php\/wp-json\/wp\/v2\/media?parent=77065"}],"wp:term":[{"taxonomy":"category","embeddable":true,"href":"https:\/\/blogopara.com.br\/index.php\/wp-json\/wp\/v2\/categories?post=77065"},{"taxonomy":"post_tag","embeddable":true,"href":"https:\/\/blogopara.com.br\/index.php\/wp-json\/wp\/v2\/tags?post=77065"}],"curies":[{"name":"wp","href":"https:\/\/api.w.org\/{rel}","templated":true}]}}