{"id":77124,"date":"2025-06-26T17:58:59","date_gmt":"2025-06-26T20:58:59","guid":{"rendered":"https:\/\/blogopara.com.br\/?p=77124"},"modified":"2025-06-26T17:58:59","modified_gmt":"2025-06-26T20:58:59","slug":"tragedia-em-belo-horizonte-mae-provocou-morte-da-filha-bebe-avo-e-dela-mesma-diz-policia","status":"publish","type":"post","link":"https:\/\/blogopara.com.br\/index.php\/2025\/06\/26\/tragedia-em-belo-horizonte-mae-provocou-morte-da-filha-bebe-avo-e-dela-mesma-diz-policia","title":{"rendered":"Trag\u00e9dia em Belo Horizonte: m\u00e3e provocou morte da filha beb\u00ea, av\u00f3 e dela mesma, diz pol\u00edcia"},"content":{"rendered":"<div class=\"flex flex-col w-full\">\n<h1 id=\"titulo-l47agwapmm\" class=\"component--titulo font-family-secondary text-[34px] font-semibold leading-[42px] text-tw-theme-text-default md:max-lg:text-[40px] lg:text-[42px] lg:leading-[50px]\"><\/h1>\n<\/div>\n<div class=\"flex flex-col w-full\">\n<h2 id=\"linha-fina-gcxcly72fh\" class=\"text-tw-theme-box-linha-fina-default font-normal text-[16px]\">Corpos das tr\u00eas, que morreram asfixiadas, foram encontrados dentro de casa<\/h2>\n<\/div>\n<div id=\"assinatura-padrao--secondary-q0yj36rw9k\" class=\"component--assinatura w-full  font-family-primary  assinatura-padrao !p-0 !m-0 flex flex-col gap-2\">\n<ul class=\"image-container flex flex-wrap list-none gap-2\">\n<li class=\"image-item flex flex-row justify-center items-center\">\n<figure class=\"relative rounded-full h-11 w-11 truncate\"><img decoding=\"async\" class=\"relative w-full z-20\" src=\"https:\/\/midias.correio24horas.com.br\/2024\/01\/30\/80x80\/carol-neves-1996875.jpg\" alt=\"Foto do(a) author(a) Carol Neves\" width=\"45px\" height=\"45px\" \/><\/figure>\n<\/li>\n<\/ul>\n<ul class=\"text-container  flex flex-wrap list-none !m-0 !p-0\">\n<li class=\"text-item flex flex-row justify-center items-center\">Carol Neves<\/li>\n<\/ul>\n<\/div>\n<div class=\"flex flex-col w-full\">\n<div id=\"informacao-publicacao-0tq4hs7pgr\" class=\"flex flex-col gap-2 text-tw-theme-text-default font-family-primary m-0 text-sm\">\n<div class=\"flex flex-row justify-between items-center gap-2 empty:hidden\"><\/div>\n<div class=\"flex flex-row justify-between items-center gap-2\">\n<div class=\"flex flex-row justify-between items-center\">\n<p><span style=\"font-size: 1rem;\">A Pol\u00edcia Civil de Minas Gerais concluiu que Daniela Teixeira Antonini, de 42 anos, foi respons\u00e1vel pela morte dela, de sua filha Giovanna, de 1 ano e 11 meses, e da av\u00f3 da crian\u00e7a, Cristina, de 68 anos. As mortes aconteceram dentro de um apartamento no bairro Barro Preto, na regi\u00e3o Centro-Sul de Belo Horizonte, em maio deste ano.<\/span><\/p>\n<\/div>\n<\/div>\n<\/div>\n<\/div>\n<div class=\"flex flex-col w-full font-normal text-[18px] leading-[30px] text-tw-theme-text-default\">\n<p id=\"paragrafo-glhtwwr50k\">O inqu\u00e9rito, divulgado nesta quinta-feira (26), revelou que as v\u00edtimas morreram asfixiadas por mon\u00f3xido de carbono. Os corpos foram encontrados no dia 9 de maio em estado avan\u00e7ado de decomposi\u00e7\u00e3o, e a pol\u00edcia acredita que as mortes tenham acontecido na noite de 6 de maio. Os quatro c\u00e3es da fam\u00edlia tamb\u00e9m foram encontrados mortos na cama.<\/p>\n<\/div>\n<div class=\"flex flex-col w-full font-normal text-[18px] leading-[30px] text-tw-theme-text-default\">\n<p id=\"paragrafo-0r4fvc42op\">A delegada que investiga o caso informou ao G1 que Daniela apresentava sinais de exaust\u00e3o f\u00edsica e emocional, agravados pelos cuidados constantes que a filha exigia. Giovanna tinha uma condi\u00e7\u00e3o cong\u00eanita grave, que afetava seu sistema digestivo, e dependia de alimenta\u00e7\u00e3o por sonda. A crian\u00e7a j\u00e1 havia passado por v\u00e1rias cirurgias e ainda precisaria de outra interven\u00e7\u00e3o daqui a dez anos, o que, segundo a pol\u00edcia, contribuiu para o desgaste mental da m\u00e3e.<\/p>\n<\/div>\n<div class=\"flex flex-col w-full font-normal text-[18px] leading-[30px] text-tw-theme-text-default\">\n<p id=\"paragrafo-btko725naq\">O pai da menina, que mantinha visitas quinzenais e auxiliava financeiramente com pens\u00e3o e plano de sa\u00fade, afirmou que os encontros eram intermediados por parentes. Isso porque Daniela havia obtido uma medida protetiva contra ele no passado, ap\u00f3s alegar ter sofrido viol\u00eancia dom\u00e9stica quando descobriu a gravidez.<\/p>\n<\/div>\n<div class=\"flex flex-col w-full font-normal text-[18px] leading-[30px] text-tw-theme-text-default\">\n<p id=\"paragrafo-pxiiyqt7d7\">A investiga\u00e7\u00e3o apurou que a fam\u00edlia enfrentava dificuldades financeiras. Daniela n\u00e3o trabalhava e dependia de ajuda de familiares, amigos e doa\u00e7\u00f5es, situa\u00e7\u00e3o que a deixava frustrada. Em uma carta deixada por ela, foram mencionados atrasos no pagamento de dois alugu\u00e9is e uma parcela do condom\u00ednio. Cristina, a av\u00f3, era aposentada e dona de uma imobili\u00e1ria.<\/p>\n<\/div>\n<div class=\"flex flex-col w-full font-normal text-[18px] leading-[30px] text-tw-theme-text-default\">\n<p id=\"paragrafo-1i55q5wboa\">A s\u00edndica do pr\u00e9dio, ao perceber um forte odor no corredor, chamou as autoridades. Os policiais arrombaram a porta e encontraram os tr\u00eas corpos na cama. O apartamento estava completamente fechado, um material queimado no local.<\/p>\n<\/div>\n","protected":false},"excerpt":{"rendered":"<p>Corpos das tr\u00eas, que morreram asfixiadas, foram encontrados dentro de casa Carol Neves A Pol\u00edcia Civil de Minas Gerais concluiu que Daniela Teixeira Antonini, de 42 anos, foi respons\u00e1vel pela morte dela, de sua filha Giovanna, de 1 ano e 11 meses, e da av\u00f3 da crian\u00e7a, Cristina, de 68 anos. As mortes aconteceram dentro [&hellip;]<\/p>\n","protected":false},"author":1,"featured_media":77125,"comment_status":"open","ping_status":"open","sticky":false,"template":"","format":"standard","meta":{"_uag_custom_page_level_css":"","_monsterinsights_skip_tracking":false,"_monsterinsights_sitenote_active":false,"_monsterinsights_sitenote_note":"","_monsterinsights_sitenote_category":0,"jetpack_post_was_ever_published":false,"_jetpack_newsletter_access":"","_jetpack_dont_email_post_to_subs":false,"_jetpack_newsletter_tier_id":0,"_jetpack_memberships_contains_paywalled_content":false,"_jetpack_memberships_contains_paid_content":false,"footnotes":"","jetpack_publicize_message":"","jetpack_publicize_feature_enabled":true,"jetpack_social_post_already_shared":true,"jetpack_social_options":{"image_generator_settings":{"template":"highway","default_image_id":0,"font":"","enabled":false},"version":2}},"categories":[200],"tags":[],"class_list":["post-77124","post","type-post","status-publish","format-standard","has-post-thumbnail","hentry","category-brasil"],"jetpack_publicize_connections":[],"jetpack_featured_media_url":"https:\/\/blogopara.com.br\/wp-content\/uploads\/2025\/06\/Capturar-43.jpg","uagb_featured_image_src":{"full":["https:\/\/blogopara.com.br\/wp-content\/uploads\/2025\/06\/Capturar-43.jpg",500,407,false],"thumbnail":["https:\/\/blogopara.com.br\/wp-content\/uploads\/2025\/06\/Capturar-43-150x150.jpg",150,150,true],"medium":["https:\/\/blogopara.com.br\/wp-content\/uploads\/2025\/06\/Capturar-43-300x244.jpg",300,244,true],"medium_large":["https:\/\/blogopara.com.br\/wp-content\/uploads\/2025\/06\/Capturar-43.jpg",500,407,false],"large":["https:\/\/blogopara.com.br\/wp-content\/uploads\/2025\/06\/Capturar-43.jpg",500,407,false],"1536x1536":["https:\/\/blogopara.com.br\/wp-content\/uploads\/2025\/06\/Capturar-43.jpg",500,407,false],"2048x2048":["https:\/\/blogopara.com.br\/wp-content\/uploads\/2025\/06\/Capturar-43.jpg",500,407,false],"mantranews-slider-large":["https:\/\/blogopara.com.br\/wp-content\/uploads\/2025\/06\/Capturar-43.jpg",500,407,false],"mantranews-featured-medium":["https:\/\/blogopara.com.br\/wp-content\/uploads\/2025\/06\/Capturar-43-420x307.jpg",420,307,true],"mantranews-featured-long":["https:\/\/blogopara.com.br\/wp-content\/uploads\/2025\/06\/Capturar-43-300x407.jpg",300,407,true],"mantranews-block-medium":["https:\/\/blogopara.com.br\/wp-content\/uploads\/2025\/06\/Capturar-43-464x290.jpg",464,290,true],"mantranews-carousel-image":["https:\/\/blogopara.com.br\/wp-content\/uploads\/2025\/06\/Capturar-43.jpg",500,407,false],"mantranews-block-thumb":["https:\/\/blogopara.com.br\/wp-content\/uploads\/2025\/06\/Capturar-43-322x230.jpg",322,230,true],"mantranews-single-large":["https:\/\/blogopara.com.br\/wp-content\/uploads\/2025\/06\/Capturar-43.jpg",500,407,false]},"uagb_author_info":{"display_name":"Reda\u00e7\u00e3o geral","author_link":"https:\/\/blogopara.com.br\/index.php\/author\/blogopara"},"uagb_comment_info":0,"uagb_excerpt":"Corpos das tr\u00eas, que morreram asfixiadas, foram encontrados dentro de casa Carol Neves A Pol\u00edcia Civil de Minas Gerais concluiu que Daniela Teixeira Antonini, de 42 anos, foi respons\u00e1vel pela morte dela, de sua filha Giovanna, de 1 ano e 11 meses, e da av\u00f3 da crian\u00e7a, Cristina, de 68 anos. As mortes aconteceram dentro&hellip;","jetpack_sharing_enabled":true,"jetpack_likes_enabled":true,"_links":{"self":[{"href":"https:\/\/blogopara.com.br\/index.php\/wp-json\/wp\/v2\/posts\/77124","targetHints":{"allow":["GET"]}}],"collection":[{"href":"https:\/\/blogopara.com.br\/index.php\/wp-json\/wp\/v2\/posts"}],"about":[{"href":"https:\/\/blogopara.com.br\/index.php\/wp-json\/wp\/v2\/types\/post"}],"author":[{"embeddable":true,"href":"https:\/\/blogopara.com.br\/index.php\/wp-json\/wp\/v2\/users\/1"}],"replies":[{"embeddable":true,"href":"https:\/\/blogopara.com.br\/index.php\/wp-json\/wp\/v2\/comments?post=77124"}],"version-history":[{"count":1,"href":"https:\/\/blogopara.com.br\/index.php\/wp-json\/wp\/v2\/posts\/77124\/revisions"}],"predecessor-version":[{"id":77126,"href":"https:\/\/blogopara.com.br\/index.php\/wp-json\/wp\/v2\/posts\/77124\/revisions\/77126"}],"wp:featuredmedia":[{"embeddable":true,"href":"https:\/\/blogopara.com.br\/index.php\/wp-json\/wp\/v2\/media\/77125"}],"wp:attachment":[{"href":"https:\/\/blogopara.com.br\/index.php\/wp-json\/wp\/v2\/media?parent=77124"}],"wp:term":[{"taxonomy":"category","embeddable":true,"href":"https:\/\/blogopara.com.br\/index.php\/wp-json\/wp\/v2\/categories?post=77124"},{"taxonomy":"post_tag","embeddable":true,"href":"https:\/\/blogopara.com.br\/index.php\/wp-json\/wp\/v2\/tags?post=77124"}],"curies":[{"name":"wp","href":"https:\/\/api.w.org\/{rel}","templated":true}]}}