{"id":77127,"date":"2025-06-26T18:23:59","date_gmt":"2025-06-26T21:23:59","guid":{"rendered":"https:\/\/blogopara.com.br\/?p=77127"},"modified":"2025-06-26T18:23:59","modified_gmt":"2025-06-26T21:23:59","slug":"condenado-leo-lins-debocha-de-cancer-de-preta-gil-em-show-pelo-menos-vai-emagrecer","status":"publish","type":"post","link":"https:\/\/blogopara.com.br\/index.php\/2025\/06\/26\/condenado-leo-lins-debocha-de-cancer-de-preta-gil-em-show-pelo-menos-vai-emagrecer","title":{"rendered":"Condenado, Leo Lins debocha de c\u00e2ncer de Preta Gil em show: &#8216;Pelo menos vai emagrecer&#8217;"},"content":{"rendered":"<div class=\"flex flex-col w-full font-normal text-[18px] leading-[30px] text-tw-theme-text-default\">\n<p id=\"paragrafo-8woq29k9cc\">Mesmo condenado a mais de oito anos de pris\u00e3o por propagar conte\u00fados discriminat\u00f3rios, o humorista Leo Lins voltou aos palcos com piadas sobre racismo, pedofilia, nazismo e chegou a ironizar o tratamento de c\u00e2ncer de Preta Gil. Durante o espet\u00e1culo Enterrado Vivo, no Teatro Gazeta, em S\u00e3o Paulo, ele comentou o processo que a cantora moveu contra ele e disse: \u201cA Preta Gil veio me processar por causa de uma piada de anos atr\u00e1s. Tr\u00eas meses depois que chegou o processo, ela apareceu com c\u00e2ncer. Bom, parece que Deus tem um favorito. Acho que ele gostou da piada. E pelo menos ela vai emagrecer.\u201d<\/p>\n<\/div>\n<div class=\"flex flex-col w-full font-normal text-[18px] leading-[30px] text-tw-theme-text-default\">\n<p id=\"paragrafo-6qq7li9yco\">A fala foi feita diante de uma plateia lotada. Segundo o jornal O Globo, cerca de 720 pessoas assistiram ao show no Teatro Gazeta, na Avenida Paulista. Por determina\u00e7\u00e3o dos advogados do artista, os celulares foram lacrados em sacos pretos na entrada, impedindo grava\u00e7\u00f5es.<\/p>\n<\/div>\n<div class=\"flex flex-col w-full font-normal text-[18px] leading-[30px] text-tw-theme-text-default\">\n<p id=\"paragrafo-gqdtpj9bl3\">No espet\u00e1culo, que dura cerca de 70 minutos, Lins repetiu o tom provocador que motivou sua condena\u00e7\u00e3o e faz piadas com negros, obesos, ind\u00edgenas, pessoas com defici\u00eancia, soropositivos, al\u00e9m de abordar temas como nazismo e pedofilia. Al\u00e9m disso, ironizou a decis\u00e3o da Justi\u00e7a: \u201cSe voc\u00ea cometeu um homic\u00eddio sendo r\u00e9u prim\u00e1rio, consegue chegar a pegar sabe quantos anos? Seis anos. Eu peguei oito. A mensagem da Justi\u00e7a \u00e9: \u2018Se voc\u00ea \u00e9 preconceituoso, n\u00e3o fa\u00e7a piada, mate!\u2019 Vai sair mais cedo da cadeia.\u201d<\/p>\n<\/div>\n<div class=\"flex flex-col w-full font-normal text-[18px] leading-[30px] text-tw-theme-text-default\">\n<p id=\"paragrafo-ei2ea0y4uy\">O humorista tamb\u00e9m tentou se desvincular do conte\u00fado, alegando que as falas fazem parte de uma encena\u00e7\u00e3o. \u201cQuem fala no palco, diz, n\u00e3o \u00e9 ele, mas o personagem\u201d, afirmou. \u201cQuanto mais tentam me calar, mais ouvido eu sou. At\u00e9 surdo j\u00e1 me escuta\u201d, completou.<\/p>\n<\/div>\n<div class=\"flex flex-col w-full font-normal text-[18px] leading-[30px] text-tw-theme-text-default\">\n<p id=\"paragrafo-sxkaa4j9d5\">Leo Lins foi condenado ap\u00f3s piadas em um show realizado em Curitiba, em 2022. O v\u00eddeo, intitulado Perturbador foi publicado nas redes sociais e chegou a atingir tr\u00eas milh\u00f5es de visualiza\u00e7\u00f5es antes de ser retirado do YouTube, em agosto de 2023.<\/p>\n<\/div>\n","protected":false},"excerpt":{"rendered":"<p>Mesmo condenado a mais de oito anos de pris\u00e3o por propagar conte\u00fados discriminat\u00f3rios, o humorista Leo Lins voltou aos palcos com piadas sobre racismo, pedofilia, nazismo e chegou a ironizar o tratamento de c\u00e2ncer de Preta Gil. Durante o espet\u00e1culo Enterrado Vivo, no Teatro Gazeta, em S\u00e3o Paulo, ele comentou o processo que a cantora [&hellip;]<\/p>\n","protected":false},"author":1,"featured_media":77128,"comment_status":"open","ping_status":"open","sticky":false,"template":"","format":"standard","meta":{"_uag_custom_page_level_css":"","_monsterinsights_skip_tracking":false,"_monsterinsights_sitenote_active":false,"_monsterinsights_sitenote_note":"","_monsterinsights_sitenote_category":0,"jetpack_post_was_ever_published":false,"_jetpack_newsletter_access":"","_jetpack_dont_email_post_to_subs":false,"_jetpack_newsletter_tier_id":0,"_jetpack_memberships_contains_paywalled_content":false,"_jetpack_memberships_contains_paid_content":false,"footnotes":"","jetpack_publicize_message":"","jetpack_publicize_feature_enabled":true,"jetpack_social_post_already_shared":true,"jetpack_social_options":{"image_generator_settings":{"template":"highway","default_image_id":0,"font":"","enabled":false},"version":2}},"categories":[200],"tags":[],"class_list":["post-77127","post","type-post","status-publish","format-standard","has-post-thumbnail","hentry","category-brasil"],"jetpack_publicize_connections":[],"jetpack_featured_media_url":"https:\/\/blogopara.com.br\/wp-content\/uploads\/2025\/06\/Capturar-44.jpg","uagb_featured_image_src":{"full":["https:\/\/blogopara.com.br\/wp-content\/uploads\/2025\/06\/Capturar-44.jpg",500,314,false],"thumbnail":["https:\/\/blogopara.com.br\/wp-content\/uploads\/2025\/06\/Capturar-44-150x150.jpg",150,150,true],"medium":["https:\/\/blogopara.com.br\/wp-content\/uploads\/2025\/06\/Capturar-44-300x188.jpg",300,188,true],"medium_large":["https:\/\/blogopara.com.br\/wp-content\/uploads\/2025\/06\/Capturar-44.jpg",500,314,false],"large":["https:\/\/blogopara.com.br\/wp-content\/uploads\/2025\/06\/Capturar-44.jpg",500,314,false],"1536x1536":["https:\/\/blogopara.com.br\/wp-content\/uploads\/2025\/06\/Capturar-44.jpg",500,314,false],"2048x2048":["https:\/\/blogopara.com.br\/wp-content\/uploads\/2025\/06\/Capturar-44.jpg",500,314,false],"mantranews-slider-large":["https:\/\/blogopara.com.br\/wp-content\/uploads\/2025\/06\/Capturar-44.jpg",500,314,false],"mantranews-featured-medium":["https:\/\/blogopara.com.br\/wp-content\/uploads\/2025\/06\/Capturar-44-420x307.jpg",420,307,true],"mantranews-featured-long":["https:\/\/blogopara.com.br\/wp-content\/uploads\/2025\/06\/Capturar-44-300x314.jpg",300,314,true],"mantranews-block-medium":["https:\/\/blogopara.com.br\/wp-content\/uploads\/2025\/06\/Capturar-44-464x290.jpg",464,290,true],"mantranews-carousel-image":["https:\/\/blogopara.com.br\/wp-content\/uploads\/2025\/06\/Capturar-44.jpg",500,314,false],"mantranews-block-thumb":["https:\/\/blogopara.com.br\/wp-content\/uploads\/2025\/06\/Capturar-44-322x230.jpg",322,230,true],"mantranews-single-large":["https:\/\/blogopara.com.br\/wp-content\/uploads\/2025\/06\/Capturar-44.jpg",500,314,false]},"uagb_author_info":{"display_name":"Reda\u00e7\u00e3o geral","author_link":"https:\/\/blogopara.com.br\/index.php\/author\/blogopara"},"uagb_comment_info":0,"uagb_excerpt":"Mesmo condenado a mais de oito anos de pris\u00e3o por propagar conte\u00fados discriminat\u00f3rios, o humorista Leo Lins voltou aos palcos com piadas sobre racismo, pedofilia, nazismo e chegou a ironizar o tratamento de c\u00e2ncer de Preta Gil. Durante o espet\u00e1culo Enterrado Vivo, no Teatro Gazeta, em S\u00e3o Paulo, ele comentou o processo que a cantora&hellip;","jetpack_sharing_enabled":true,"jetpack_likes_enabled":true,"_links":{"self":[{"href":"https:\/\/blogopara.com.br\/index.php\/wp-json\/wp\/v2\/posts\/77127","targetHints":{"allow":["GET"]}}],"collection":[{"href":"https:\/\/blogopara.com.br\/index.php\/wp-json\/wp\/v2\/posts"}],"about":[{"href":"https:\/\/blogopara.com.br\/index.php\/wp-json\/wp\/v2\/types\/post"}],"author":[{"embeddable":true,"href":"https:\/\/blogopara.com.br\/index.php\/wp-json\/wp\/v2\/users\/1"}],"replies":[{"embeddable":true,"href":"https:\/\/blogopara.com.br\/index.php\/wp-json\/wp\/v2\/comments?post=77127"}],"version-history":[{"count":1,"href":"https:\/\/blogopara.com.br\/index.php\/wp-json\/wp\/v2\/posts\/77127\/revisions"}],"predecessor-version":[{"id":77129,"href":"https:\/\/blogopara.com.br\/index.php\/wp-json\/wp\/v2\/posts\/77127\/revisions\/77129"}],"wp:featuredmedia":[{"embeddable":true,"href":"https:\/\/blogopara.com.br\/index.php\/wp-json\/wp\/v2\/media\/77128"}],"wp:attachment":[{"href":"https:\/\/blogopara.com.br\/index.php\/wp-json\/wp\/v2\/media?parent=77127"}],"wp:term":[{"taxonomy":"category","embeddable":true,"href":"https:\/\/blogopara.com.br\/index.php\/wp-json\/wp\/v2\/categories?post=77127"},{"taxonomy":"post_tag","embeddable":true,"href":"https:\/\/blogopara.com.br\/index.php\/wp-json\/wp\/v2\/tags?post=77127"}],"curies":[{"name":"wp","href":"https:\/\/api.w.org\/{rel}","templated":true}]}}