{"id":77137,"date":"2025-06-26T20:54:15","date_gmt":"2025-06-26T23:54:15","guid":{"rendered":"https:\/\/blogopara.com.br\/?p=77137"},"modified":"2025-06-26T20:54:15","modified_gmt":"2025-06-26T23:54:15","slug":"imersao-pedagogica-movimenta-coordenadores-escolares-de-juazeiro-com-praticas-ludicas-e-troca-de-experiencias","status":"publish","type":"post","link":"https:\/\/blogopara.com.br\/index.php\/2025\/06\/26\/imersao-pedagogica-movimenta-coordenadores-escolares-de-juazeiro-com-praticas-ludicas-e-troca-de-experiencias","title":{"rendered":"Imers\u00e3o Pedag\u00f3gica movimenta coordenadores escolares de Juazeiro com pr\u00e1ticas l\u00fadicas e troca de experi\u00eancias"},"content":{"rendered":"<p>A Prefeitura de Juazeiro, por meio da Secretaria de Educa\u00e7\u00e3o\/Seduc, est\u00e1 promovendo mais uma edi\u00e7\u00e3o da Imers\u00e3o Pedag\u00f3gica com foco na forma\u00e7\u00e3o continuada dos coordenadores pedag\u00f3gicos da rede municipal para o segundo semestre do ano letivo. O evento, que come\u00e7ou nesta quinta-feira (26), no Col\u00e9gio Democr\u00e1tico Estadual Prof\u00aa Florentina Alves dos Santos, re\u00fane profissionais das escolas de Educa\u00e7\u00e3o Infantil, Anos Iniciais, Anos Finais e da Educa\u00e7\u00e3o de Jovens e Adultos\/EJA.<\/p>\n<p>Durante os encontros, os coordenadores est\u00e3o vivenciando atividades pr\u00e1ticas, como brincadeiras, conta\u00e7\u00e3o de hist\u00f3rias e oficinas sobre o brincar nas unidades escolares. A proposta \u00e9 que esses momentos sirvam de inspira\u00e7\u00e3o para multiplicar pr\u00e1ticas l\u00fadicas junto aos professores e, consequentemente, com as crian\u00e7as em sala de aula. \u201cEles j\u00e1 brincaram, j\u00e1 leram e agora estamos entrando na etapa dos estudos, porque a pr\u00e1tica precisa estar sempre embasada na teoria\u201d, explicou Josiane Vaz, diretora de Pol\u00edticas para a Inf\u00e2ncia da Seduc.<\/p>\n<p>A forma\u00e7\u00e3o tem como refer\u00eancia o projeto pedag\u00f3gico \u201cBrincando a Gente Aprende\u201d, que refor\u00e7a o papel do brincar no desenvolvimento infantil. O objetivo \u00e9 consolidar essa abordagem como eixo central das a\u00e7\u00f5es nas escolas, garantindo que o l\u00fadico esteja presente no cotidiano das crian\u00e7as e que os professores estejam preparados para conduzir essas experi\u00eancias de forma planejada e intencional.<\/p>\n<p>A programa\u00e7\u00e3o da imers\u00e3o tamb\u00e9m contempla momentos de an\u00e1lise pedag\u00f3gica e fortalecimento das pr\u00e1ticas docentes. \u201cHoje estamos retornando do recesso escolar com os coordenadores e promovendo esse encontro, onde vamos tratar de muitas coisas boas para o segundo semestre. Teremos oficinas do SAEB, imers\u00e3o em educa\u00e7\u00e3o inclusiva, apresenta\u00e7\u00e3o do projeto Ju\u00e1 Liter\u00e1ria e a entrega das diretrizes do coordenador escolar. \u00c9 uma imers\u00e3o pedag\u00f3gica, mas tamb\u00e9m \u00e9 muito movimento, muito envolvimento e os nossos coordenadores est\u00e3o engajados nessa a\u00e7\u00e3o\u201d, destacou Carla Cunha, diretora de Ensino.<\/p>\n<p><img loading=\"lazy\" decoding=\"async\" class=\"aligncenter size-medium wp-image-115231\" src=\"https:\/\/www.juazeiro.ba.gov.br\/wp-content\/uploads\/2025\/06\/IMG_9821-300x200.jpg\" sizes=\"auto, (max-width: 300px) 100vw, 300px\" srcset=\"https:\/\/www.juazeiro.ba.gov.br\/wp-content\/uploads\/2025\/06\/IMG_9821-300x200.jpg 300w, https:\/\/www.juazeiro.ba.gov.br\/wp-content\/uploads\/2025\/06\/IMG_9821.jpg 600w\" alt=\"\" width=\"300\" height=\"200\" \/><\/p>\n<p>Segundo Rosilene Leal Leite Lima, coordenadora pedag\u00f3gica de escolas da zona rural, a forma\u00e7\u00e3o \u00e9 uma oportunidade de aprofundar conhecimentos e fortalecer o trabalho que ser\u00e1 feito com os professores. \u201cNossa expectativa \u00e9 que, com essa forma\u00e7\u00e3o, os momentos brincantes nas escolas aconte\u00e7am com mais intencionalidade, promovendo ainda mais intera\u00e7\u00e3o, criatividade e o desenvolvimento das habilidades das crian\u00e7as\u201d, ressaltou.<\/p>\n<p>Nesta sexta-feira (27), acontece o segundo dia de atividades com os coordenadores pedag\u00f3gicos. A Imers\u00e3o Pedag\u00f3gica marca um novo ciclo de forma\u00e7\u00e3o na rede municipal, com o fortalecimento da pr\u00e1tica pedag\u00f3gica, a valoriza\u00e7\u00e3o do brincar e a constru\u00e7\u00e3o de uma educa\u00e7\u00e3o cada vez mais din\u00e2mica e transformadora.<\/p>\n<div>___<\/div>\n<div>Texto: Lucas Oliveira \u2013 Ascom\/PMJ<\/div>\n<div>Fotos: Ana Vit\u00f3ria Nascimento \u2013 Ascom\/PMJ<\/div>\n","protected":false},"excerpt":{"rendered":"<p>A Prefeitura de Juazeiro, por meio da Secretaria de Educa\u00e7\u00e3o\/Seduc, est\u00e1 promovendo mais uma edi\u00e7\u00e3o da Imers\u00e3o Pedag\u00f3gica com foco na forma\u00e7\u00e3o continuada dos coordenadores pedag\u00f3gicos da rede municipal para o segundo semestre do ano letivo. O evento, que come\u00e7ou nesta quinta-feira (26), no Col\u00e9gio Democr\u00e1tico Estadual Prof\u00aa Florentina Alves dos Santos, re\u00fane profissionais das [&hellip;]<\/p>\n","protected":false},"author":1,"featured_media":77138,"comment_status":"open","ping_status":"open","sticky":false,"template":"","format":"standard","meta":{"_uag_custom_page_level_css":"","_monsterinsights_skip_tracking":false,"_monsterinsights_sitenote_active":false,"_monsterinsights_sitenote_note":"","_monsterinsights_sitenote_category":0,"jetpack_post_was_ever_published":false,"_jetpack_newsletter_access":"","_jetpack_dont_email_post_to_subs":false,"_jetpack_newsletter_tier_id":0,"_jetpack_memberships_contains_paywalled_content":false,"_jetpack_memberships_contains_paid_content":false,"footnotes":"","jetpack_publicize_message":"","jetpack_publicize_feature_enabled":true,"jetpack_social_post_already_shared":true,"jetpack_social_options":{"image_generator_settings":{"template":"highway","default_image_id":0,"font":"","enabled":false},"version":2}},"categories":[209,203],"tags":[],"class_list":["post-77137","post","type-post","status-publish","format-standard","has-post-thumbnail","hentry","category-educacao","category-juazeiro"],"jetpack_publicize_connections":[],"jetpack_featured_media_url":"https:\/\/blogopara.com.br\/wp-content\/uploads\/2025\/06\/transferir-6.jpg","uagb_featured_image_src":{"full":["https:\/\/blogopara.com.br\/wp-content\/uploads\/2025\/06\/transferir-6.jpg",500,333,false],"thumbnail":["https:\/\/blogopara.com.br\/wp-content\/uploads\/2025\/06\/transferir-6-150x150.jpg",150,150,true],"medium":["https:\/\/blogopara.com.br\/wp-content\/uploads\/2025\/06\/transferir-6-300x200.jpg",300,200,true],"medium_large":["https:\/\/blogopara.com.br\/wp-content\/uploads\/2025\/06\/transferir-6.jpg",500,333,false],"large":["https:\/\/blogopara.com.br\/wp-content\/uploads\/2025\/06\/transferir-6.jpg",500,333,false],"1536x1536":["https:\/\/blogopara.com.br\/wp-content\/uploads\/2025\/06\/transferir-6.jpg",500,333,false],"2048x2048":["https:\/\/blogopara.com.br\/wp-content\/uploads\/2025\/06\/transferir-6.jpg",500,333,false],"mantranews-slider-large":["https:\/\/blogopara.com.br\/wp-content\/uploads\/2025\/06\/transferir-6.jpg",500,333,false],"mantranews-featured-medium":["https:\/\/blogopara.com.br\/wp-content\/uploads\/2025\/06\/transferir-6-420x307.jpg",420,307,true],"mantranews-featured-long":["https:\/\/blogopara.com.br\/wp-content\/uploads\/2025\/06\/transferir-6-300x333.jpg",300,333,true],"mantranews-block-medium":["https:\/\/blogopara.com.br\/wp-content\/uploads\/2025\/06\/transferir-6-464x290.jpg",464,290,true],"mantranews-carousel-image":["https:\/\/blogopara.com.br\/wp-content\/uploads\/2025\/06\/transferir-6.jpg",500,333,false],"mantranews-block-thumb":["https:\/\/blogopara.com.br\/wp-content\/uploads\/2025\/06\/transferir-6-322x230.jpg",322,230,true],"mantranews-single-large":["https:\/\/blogopara.com.br\/wp-content\/uploads\/2025\/06\/transferir-6.jpg",500,333,false]},"uagb_author_info":{"display_name":"Reda\u00e7\u00e3o geral","author_link":"https:\/\/blogopara.com.br\/index.php\/author\/blogopara"},"uagb_comment_info":0,"uagb_excerpt":"A Prefeitura de Juazeiro, por meio da Secretaria de Educa\u00e7\u00e3o\/Seduc, est\u00e1 promovendo mais uma edi\u00e7\u00e3o da Imers\u00e3o Pedag\u00f3gica com foco na forma\u00e7\u00e3o continuada dos coordenadores pedag\u00f3gicos da rede municipal para o segundo semestre do ano letivo. O evento, que come\u00e7ou nesta quinta-feira (26), no Col\u00e9gio Democr\u00e1tico Estadual Prof\u00aa Florentina Alves dos Santos, re\u00fane profissionais das&hellip;","jetpack_sharing_enabled":true,"jetpack_likes_enabled":true,"_links":{"self":[{"href":"https:\/\/blogopara.com.br\/index.php\/wp-json\/wp\/v2\/posts\/77137","targetHints":{"allow":["GET"]}}],"collection":[{"href":"https:\/\/blogopara.com.br\/index.php\/wp-json\/wp\/v2\/posts"}],"about":[{"href":"https:\/\/blogopara.com.br\/index.php\/wp-json\/wp\/v2\/types\/post"}],"author":[{"embeddable":true,"href":"https:\/\/blogopara.com.br\/index.php\/wp-json\/wp\/v2\/users\/1"}],"replies":[{"embeddable":true,"href":"https:\/\/blogopara.com.br\/index.php\/wp-json\/wp\/v2\/comments?post=77137"}],"version-history":[{"count":1,"href":"https:\/\/blogopara.com.br\/index.php\/wp-json\/wp\/v2\/posts\/77137\/revisions"}],"predecessor-version":[{"id":77139,"href":"https:\/\/blogopara.com.br\/index.php\/wp-json\/wp\/v2\/posts\/77137\/revisions\/77139"}],"wp:featuredmedia":[{"embeddable":true,"href":"https:\/\/blogopara.com.br\/index.php\/wp-json\/wp\/v2\/media\/77138"}],"wp:attachment":[{"href":"https:\/\/blogopara.com.br\/index.php\/wp-json\/wp\/v2\/media?parent=77137"}],"wp:term":[{"taxonomy":"category","embeddable":true,"href":"https:\/\/blogopara.com.br\/index.php\/wp-json\/wp\/v2\/categories?post=77137"},{"taxonomy":"post_tag","embeddable":true,"href":"https:\/\/blogopara.com.br\/index.php\/wp-json\/wp\/v2\/tags?post=77137"}],"curies":[{"name":"wp","href":"https:\/\/api.w.org\/{rel}","templated":true}]}}