{"id":77174,"date":"2025-06-27T13:59:56","date_gmt":"2025-06-27T16:59:56","guid":{"rendered":"https:\/\/blogopara.com.br\/?p=77174"},"modified":"2025-06-27T13:59:56","modified_gmt":"2025-06-27T16:59:56","slug":"amtt-de-juazeiro-inicia-vistoria-do-2-semestre-em-veiculo-de-transporte-escolar-da-rede-particular-de-ensino","status":"publish","type":"post","link":"https:\/\/blogopara.com.br\/index.php\/2025\/06\/27\/amtt-de-juazeiro-inicia-vistoria-do-2-semestre-em-veiculo-de-transporte-escolar-da-rede-particular-de-ensino","title":{"rendered":"AMTT de Juazeiro inicia vistoria do 2\u00b0 semestre em ve\u00edculo de transporte escolar da rede particular de ensino"},"content":{"rendered":"<p>Os permission\u00e1rios de Transporte Escolar da rede particular de ensino t\u00eam at\u00e9 o dia 316 de julho para realizar a vistoria referente ao 2\u00b0 semestre. A medida segue as exig\u00eancias do C\u00f3digo de Tr\u00e2nsito Brasileiro\/CTB, que atrav\u00e9s da Lei n\u00ba 9.503\/97, estabelece que o ve\u00edculos destinados \u00e0 condu\u00e7\u00e3o coletiva de estudantes s\u00f3 ser\u00e1 permitido circular com autoriza\u00e7\u00e3o dos \u00f3rg\u00e3os de tr\u00e2nsito dos estados e Distrito Federal, em Juazeiro o \u00d3rg\u00e3o respons\u00e1vel por esse servi\u00e7o \u00e9 a Autarquia Municipal de Tr\u00e2nsito e Transporte\/AMTT.<\/p>\n<p>De acordo com o diretor-presidente da AMTT, Mitonho Vargas, os ve\u00edculos que realizarem esse servi\u00e7o sem a devida regulariza\u00e7\u00e3o ser\u00e1 autuado pelos fiscais do \u00f3rg\u00e3o, \u201cN\u00e3o podemos colocar a seguran\u00e7a dos estudantes em riscos! Por isso informamos que a partir do dia 16 de julho aquele permission\u00e1rio que n\u00e3o estiver realizado a vistoria de seu ve\u00edculo, ser\u00e1 autuado e convidado a se regularizar\u201d, refor\u00e7ou o diretor-presidente Mitonho Vargas.<\/p>\n<p>As vistorias est\u00e3o sendo realizadas na sede da AMTT, localizada na Rua Oscar Ribeiro, S\/N, no Centro da cidade.<\/p>\n<p>O cronograma com as datas e locais das vistorias dos ve\u00edculos escolar da rede de p\u00fablica, ainda ser\u00e1 divulgado pela Autarquia.<\/p>\n<p><strong>Documenta\u00e7\u00e3o<\/strong><\/p>\n<p>Os permission\u00e1rios devem apresentar os seguintes documentos:<\/p>\n<p>\u2013 Carteira Nacional de Habilita\u00e7\u00e3o (categorias D ou E);<\/p>\n<p>\u2013 Nada consta CNH;<\/p>\n<p>\u2013 Comprovante de resid\u00eancia;<\/p>\n<p>\u2013 CRLV;<\/p>\n<p>\u2013 Antecedentes criminais;<\/p>\n<p>\u2013 Duas fotos 3\u00d74;<\/p>\n<p>\u2013 Carteira do curso do condutor de transporte escolar;<\/p>\n<p>\u2013 Certificado de aferi\u00e7\u00e3o de tac\u00f3grafo.<\/p>\n","protected":false},"excerpt":{"rendered":"<p>Os permission\u00e1rios de Transporte Escolar da rede particular de ensino t\u00eam at\u00e9 o dia 316 de julho para realizar a vistoria referente ao 2\u00b0 semestre. A medida segue as exig\u00eancias do C\u00f3digo de Tr\u00e2nsito Brasileiro\/CTB, que atrav\u00e9s da Lei n\u00ba 9.503\/97, estabelece que o ve\u00edculos destinados \u00e0 condu\u00e7\u00e3o coletiva de estudantes s\u00f3 ser\u00e1 permitido circular [&hellip;]<\/p>\n","protected":false},"author":1,"featured_media":77175,"comment_status":"open","ping_status":"open","sticky":false,"template":"","format":"standard","meta":{"_uag_custom_page_level_css":"","_monsterinsights_skip_tracking":false,"_monsterinsights_sitenote_active":false,"_monsterinsights_sitenote_note":"","_monsterinsights_sitenote_category":0,"jetpack_post_was_ever_published":false,"_jetpack_newsletter_access":"","_jetpack_dont_email_post_to_subs":false,"_jetpack_newsletter_tier_id":0,"_jetpack_memberships_contains_paywalled_content":false,"_jetpack_memberships_contains_paid_content":false,"footnotes":"","jetpack_publicize_message":"","jetpack_publicize_feature_enabled":true,"jetpack_social_post_already_shared":true,"jetpack_social_options":{"image_generator_settings":{"template":"highway","default_image_id":0,"font":"","enabled":false},"version":2}},"categories":[203],"tags":[],"class_list":["post-77174","post","type-post","status-publish","format-standard","has-post-thumbnail","hentry","category-juazeiro"],"jetpack_publicize_connections":[],"jetpack_featured_media_url":"https:\/\/blogopara.com.br\/wp-content\/uploads\/2025\/06\/transferir-7.jpg","uagb_featured_image_src":{"full":["https:\/\/blogopara.com.br\/wp-content\/uploads\/2025\/06\/transferir-7.jpg",496,498,false],"thumbnail":["https:\/\/blogopara.com.br\/wp-content\/uploads\/2025\/06\/transferir-7-150x150.jpg",150,150,true],"medium":["https:\/\/blogopara.com.br\/wp-content\/uploads\/2025\/06\/transferir-7-300x300.jpg",300,300,true],"medium_large":["https:\/\/blogopara.com.br\/wp-content\/uploads\/2025\/06\/transferir-7.jpg",496,498,false],"large":["https:\/\/blogopara.com.br\/wp-content\/uploads\/2025\/06\/transferir-7.jpg",496,498,false],"1536x1536":["https:\/\/blogopara.com.br\/wp-content\/uploads\/2025\/06\/transferir-7.jpg",496,498,false],"2048x2048":["https:\/\/blogopara.com.br\/wp-content\/uploads\/2025\/06\/transferir-7.jpg",496,498,false],"mantranews-slider-large":["https:\/\/blogopara.com.br\/wp-content\/uploads\/2025\/06\/transferir-7.jpg",496,498,false],"mantranews-featured-medium":["https:\/\/blogopara.com.br\/wp-content\/uploads\/2025\/06\/transferir-7-420x307.jpg",420,307,true],"mantranews-featured-long":["https:\/\/blogopara.com.br\/wp-content\/uploads\/2025\/06\/transferir-7-300x443.jpg",300,443,true],"mantranews-block-medium":["https:\/\/blogopara.com.br\/wp-content\/uploads\/2025\/06\/transferir-7-464x290.jpg",464,290,true],"mantranews-carousel-image":["https:\/\/blogopara.com.br\/wp-content\/uploads\/2025\/06\/transferir-7.jpg",496,498,false],"mantranews-block-thumb":["https:\/\/blogopara.com.br\/wp-content\/uploads\/2025\/06\/transferir-7-322x230.jpg",322,230,true],"mantranews-single-large":["https:\/\/blogopara.com.br\/wp-content\/uploads\/2025\/06\/transferir-7.jpg",496,498,false]},"uagb_author_info":{"display_name":"Reda\u00e7\u00e3o geral","author_link":"https:\/\/blogopara.com.br\/index.php\/author\/blogopara"},"uagb_comment_info":0,"uagb_excerpt":"Os permission\u00e1rios de Transporte Escolar da rede particular de ensino t\u00eam at\u00e9 o dia 316 de julho para realizar a vistoria referente ao 2\u00b0 semestre. A medida segue as exig\u00eancias do C\u00f3digo de Tr\u00e2nsito Brasileiro\/CTB, que atrav\u00e9s da Lei n\u00ba 9.503\/97, estabelece que o ve\u00edculos destinados \u00e0 condu\u00e7\u00e3o coletiva de estudantes s\u00f3 ser\u00e1 permitido circular&hellip;","jetpack_sharing_enabled":true,"jetpack_likes_enabled":true,"_links":{"self":[{"href":"https:\/\/blogopara.com.br\/index.php\/wp-json\/wp\/v2\/posts\/77174","targetHints":{"allow":["GET"]}}],"collection":[{"href":"https:\/\/blogopara.com.br\/index.php\/wp-json\/wp\/v2\/posts"}],"about":[{"href":"https:\/\/blogopara.com.br\/index.php\/wp-json\/wp\/v2\/types\/post"}],"author":[{"embeddable":true,"href":"https:\/\/blogopara.com.br\/index.php\/wp-json\/wp\/v2\/users\/1"}],"replies":[{"embeddable":true,"href":"https:\/\/blogopara.com.br\/index.php\/wp-json\/wp\/v2\/comments?post=77174"}],"version-history":[{"count":1,"href":"https:\/\/blogopara.com.br\/index.php\/wp-json\/wp\/v2\/posts\/77174\/revisions"}],"predecessor-version":[{"id":77176,"href":"https:\/\/blogopara.com.br\/index.php\/wp-json\/wp\/v2\/posts\/77174\/revisions\/77176"}],"wp:featuredmedia":[{"embeddable":true,"href":"https:\/\/blogopara.com.br\/index.php\/wp-json\/wp\/v2\/media\/77175"}],"wp:attachment":[{"href":"https:\/\/blogopara.com.br\/index.php\/wp-json\/wp\/v2\/media?parent=77174"}],"wp:term":[{"taxonomy":"category","embeddable":true,"href":"https:\/\/blogopara.com.br\/index.php\/wp-json\/wp\/v2\/categories?post=77174"},{"taxonomy":"post_tag","embeddable":true,"href":"https:\/\/blogopara.com.br\/index.php\/wp-json\/wp\/v2\/tags?post=77174"}],"curies":[{"name":"wp","href":"https:\/\/api.w.org\/{rel}","templated":true}]}}