{"id":77194,"date":"2025-06-30T14:13:29","date_gmt":"2025-06-30T17:13:29","guid":{"rendered":"https:\/\/blogopara.com.br\/?p=77194"},"modified":"2025-06-30T14:13:29","modified_gmt":"2025-06-30T17:13:29","slug":"homem-prensado-em-metro-de-salvador-teve-perfuracoes-nas-partes-intimas-e-esta-na-uti","status":"publish","type":"post","link":"https:\/\/blogopara.com.br\/index.php\/2025\/06\/30\/homem-prensado-em-metro-de-salvador-teve-perfuracoes-nas-partes-intimas-e-esta-na-uti","title":{"rendered":"Homem prensado em metr\u00f4 de Salvador teve perfura\u00e7\u00f5es nas partes \u00edntimas e est\u00e1 na UTI"},"content":{"rendered":"<div class=\"flex flex-col w-full font-normal text-[18px] leading-[30px] text-tw-theme-text-default\">\n<p id=\"paragrafo-5j8ubl1tu3\">O homem de 34 anos que ficou prensado entre um trem e uma plataforma na Esta\u00e7\u00e3o Campinas, em Salvador, est\u00e1\u00a0<a class=\"link\" href=\"https:\/\/www.correio24horas.com.br\/salvador\/homem-fica-prensado-em-metro-de-salvador-ao-tentar-atravessar-trilhos-0625\" target=\"_blank\" rel=\"noopener\">internado em estado grave<\/a> na Unidade de Terapia Intensiva (UTI) do Hospital Sub\u00farbio.\u00a0Jos\u00e9 Gon\u00e7alves sofreu uma perfura\u00e7\u00e3o\u00a0retal &#8211; ocorr\u00eancia de um rasgo ou buraco na parede do reto -, outra na bexiga e fraturou o f\u00eamur, segundo familiares.<\/p>\n<\/div>\n<div class=\"flex flex-col w-full font-normal text-[18px] leading-[30px] text-tw-theme-text-default\">\n<p id=\"paragrafo-34heaoqayd\">Ele tamb\u00e9m perdeu muito sangue e j\u00e1 passou por uma cirurgia. A previs\u00e3o \u00e9 que ele acorde da seda\u00e7\u00e3o nas pr\u00f3ximas horas e ainda passe por outros procedimentos cir\u00fargicos. N\u00e3o h\u00e1 detalhes sobre a mobilidade do homem, cujas pernas ficaram presas na ferragem.<\/p>\n<\/div>\n<div class=\"flex flex-col w-full font-normal text-[18px] leading-[30px] text-tw-theme-text-default\">\n<p id=\"paragrafo-imlewlmklo\">&#8220;Estamos chocados, tristes com o acontecido. Quando a pessoa est\u00e1 doente, tudo bem, voc\u00ea j\u00e1 est\u00e1 preparado, mas saber de um ente querido dessa forma \u00e9 terr\u00edvel. Eu vi pela televis\u00e3o. Todos est\u00e3o comovidos&#8221;, lamentou um familiar que pediu para n\u00e3o ser identificado.<\/p>\n<\/div>\n<div class=\"flex flex-col w-full font-normal text-[18px] leading-[30px] text-tw-theme-text-default\">\n<p id=\"paragrafo-xfegi04qf0\">O parente, inclusive, informou que a fam\u00edlia considera entrar na Justi\u00e7a para acessar as imagens de seguran\u00e7a do momento do acidente. Eles querem a comprova\u00e7\u00e3o de que havia algum agente no local que pudesse evitar o acidente.<\/p>\n<\/div>\n<div class=\"article_intext inline-block text-center w-full h-280\">\n<div id=\"internas_336x280_02\"><\/div>\n<\/div>\n<div class=\"flex flex-col w-full\">\n<h2 id=\"intertitulo-lmcmu65xf0\" class=\"font-family-secondary text-tw-theme-box-titulo-default text-[26px] leading-[38px] font-bold md:text-[31px]\">V\u00edtima estava indo para o trabalho<\/h2>\n<\/div>\n<div class=\"flex flex-col w-full font-normal text-[18px] leading-[30px] text-tw-theme-text-default\">\n<p id=\"paragrafo-dzzcg68lum\">O acidente ocorreu por volta das 9h, quando o homem tentou atravessar os trilhos para acessar a plataforma oposta. Ele \u00e9 funcion\u00e1rio da\u00a0Empresa de Limpeza Urbana de Salvador (Limpurb) e estava a caminho do trabalho.<\/p>\n<\/div>\n<div class=\"flex flex-col w-full font-normal text-[18px] leading-[30px] text-tw-theme-text-default\">\n<p id=\"paragrafo-v35pw17o2n\">V\u00eddeos que circulam pelas redes sociais mostram o homem preso entre o vag\u00e3o e a plataforma. Outros passageiros tentaram socorr\u00ea-lo e puxar seus bra\u00e7os, mas as pernas estavam presas.<\/p>\n<\/div>\n<div class=\"article_intext inline-block text-center w-full h-280\">\n<div id=\"internas_336x280_03\"><\/div>\n<\/div>\n<div class=\"flex flex-col w-full font-normal text-[18px] leading-[30px] text-tw-theme-text-default\">\n<p id=\"paragrafo-cc8i027laa\">Em nota, a CCR Metr\u00f4 Bahia, respons\u00e1vel pela gest\u00e3o do modal,\u00a0ressaltou a import\u00e2ncia do cumprimento das medidas de seguran\u00e7a no sistema metrovi\u00e1rio para evitar acidentes.<\/p>\n<\/div>\n<div class=\"flex flex-col w-full font-normal text-[18px] leading-[30px] text-tw-theme-text-default\">\n<p id=\"paragrafo-az7wez5zsu\">Os alertas incluem n\u00e3o acessar a via, aguardar o desembarque antes de entrar nos trens, respeitar a faixa amarela na plataforma e evitar distra\u00e7\u00f5es durante a espera pela chegada do trem.<\/p>\n<\/div>\n","protected":false},"excerpt":{"rendered":"<p>O homem de 34 anos que ficou prensado entre um trem e uma plataforma na Esta\u00e7\u00e3o Campinas, em Salvador, est\u00e1\u00a0internado em estado grave na Unidade de Terapia Intensiva (UTI) do Hospital Sub\u00farbio.\u00a0Jos\u00e9 Gon\u00e7alves sofreu uma perfura\u00e7\u00e3o\u00a0retal &#8211; ocorr\u00eancia de um rasgo ou buraco na parede do reto -, outra na bexiga e fraturou o f\u00eamur, [&hellip;]<\/p>\n","protected":false},"author":1,"featured_media":77196,"comment_status":"open","ping_status":"open","sticky":false,"template":"","format":"standard","meta":{"_uag_custom_page_level_css":"","_monsterinsights_skip_tracking":false,"_monsterinsights_sitenote_active":false,"_monsterinsights_sitenote_note":"","_monsterinsights_sitenote_category":0,"jetpack_post_was_ever_published":false,"_jetpack_newsletter_access":"","_jetpack_dont_email_post_to_subs":false,"_jetpack_newsletter_tier_id":0,"_jetpack_memberships_contains_paywalled_content":false,"_jetpack_memberships_contains_paid_content":false,"footnotes":"","jetpack_publicize_message":"","jetpack_publicize_feature_enabled":true,"jetpack_social_post_already_shared":true,"jetpack_social_options":{"image_generator_settings":{"template":"highway","default_image_id":0,"font":"","enabled":false},"version":2}},"categories":[199],"tags":[],"class_list":["post-77194","post","type-post","status-publish","format-standard","has-post-thumbnail","hentry","category-bahia"],"jetpack_publicize_connections":[],"jetpack_featured_media_url":"https:\/\/blogopara.com.br\/wp-content\/uploads\/2025\/06\/Capturar-50.jpg","uagb_featured_image_src":{"full":["https:\/\/blogopara.com.br\/wp-content\/uploads\/2025\/06\/Capturar-50.jpg",500,280,false],"thumbnail":["https:\/\/blogopara.com.br\/wp-content\/uploads\/2025\/06\/Capturar-50-150x150.jpg",150,150,true],"medium":["https:\/\/blogopara.com.br\/wp-content\/uploads\/2025\/06\/Capturar-50-300x168.jpg",300,168,true],"medium_large":["https:\/\/blogopara.com.br\/wp-content\/uploads\/2025\/06\/Capturar-50.jpg",500,280,false],"large":["https:\/\/blogopara.com.br\/wp-content\/uploads\/2025\/06\/Capturar-50.jpg",500,280,false],"1536x1536":["https:\/\/blogopara.com.br\/wp-content\/uploads\/2025\/06\/Capturar-50.jpg",500,280,false],"2048x2048":["https:\/\/blogopara.com.br\/wp-content\/uploads\/2025\/06\/Capturar-50.jpg",500,280,false],"mantranews-slider-large":["https:\/\/blogopara.com.br\/wp-content\/uploads\/2025\/06\/Capturar-50.jpg",500,280,false],"mantranews-featured-medium":["https:\/\/blogopara.com.br\/wp-content\/uploads\/2025\/06\/Capturar-50-420x280.jpg",420,280,true],"mantranews-featured-long":["https:\/\/blogopara.com.br\/wp-content\/uploads\/2025\/06\/Capturar-50-300x280.jpg",300,280,true],"mantranews-block-medium":["https:\/\/blogopara.com.br\/wp-content\/uploads\/2025\/06\/Capturar-50-464x280.jpg",464,280,true],"mantranews-carousel-image":["https:\/\/blogopara.com.br\/wp-content\/uploads\/2025\/06\/Capturar-50.jpg",500,280,false],"mantranews-block-thumb":["https:\/\/blogopara.com.br\/wp-content\/uploads\/2025\/06\/Capturar-50-322x230.jpg",322,230,true],"mantranews-single-large":["https:\/\/blogopara.com.br\/wp-content\/uploads\/2025\/06\/Capturar-50.jpg",500,280,false]},"uagb_author_info":{"display_name":"Reda\u00e7\u00e3o geral","author_link":"https:\/\/blogopara.com.br\/index.php\/author\/blogopara"},"uagb_comment_info":0,"uagb_excerpt":"O homem de 34 anos que ficou prensado entre um trem e uma plataforma na Esta\u00e7\u00e3o Campinas, em Salvador, est\u00e1\u00a0internado em estado grave na Unidade de Terapia Intensiva (UTI) do Hospital Sub\u00farbio.\u00a0Jos\u00e9 Gon\u00e7alves sofreu uma perfura\u00e7\u00e3o\u00a0retal &#8211; ocorr\u00eancia de um rasgo ou buraco na parede do reto -, outra na bexiga e fraturou o f\u00eamur,&hellip;","jetpack_sharing_enabled":true,"jetpack_likes_enabled":true,"_links":{"self":[{"href":"https:\/\/blogopara.com.br\/index.php\/wp-json\/wp\/v2\/posts\/77194","targetHints":{"allow":["GET"]}}],"collection":[{"href":"https:\/\/blogopara.com.br\/index.php\/wp-json\/wp\/v2\/posts"}],"about":[{"href":"https:\/\/blogopara.com.br\/index.php\/wp-json\/wp\/v2\/types\/post"}],"author":[{"embeddable":true,"href":"https:\/\/blogopara.com.br\/index.php\/wp-json\/wp\/v2\/users\/1"}],"replies":[{"embeddable":true,"href":"https:\/\/blogopara.com.br\/index.php\/wp-json\/wp\/v2\/comments?post=77194"}],"version-history":[{"count":1,"href":"https:\/\/blogopara.com.br\/index.php\/wp-json\/wp\/v2\/posts\/77194\/revisions"}],"predecessor-version":[{"id":77197,"href":"https:\/\/blogopara.com.br\/index.php\/wp-json\/wp\/v2\/posts\/77194\/revisions\/77197"}],"wp:featuredmedia":[{"embeddable":true,"href":"https:\/\/blogopara.com.br\/index.php\/wp-json\/wp\/v2\/media\/77196"}],"wp:attachment":[{"href":"https:\/\/blogopara.com.br\/index.php\/wp-json\/wp\/v2\/media?parent=77194"}],"wp:term":[{"taxonomy":"category","embeddable":true,"href":"https:\/\/blogopara.com.br\/index.php\/wp-json\/wp\/v2\/categories?post=77194"},{"taxonomy":"post_tag","embeddable":true,"href":"https:\/\/blogopara.com.br\/index.php\/wp-json\/wp\/v2\/tags?post=77194"}],"curies":[{"name":"wp","href":"https:\/\/api.w.org\/{rel}","templated":true}]}}