{"id":77201,"date":"2025-06-30T14:16:05","date_gmt":"2025-06-30T17:16:05","guid":{"rendered":"https:\/\/blogopara.com.br\/?p=77201"},"modified":"2025-06-30T14:16:05","modified_gmt":"2025-06-30T17:16:05","slug":"diabetes-tipo-5-nova-classificacao-acende-alerta-sobre-impacto-da-desnutricao","status":"publish","type":"post","link":"https:\/\/blogopara.com.br\/index.php\/2025\/06\/30\/diabetes-tipo-5-nova-classificacao-acende-alerta-sobre-impacto-da-desnutricao","title":{"rendered":"Diabetes tipo 5 &#8211; Nova classifica\u00e7\u00e3o acende alerta sobre impacto da desnutri\u00e7\u00e3o"},"content":{"rendered":"<div><i>Especialista explica que a doen\u00e7a atinge milh\u00f5es de pessoas em pa\u00edses em desenvolvimento e tem diagn\u00f3stico muitas vezes confundido com outros tipos de diabetes<\/i><\/div>\n<div><\/div>\n<p>Uma nova categoria de diabetes foi reconhecida pela Federa\u00e7\u00e3o Internacional de Diabetes (IDF): o diabetes tipo 5. Para o endocrinologista e coordenador do curso de medicina do Instituto de Educa\u00e7\u00e3o M\u00e9dica (Idomed), Alexandre Silva, a classifica\u00e7\u00e3o representa um avan\u00e7o no entendimento e tratamento de formas at\u00e9 ent\u00e3o n\u00e3o identificadas da doen\u00e7a. \u201cO reconhecimento oficial do diabetes tipo 5 \u00e9 um marco para a medicina. Agora podemos identificar os casos e avan\u00e7ar em tratamentos personalizados\u201d afirma o especialista.<\/p>\n<p>Anteriormente conhecida como \u201cdiabetes relacionado \u00e0 desnutri\u00e7\u00e3o\u201d, a diabetes tipo 5 atinge principalmente jovens e adultos magros, com hist\u00f3rico de desnutri\u00e7\u00e3o na inf\u00e2ncia ou durante a gesta\u00e7\u00e3o. \u00c9 mais comum em pa\u00edses de baixa e m\u00e9dia renda, pois est\u00e1 intimamente ligado \u00e0 desnutri\u00e7\u00e3o, sendo mais comum na \u00cdndia, Tail\u00e2ndia, Uganda, Eti\u00f3pia, Nig\u00e9ria, dentre outros. \u201cJ\u00e1 foi chamado, inclusive, de diabetes tropical. O Primeiro caso foi descrito na Jamaica em 1955\u201d, completa.<\/p>\n<p>Segundo Alexandre Silva, diferentemente do tipo 1, que \u00e9 autoimune, e do tipo 2, geralmente relacionado ao sobrepeso e \u00e0 resist\u00eancia \u00e0 insulina, o tipo 5 surge por defici\u00eancia na forma\u00e7\u00e3o das c\u00e9lulas beta do p\u00e2ncreas, comprometendo a produ\u00e7\u00e3o de insulina.<\/p>\n<p><b>Falta de conhecimento<br \/>\n<\/b><br \/>\nNo entanto, o especialista alerta que a falta de reconhecimento da condi\u00e7\u00e3o leva a diagn\u00f3sticos equivocados e tratamentos inadequados, \u201cmuitas vezes com uso desnecess\u00e1rio de insulina, quando a combina\u00e7\u00e3o de medica\u00e7\u00e3o oral e suporte nutricional seria mais eficaz\u201d, observa. De acordo com estimativas internacionais, entre 20 e 25 milh\u00f5es de pessoas podem viver com essa forma de diabetes no mundo.<\/p>\n<p>Com a inclus\u00e3o do tipo 5, especialistas esperam reduzir o n\u00famero de casos subdiagnosticados, oferecer tratamentos mais eficazes, al\u00e9m de estimular pol\u00edticas p\u00fablicas que combatam a raiz do problema: a desnutri\u00e7\u00e3o e a pobreza estrutural.<\/p>\n","protected":false},"excerpt":{"rendered":"<p>Especialista explica que a doen\u00e7a atinge milh\u00f5es de pessoas em pa\u00edses em desenvolvimento e tem diagn\u00f3stico muitas vezes confundido com outros tipos de diabetes Uma nova categoria de diabetes foi reconhecida pela Federa\u00e7\u00e3o Internacional de Diabetes (IDF): o diabetes tipo 5. Para o endocrinologista e coordenador do curso de medicina do Instituto de Educa\u00e7\u00e3o M\u00e9dica [&hellip;]<\/p>\n","protected":false},"author":1,"featured_media":38807,"comment_status":"open","ping_status":"open","sticky":false,"template":"","format":"standard","meta":{"_uag_custom_page_level_css":"","_monsterinsights_skip_tracking":false,"_monsterinsights_sitenote_active":false,"_monsterinsights_sitenote_note":"","_monsterinsights_sitenote_category":0,"jetpack_post_was_ever_published":false,"_jetpack_newsletter_access":"","_jetpack_dont_email_post_to_subs":false,"_jetpack_newsletter_tier_id":0,"_jetpack_memberships_contains_paywalled_content":false,"_jetpack_memberships_contains_paid_content":false,"footnotes":"","jetpack_publicize_message":"","jetpack_publicize_feature_enabled":true,"jetpack_social_post_already_shared":true,"jetpack_social_options":{"image_generator_settings":{"template":"highway","default_image_id":0,"font":"","enabled":false},"version":2}},"categories":[205],"tags":[],"class_list":["post-77201","post","type-post","status-publish","format-standard","has-post-thumbnail","hentry","category-saude"],"jetpack_publicize_connections":[],"jetpack_featured_media_url":"https:\/\/blogopara.com.br\/wp-content\/uploads\/2022\/06\/Diabetes.jpg","uagb_featured_image_src":{"full":["https:\/\/blogopara.com.br\/wp-content\/uploads\/2022\/06\/Diabetes.jpg",500,500,false],"thumbnail":["https:\/\/blogopara.com.br\/wp-content\/uploads\/2022\/06\/Diabetes-150x150.jpg",150,150,true],"medium":["https:\/\/blogopara.com.br\/wp-content\/uploads\/2022\/06\/Diabetes-300x300.jpg",300,300,true],"medium_large":["https:\/\/blogopara.com.br\/wp-content\/uploads\/2022\/06\/Diabetes.jpg",500,500,false],"large":["https:\/\/blogopara.com.br\/wp-content\/uploads\/2022\/06\/Diabetes.jpg",500,500,false],"1536x1536":["https:\/\/blogopara.com.br\/wp-content\/uploads\/2022\/06\/Diabetes.jpg",500,500,false],"2048x2048":["https:\/\/blogopara.com.br\/wp-content\/uploads\/2022\/06\/Diabetes.jpg",500,500,false],"mantranews-slider-large":["https:\/\/blogopara.com.br\/wp-content\/uploads\/2022\/06\/Diabetes.jpg",500,500,false],"mantranews-featured-medium":["https:\/\/blogopara.com.br\/wp-content\/uploads\/2022\/06\/Diabetes-420x307.jpg",420,307,true],"mantranews-featured-long":["https:\/\/blogopara.com.br\/wp-content\/uploads\/2022\/06\/Diabetes-300x443.jpg",300,443,true],"mantranews-block-medium":["https:\/\/blogopara.com.br\/wp-content\/uploads\/2022\/06\/Diabetes-464x290.jpg",464,290,true],"mantranews-carousel-image":["https:\/\/blogopara.com.br\/wp-content\/uploads\/2022\/06\/Diabetes.jpg",500,500,false],"mantranews-block-thumb":["https:\/\/blogopara.com.br\/wp-content\/uploads\/2022\/06\/Diabetes-322x230.jpg",322,230,true],"mantranews-single-large":["https:\/\/blogopara.com.br\/wp-content\/uploads\/2022\/06\/Diabetes.jpg",500,500,false]},"uagb_author_info":{"display_name":"Reda\u00e7\u00e3o geral","author_link":"https:\/\/blogopara.com.br\/index.php\/author\/blogopara"},"uagb_comment_info":0,"uagb_excerpt":"Especialista explica que a doen\u00e7a atinge milh\u00f5es de pessoas em pa\u00edses em desenvolvimento e tem diagn\u00f3stico muitas vezes confundido com outros tipos de diabetes Uma nova categoria de diabetes foi reconhecida pela Federa\u00e7\u00e3o Internacional de Diabetes (IDF): o diabetes tipo 5. Para o endocrinologista e coordenador do curso de medicina do Instituto de Educa\u00e7\u00e3o M\u00e9dica&hellip;","jetpack_sharing_enabled":true,"jetpack_likes_enabled":true,"_links":{"self":[{"href":"https:\/\/blogopara.com.br\/index.php\/wp-json\/wp\/v2\/posts\/77201","targetHints":{"allow":["GET"]}}],"collection":[{"href":"https:\/\/blogopara.com.br\/index.php\/wp-json\/wp\/v2\/posts"}],"about":[{"href":"https:\/\/blogopara.com.br\/index.php\/wp-json\/wp\/v2\/types\/post"}],"author":[{"embeddable":true,"href":"https:\/\/blogopara.com.br\/index.php\/wp-json\/wp\/v2\/users\/1"}],"replies":[{"embeddable":true,"href":"https:\/\/blogopara.com.br\/index.php\/wp-json\/wp\/v2\/comments?post=77201"}],"version-history":[{"count":1,"href":"https:\/\/blogopara.com.br\/index.php\/wp-json\/wp\/v2\/posts\/77201\/revisions"}],"predecessor-version":[{"id":77202,"href":"https:\/\/blogopara.com.br\/index.php\/wp-json\/wp\/v2\/posts\/77201\/revisions\/77202"}],"wp:featuredmedia":[{"embeddable":true,"href":"https:\/\/blogopara.com.br\/index.php\/wp-json\/wp\/v2\/media\/38807"}],"wp:attachment":[{"href":"https:\/\/blogopara.com.br\/index.php\/wp-json\/wp\/v2\/media?parent=77201"}],"wp:term":[{"taxonomy":"category","embeddable":true,"href":"https:\/\/blogopara.com.br\/index.php\/wp-json\/wp\/v2\/categories?post=77201"},{"taxonomy":"post_tag","embeddable":true,"href":"https:\/\/blogopara.com.br\/index.php\/wp-json\/wp\/v2\/tags?post=77201"}],"curies":[{"name":"wp","href":"https:\/\/api.w.org\/{rel}","templated":true}]}}