{"id":77203,"date":"2025-06-30T14:23:32","date_gmt":"2025-06-30T17:23:32","guid":{"rendered":"https:\/\/blogopara.com.br\/?p=77203"},"modified":"2025-06-30T14:26:58","modified_gmt":"2025-06-30T17:26:58","slug":"derrota-no-congresso-agrava-dificuldade-eleitoral-de-lula-para-2026","status":"publish","type":"post","link":"https:\/\/blogopara.com.br\/index.php\/2025\/06\/30\/derrota-no-congresso-agrava-dificuldade-eleitoral-de-lula-para-2026","title":{"rendered":"Derrota no Congresso agrava dificuldade eleitoral de Lula para 2026"},"content":{"rendered":"<div class=\"flexivel-interno\">\n<div class=\"fb-like fb_iframe_widget\" data-href=\"https:\/\/politicalivre.com.br\/2025\/06\/derrota-no-congresso-agrava-dificuldade-eleitoral-de-lula-para-2026\/\" data-width=\"\" data-layout=\"button_count\" data-action=\"like\" data-size=\"small\" data-show-faces=\"true\" data-share=\"false\"><span style=\"font-size: 1rem;\">A derrota do governo no Congresso, na semana passada, com a derrubada dos decretos que aumentariam as al\u00edquotas do IOF (Imposto sobre Opera\u00e7\u00f5es Financeiras), indica um cen\u00e1rio de dificuldade para o presidente Lula (PT) nas elei\u00e7\u00f5es de 2026, afirmam cientistas pol\u00edticos. Al\u00e9m de simbolizar o enfraquecimento pol\u00edtico do governo, o epis\u00f3dio suscita um questionamento sobre a capacidade que Lula ter\u00e1 para conquistar apoio entre os congressistas na disputa pela reelei\u00e7\u00e3o.<\/span><\/div>\n<\/div>\n<p>O caso do IOF se soma a uma s\u00e9rie de reveses da gest\u00e3o petista, ao longo do ano, na rela\u00e7\u00e3o com o Congresso e inaugura parceria entre o presidente do Senado, Davi Alcolumbre (Uni\u00e3o Brasil-AP), e o presidente da C\u00e2mara dos Deputados, Hugo Motta (Republicanos-PB), em uma articula\u00e7\u00e3o contra o Planalto.<\/p>\n<p>Na C\u00e2mara, o projeto que susta os decretos foi aprovado com 383 votos favor\u00e1veis e 98 contr\u00e1rios na quarta-feira (25). J\u00e1 no Senado, a aprova\u00e7\u00e3o foi simb\u00f3lica e n\u00e3o houve nem contagem de votos. Foi a primeira vez, desde o governo Fernando Collor, nos anos 1990, que um decreto presidencial foi derrubado pelo Legislativo.<\/p>\n<p>\u201cA falta de articula\u00e7\u00e3o pol\u00edtica do governo ter\u00e1 consequ\u00eancias dram\u00e1ticas para Lula nas elei\u00e7\u00f5es do ano que vem\u201d, diz Beatriz Rey, professora de ci\u00eancias pol\u00edticas da USP (Universidade de S\u00e3o Paulo). \u201cA derrubada dos decretos do IOF mostra que os partidos est\u00e3o afastados do governo, o que redundar\u00e1 em perda ou aus\u00eancia de apoio em ano eleitoral.\u201d<\/p>\n<p>A rec\u00edproca \u00e9 verdadeira, diz ela. A pesquisadora conta que Lula parece mais preocupado em ter um legado internacional do que em viabilizar a aprova\u00e7\u00e3o de pautas mais candentes. Ela afirma ainda que a rela\u00e7\u00e3o do governo com as Casas est\u00e1 inst\u00e1vel nas tr\u00eas frentes que a caracteriza: a gest\u00e3o da coaliz\u00e3o, a articula\u00e7\u00e3o entre os atores pol\u00edticos e a falta de abertura do Congresso para dialogar.<\/p>\n<p>Afinal, deputados e senadores se veem diante de um governo com problemas de popularidade. Pesquisa Datafolha mostrou, neste m\u00eas, que Lula \u00e9 desaprovado por 40% do eleitorado, mantendo o pior patamar de seus tr\u00eas mandatos. Apenas 28% o aprovam, o que denota a interrup\u00e7\u00e3o de um movimento de retomada da popularidade.<\/p>\n<p>Na vis\u00e3o de Rey, \u00e9 tamb\u00e9m dif\u00edcil identificar a base do governo. Em tese, 16 dos 19 partidos suplantariam a coaliz\u00e3o, mas a realidade \u00e9 bem diferente. Cinco dessas siglas s\u00e3o de centro-direita \u2014Uni\u00e3o Brasil, PSD, MDB, Republicanos e PP\u2014 e preferem o nome do governador de S\u00e3o Paulo, Tarc\u00edsio de Freitas (Republicanos), para as pr\u00f3ximas elei\u00e7\u00f5es. N\u00e3o por outro motivo, o governo tem acumulado derrotas no Congresso.<\/p>\n<p>Entre abril e maio, Lula sofreu oito reveses vindos de sua base, entres os quais o rompimento com integrantes do PDT e a aprova\u00e7\u00e3o, na C\u00e2mara, de um projeto que visava suspender a a\u00e7\u00e3o da trama golpista no STF (Supremo Tribunal Federal).<\/p>\n<p>Em fevereiro, Lula fez troca na equipe de articula\u00e7\u00e3o pol\u00edtica: o ministro Alexandre Padilha (PT) deixou a Secretaria das Rela\u00e7\u00f5es Institucionais e deu lugar na fun\u00e7\u00e3o \u00e0 ent\u00e3o presidente do PT, Gleisi Hoffmann. As dificuldades persistiram.<\/p>\n<p>Professor de ci\u00eancias pol\u00edticas da FGV, Marco Antonio Teixeira diz que o cen\u00e1rio de insatisfa\u00e7\u00e3o do Congresso com Lula se d\u00e1 com a reforma ministerial ainda n\u00e3o conclu\u00edda e a press\u00e3o por mais emendas.<\/p>\n<p>Inclusive, diz Teixeira, ter um minist\u00e9rio deixou de ser t\u00e3o vantajoso assim, com a possibilidade do parlamentar transferir recursos para a base eleitoral. A falta de popularidade tamb\u00e9m contribui para espantar os aliados. \u201cO problema \u00e9 a falta de articula\u00e7\u00e3o pol\u00edtica combinada \u00e0 voracidade por emendas. O efeito \u00e9 devastador\u201d, afirma ele.<\/p>\n<p>\u201cLula vai chegar a 2026 com os aliados que sempre estiveram com ele, e a tal frente ampla n\u00e3o vai se repetir.\u201d Teixeira conta que o caso do IOF sacramentou a piora da rela\u00e7\u00e3o do Executivo com o Legislativo. No in\u00edcio do ano, Rodrigo Pacheco (PSD-MG) deixou o cargo de presidente do Senado tendo uma rela\u00e7\u00e3o pr\u00f3xima com Lula, chegando a fazer elogios em p\u00fablico para o mandat\u00e1rio, pela san\u00e7\u00e3o do projeto de renegocia\u00e7\u00e3o da d\u00edvida dos estados.<\/p>\n<p>J\u00e1 a rela\u00e7\u00e3o do chefe do Executivo com Arthur Lira (PP-AL), na condi\u00e7\u00e3o de presidente da C\u00e2mara, foi permeada por desconfian\u00e7a. Contudo, afirma Teixeira, acordos eram cumpridos, o que n\u00e3o ocorreu no caso do IOF. \u201cA sa\u00edda \u00e9 o pr\u00f3prio presidente assumir o papel de articular, porque todos os outros falharam.\u201d<\/p>\n<p>&nbsp;<\/p>\n<p><span class=\"assinatura_exclusiva\">Gustavo Zeitel\/Folhapress<\/span><\/p>\n","protected":false},"excerpt":{"rendered":"<p>A derrota do governo no Congresso, na semana passada, com a derrubada dos decretos que aumentariam as al\u00edquotas do IOF (Imposto sobre Opera\u00e7\u00f5es Financeiras), indica um cen\u00e1rio de dificuldade para o presidente Lula (PT) nas elei\u00e7\u00f5es de 2026, afirmam cientistas pol\u00edticos. Al\u00e9m de simbolizar o enfraquecimento pol\u00edtico do governo, o epis\u00f3dio suscita um questionamento sobre [&hellip;]<\/p>\n","protected":false},"author":1,"featured_media":48730,"comment_status":"open","ping_status":"open","sticky":false,"template":"","format":"standard","meta":{"_uag_custom_page_level_css":"","_monsterinsights_skip_tracking":false,"_monsterinsights_sitenote_active":false,"_monsterinsights_sitenote_note":"","_monsterinsights_sitenote_category":0,"jetpack_post_was_ever_published":false,"_jetpack_newsletter_access":"","_jetpack_dont_email_post_to_subs":false,"_jetpack_newsletter_tier_id":0,"_jetpack_memberships_contains_paywalled_content":false,"_jetpack_memberships_contains_paid_content":false,"footnotes":"","jetpack_publicize_message":"","jetpack_publicize_feature_enabled":true,"jetpack_social_post_already_shared":true,"jetpack_social_options":{"image_generator_settings":{"template":"highway","default_image_id":0,"font":"","enabled":false},"version":2}},"categories":[200,197],"tags":[],"class_list":["post-77203","post","type-post","status-publish","format-standard","has-post-thumbnail","hentry","category-brasil","category-politica"],"jetpack_publicize_connections":[],"jetpack_featured_media_url":"https:\/\/blogopara.com.br\/wp-content\/uploads\/2023\/01\/1024px-2022-convencao-nacional-do-psb-lula-500x333-1.jpg","uagb_featured_image_src":{"full":["https:\/\/blogopara.com.br\/wp-content\/uploads\/2023\/01\/1024px-2022-convencao-nacional-do-psb-lula-500x333-1.jpg",500,333,false],"thumbnail":["https:\/\/blogopara.com.br\/wp-content\/uploads\/2023\/01\/1024px-2022-convencao-nacional-do-psb-lula-500x333-1-150x150.jpg",150,150,true],"medium":["https:\/\/blogopara.com.br\/wp-content\/uploads\/2023\/01\/1024px-2022-convencao-nacional-do-psb-lula-500x333-1-300x200.jpg",300,200,true],"medium_large":["https:\/\/blogopara.com.br\/wp-content\/uploads\/2023\/01\/1024px-2022-convencao-nacional-do-psb-lula-500x333-1.jpg",500,333,false],"large":["https:\/\/blogopara.com.br\/wp-content\/uploads\/2023\/01\/1024px-2022-convencao-nacional-do-psb-lula-500x333-1.jpg",500,333,false],"1536x1536":["https:\/\/blogopara.com.br\/wp-content\/uploads\/2023\/01\/1024px-2022-convencao-nacional-do-psb-lula-500x333-1.jpg",500,333,false],"2048x2048":["https:\/\/blogopara.com.br\/wp-content\/uploads\/2023\/01\/1024px-2022-convencao-nacional-do-psb-lula-500x333-1.jpg",500,333,false],"mantranews-slider-large":["https:\/\/blogopara.com.br\/wp-content\/uploads\/2023\/01\/1024px-2022-convencao-nacional-do-psb-lula-500x333-1.jpg",500,333,false],"mantranews-featured-medium":["https:\/\/blogopara.com.br\/wp-content\/uploads\/2023\/01\/1024px-2022-convencao-nacional-do-psb-lula-500x333-1-420x307.jpg",420,307,true],"mantranews-featured-long":["https:\/\/blogopara.com.br\/wp-content\/uploads\/2023\/01\/1024px-2022-convencao-nacional-do-psb-lula-500x333-1-300x333.jpg",300,333,true],"mantranews-block-medium":["https:\/\/blogopara.com.br\/wp-content\/uploads\/2023\/01\/1024px-2022-convencao-nacional-do-psb-lula-500x333-1-464x290.jpg",464,290,true],"mantranews-carousel-image":["https:\/\/blogopara.com.br\/wp-content\/uploads\/2023\/01\/1024px-2022-convencao-nacional-do-psb-lula-500x333-1.jpg",500,333,false],"mantranews-block-thumb":["https:\/\/blogopara.com.br\/wp-content\/uploads\/2023\/01\/1024px-2022-convencao-nacional-do-psb-lula-500x333-1-322x230.jpg",322,230,true],"mantranews-single-large":["https:\/\/blogopara.com.br\/wp-content\/uploads\/2023\/01\/1024px-2022-convencao-nacional-do-psb-lula-500x333-1.jpg",500,333,false]},"uagb_author_info":{"display_name":"Reda\u00e7\u00e3o geral","author_link":"https:\/\/blogopara.com.br\/index.php\/author\/blogopara"},"uagb_comment_info":0,"uagb_excerpt":"A derrota do governo no Congresso, na semana passada, com a derrubada dos decretos que aumentariam as al\u00edquotas do IOF (Imposto sobre Opera\u00e7\u00f5es Financeiras), indica um cen\u00e1rio de dificuldade para o presidente Lula (PT) nas elei\u00e7\u00f5es de 2026, afirmam cientistas pol\u00edticos. Al\u00e9m de simbolizar o enfraquecimento pol\u00edtico do governo, o epis\u00f3dio suscita um questionamento sobre&hellip;","jetpack_sharing_enabled":true,"jetpack_likes_enabled":true,"_links":{"self":[{"href":"https:\/\/blogopara.com.br\/index.php\/wp-json\/wp\/v2\/posts\/77203","targetHints":{"allow":["GET"]}}],"collection":[{"href":"https:\/\/blogopara.com.br\/index.php\/wp-json\/wp\/v2\/posts"}],"about":[{"href":"https:\/\/blogopara.com.br\/index.php\/wp-json\/wp\/v2\/types\/post"}],"author":[{"embeddable":true,"href":"https:\/\/blogopara.com.br\/index.php\/wp-json\/wp\/v2\/users\/1"}],"replies":[{"embeddable":true,"href":"https:\/\/blogopara.com.br\/index.php\/wp-json\/wp\/v2\/comments?post=77203"}],"version-history":[{"count":3,"href":"https:\/\/blogopara.com.br\/index.php\/wp-json\/wp\/v2\/posts\/77203\/revisions"}],"predecessor-version":[{"id":77208,"href":"https:\/\/blogopara.com.br\/index.php\/wp-json\/wp\/v2\/posts\/77203\/revisions\/77208"}],"wp:featuredmedia":[{"embeddable":true,"href":"https:\/\/blogopara.com.br\/index.php\/wp-json\/wp\/v2\/media\/48730"}],"wp:attachment":[{"href":"https:\/\/blogopara.com.br\/index.php\/wp-json\/wp\/v2\/media?parent=77203"}],"wp:term":[{"taxonomy":"category","embeddable":true,"href":"https:\/\/blogopara.com.br\/index.php\/wp-json\/wp\/v2\/categories?post=77203"},{"taxonomy":"post_tag","embeddable":true,"href":"https:\/\/blogopara.com.br\/index.php\/wp-json\/wp\/v2\/tags?post=77203"}],"curies":[{"name":"wp","href":"https:\/\/api.w.org\/{rel}","templated":true}]}}