{"id":77284,"date":"2025-07-02T17:08:14","date_gmt":"2025-07-02T20:08:14","guid":{"rendered":"https:\/\/blogopara.com.br\/?p=77284"},"modified":"2025-07-02T17:08:14","modified_gmt":"2025-07-02T20:08:14","slug":"feira-de-produtos-didaticos-e-novo-edital-de-doutorado-fortalecem-parceria-entre-seduc-juazeiro-e-upe","status":"publish","type":"post","link":"https:\/\/blogopara.com.br\/index.php\/2025\/07\/02\/feira-de-produtos-didaticos-e-novo-edital-de-doutorado-fortalecem-parceria-entre-seduc-juazeiro-e-upe","title":{"rendered":"Feira de Produtos Did\u00e1ticos e novo edital de doutorado fortalecem parceria entre SEDUC Juazeiro e UPE"},"content":{"rendered":"<p>Professores, coordenadores pedag\u00f3gicos e gestores da rede p\u00fablica de Juazeiro est\u00e3o convidados a participar da Feira de Produtos Did\u00e1ticos, que ser\u00e1 realizada no dia 3 de julho, das 14h \u00e0s 17h, na Escola de Forma\u00e7\u00e3o da SEDUC (bairro S\u00e3o Geraldo, pr\u00f3ximo \u00e0 UNEB). A atividade faz parte da programa\u00e7\u00e3o do IV Congresso Interdisciplinar em Educa\u00e7\u00e3o, Sa\u00fade e Meio Ambiente (CIESA) promovido pelo Programa de P\u00f3s-Gradua\u00e7\u00e3o em Forma\u00e7\u00e3o de Professores e Pr\u00e1ticas Interdisciplinares (PPGFPPI), da Universidade de Pernambuco (UPE), em parceria com a Secretaria de Educa\u00e7\u00e3o. Nos demais dias do evento (2 e 4 de julho), as atividades acontecer\u00e3o na UPE.<\/p>\n<p>Durante a feira, egressos do PPGFPPI apresentar\u00e3o materiais pedag\u00f3gicos desenvolvidos a partir de suas pesquisas, como cartilhas, podcasts, sequ\u00eancias did\u00e1ticas, e-books, guias educacionais e propostas de forma\u00e7\u00e3o. Os produtos, criativos e pr\u00e1ticos, foram pensados para aplica\u00e7\u00e3o direta em sala de aula, trazendo contribui\u00e7\u00f5es significativas ao trabalho docente e \u00e0 aprendizagem dos estudantes.<\/p>\n<p>Outra novidade importante \u00e9 o lan\u00e7amento do edital de sele\u00e7\u00e3o para o curso de doutorado profissional, com ingresso em 2026.1. As inscri\u00e7\u00f5es estar\u00e3o abertas entre os dias 1\u00ba de julho e 1\u00ba de agosto de 2025, pelo site https:\/\/ppgfppi.upe.br. Um dos destaques deste ano \u00e9 o aumento expressivo no n\u00famero de vagas ofertadas para educadores da rede municipal: o que antes era apenas uma vaga para o doutorado agora passou para tr\u00eas. Tamb\u00e9m est\u00e1 previsto um crescimento no n\u00famero de vagas para o mestrado, que ser\u00e3o lan\u00e7adas ainda este ano, ampliando o acesso \u00e0 forma\u00e7\u00e3o stricto sensu dos profissionais da educa\u00e7\u00e3o b\u00e1sica.<\/p>\n<p>Essas a\u00e7\u00f5es fazem parte do conv\u00eanio firmado entre a SEDUC Juazeiro e a UPE, que garante espa\u00e7o e p\u00fablico para essas iniciativas. O fortalecimento dessa parceria reflete o empenho da gest\u00e3o municipal com a valoriza\u00e7\u00e3o dos educadores, promovendo acesso qualificado \u00e0 p\u00f3s-gradua\u00e7\u00e3o e ao desenvolvimento de pr\u00e1ticas inovadoras nas escolas da rede.<\/p>\n<p>___<\/p>\n<p>Texto: Lucas Oliveira \u2013 Ascom\/PMJ<\/p>\n","protected":false},"excerpt":{"rendered":"<p>Professores, coordenadores pedag\u00f3gicos e gestores da rede p\u00fablica de Juazeiro est\u00e3o convidados a participar da Feira de Produtos Did\u00e1ticos, que ser\u00e1 realizada no dia 3 de julho, das 14h \u00e0s 17h, na Escola de Forma\u00e7\u00e3o da SEDUC (bairro S\u00e3o Geraldo, pr\u00f3ximo \u00e0 UNEB). A atividade faz parte da programa\u00e7\u00e3o do IV Congresso Interdisciplinar em Educa\u00e7\u00e3o, [&hellip;]<\/p>\n","protected":false},"author":1,"featured_media":77287,"comment_status":"open","ping_status":"open","sticky":false,"template":"","format":"standard","meta":{"_uag_custom_page_level_css":"","_monsterinsights_skip_tracking":false,"_monsterinsights_sitenote_active":false,"_monsterinsights_sitenote_note":"","_monsterinsights_sitenote_category":0,"jetpack_post_was_ever_published":false,"_jetpack_newsletter_access":"","_jetpack_dont_email_post_to_subs":false,"_jetpack_newsletter_tier_id":0,"_jetpack_memberships_contains_paywalled_content":false,"_jetpack_memberships_contains_paid_content":false,"footnotes":"","jetpack_publicize_message":"","jetpack_publicize_feature_enabled":true,"jetpack_social_post_already_shared":true,"jetpack_social_options":{"image_generator_settings":{"template":"highway","default_image_id":0,"font":"","enabled":false},"version":2}},"categories":[203],"tags":[],"class_list":["post-77284","post","type-post","status-publish","format-standard","has-post-thumbnail","hentry","category-juazeiro"],"jetpack_publicize_connections":[],"jetpack_featured_media_url":"https:\/\/blogopara.com.br\/wp-content\/uploads\/2025\/07\/WhatsApp-Image-2025-06-27-at-14.32.40-1-300x300-1.jpeg","uagb_featured_image_src":{"full":["https:\/\/blogopara.com.br\/wp-content\/uploads\/2025\/07\/WhatsApp-Image-2025-06-27-at-14.32.40-1-300x300-1.jpeg",420,420,false],"thumbnail":["https:\/\/blogopara.com.br\/wp-content\/uploads\/2025\/07\/WhatsApp-Image-2025-06-27-at-14.32.40-1-300x300-1-150x150.jpeg",150,150,true],"medium":["https:\/\/blogopara.com.br\/wp-content\/uploads\/2025\/07\/WhatsApp-Image-2025-06-27-at-14.32.40-1-300x300-1-300x300.jpeg",300,300,true],"medium_large":["https:\/\/blogopara.com.br\/wp-content\/uploads\/2025\/07\/WhatsApp-Image-2025-06-27-at-14.32.40-1-300x300-1.jpeg",420,420,false],"large":["https:\/\/blogopara.com.br\/wp-content\/uploads\/2025\/07\/WhatsApp-Image-2025-06-27-at-14.32.40-1-300x300-1.jpeg",420,420,false],"1536x1536":["https:\/\/blogopara.com.br\/wp-content\/uploads\/2025\/07\/WhatsApp-Image-2025-06-27-at-14.32.40-1-300x300-1.jpeg",420,420,false],"2048x2048":["https:\/\/blogopara.com.br\/wp-content\/uploads\/2025\/07\/WhatsApp-Image-2025-06-27-at-14.32.40-1-300x300-1.jpeg",420,420,false],"mantranews-slider-large":["https:\/\/blogopara.com.br\/wp-content\/uploads\/2025\/07\/WhatsApp-Image-2025-06-27-at-14.32.40-1-300x300-1.jpeg",420,420,false],"mantranews-featured-medium":["https:\/\/blogopara.com.br\/wp-content\/uploads\/2025\/07\/WhatsApp-Image-2025-06-27-at-14.32.40-1-300x300-1-420x307.jpeg",420,307,true],"mantranews-featured-long":["https:\/\/blogopara.com.br\/wp-content\/uploads\/2025\/07\/WhatsApp-Image-2025-06-27-at-14.32.40-1-300x300-1-300x420.jpeg",300,420,true],"mantranews-block-medium":["https:\/\/blogopara.com.br\/wp-content\/uploads\/2025\/07\/WhatsApp-Image-2025-06-27-at-14.32.40-1-300x300-1-420x290.jpeg",420,290,true],"mantranews-carousel-image":["https:\/\/blogopara.com.br\/wp-content\/uploads\/2025\/07\/WhatsApp-Image-2025-06-27-at-14.32.40-1-300x300-1.jpeg",420,420,false],"mantranews-block-thumb":["https:\/\/blogopara.com.br\/wp-content\/uploads\/2025\/07\/WhatsApp-Image-2025-06-27-at-14.32.40-1-300x300-1-322x230.jpeg",322,230,true],"mantranews-single-large":["https:\/\/blogopara.com.br\/wp-content\/uploads\/2025\/07\/WhatsApp-Image-2025-06-27-at-14.32.40-1-300x300-1.jpeg",420,420,false]},"uagb_author_info":{"display_name":"Reda\u00e7\u00e3o geral","author_link":"https:\/\/blogopara.com.br\/index.php\/author\/blogopara"},"uagb_comment_info":0,"uagb_excerpt":"Professores, coordenadores pedag\u00f3gicos e gestores da rede p\u00fablica de Juazeiro est\u00e3o convidados a participar da Feira de Produtos Did\u00e1ticos, que ser\u00e1 realizada no dia 3 de julho, das 14h \u00e0s 17h, na Escola de Forma\u00e7\u00e3o da SEDUC (bairro S\u00e3o Geraldo, pr\u00f3ximo \u00e0 UNEB). A atividade faz parte da programa\u00e7\u00e3o do IV Congresso Interdisciplinar em Educa\u00e7\u00e3o,&hellip;","jetpack_sharing_enabled":true,"jetpack_likes_enabled":true,"_links":{"self":[{"href":"https:\/\/blogopara.com.br\/index.php\/wp-json\/wp\/v2\/posts\/77284","targetHints":{"allow":["GET"]}}],"collection":[{"href":"https:\/\/blogopara.com.br\/index.php\/wp-json\/wp\/v2\/posts"}],"about":[{"href":"https:\/\/blogopara.com.br\/index.php\/wp-json\/wp\/v2\/types\/post"}],"author":[{"embeddable":true,"href":"https:\/\/blogopara.com.br\/index.php\/wp-json\/wp\/v2\/users\/1"}],"replies":[{"embeddable":true,"href":"https:\/\/blogopara.com.br\/index.php\/wp-json\/wp\/v2\/comments?post=77284"}],"version-history":[{"count":1,"href":"https:\/\/blogopara.com.br\/index.php\/wp-json\/wp\/v2\/posts\/77284\/revisions"}],"predecessor-version":[{"id":77288,"href":"https:\/\/blogopara.com.br\/index.php\/wp-json\/wp\/v2\/posts\/77284\/revisions\/77288"}],"wp:featuredmedia":[{"embeddable":true,"href":"https:\/\/blogopara.com.br\/index.php\/wp-json\/wp\/v2\/media\/77287"}],"wp:attachment":[{"href":"https:\/\/blogopara.com.br\/index.php\/wp-json\/wp\/v2\/media?parent=77284"}],"wp:term":[{"taxonomy":"category","embeddable":true,"href":"https:\/\/blogopara.com.br\/index.php\/wp-json\/wp\/v2\/categories?post=77284"},{"taxonomy":"post_tag","embeddable":true,"href":"https:\/\/blogopara.com.br\/index.php\/wp-json\/wp\/v2\/tags?post=77284"}],"curies":[{"name":"wp","href":"https:\/\/api.w.org\/{rel}","templated":true}]}}