{"id":77301,"date":"2025-07-03T13:41:07","date_gmt":"2025-07-03T16:41:07","guid":{"rendered":"https:\/\/blogopara.com.br\/?p=77301"},"modified":"2025-07-03T13:41:07","modified_gmt":"2025-07-03T16:41:07","slug":"condenados-por-matar-policiais-e-agentes-publicos-cumprirao-80-da-pena-em-regime-fechado","status":"publish","type":"post","link":"https:\/\/blogopara.com.br\/index.php\/2025\/07\/03\/condenados-por-matar-policiais-e-agentes-publicos-cumprirao-80-da-pena-em-regime-fechado","title":{"rendered":"Condenados por matar policiais e agentes p\u00fablicos cumprir\u00e3o 80% da pena em regime fechado"},"content":{"rendered":"<div class=\"td_block_wrap tdb_title tdi_63 tdb-single-title td-pb-border-top td_block_template_1\" data-td-block-uid=\"tdi_63\">\n<div class=\"tdb-block-inner td-fix-index\">\n<p>A C\u00e2mara dos Deputados aprovou hoje (2) por 334 votos favor\u00e1veis e 65 contr\u00e1rios o projeto de Lei (PL) 1112\/23 que aumenta, de 50% para 80% o m\u00ednimo de cumprimento de pena no regime fechado para progress\u00e3o ao semiaberto de condenados por crime de homic\u00eddio contra agentes de seguran\u00e7a p\u00fablica \u2013 como policiais, membros do Poder Judici\u00e1rio, Minist\u00e9rio P\u00fablico, da Defensoria P\u00fablica ou da Advocacia P\u00fablica, no exerc\u00edcio da fun\u00e7\u00e3o ou em decorr\u00eancia dela. O texto segue para an\u00e1lise do Senado.<\/p>\n<p>Para o autor do projeto, deputado Alfredo Gaspar (Uni\u00e3o-AL) a iniciativa visa \u201cdificultar a progress\u00e3o de regime quando os criminosos forem condenados por homic\u00eddio contra autoridades p\u00fablicas, tendo em vista a especial gravidade dos delitos\u201d.<\/p>\n<p>Na avalia\u00e7\u00e3o do deputado, os \u201ccondenados por crimes t\u00e3o graves devem ter crit\u00e9rios mais r\u00edgidos para a progress\u00e3o de regime, ficando mais tempo presos e desestimulando a pr\u00e1tica de delitos contra o aparelho estatal\u201d.<\/p>\n<p>Al\u00e9m do projeto, os deputado aprovaram a urg\u00eancia para a vota\u00e7\u00e3o do Projeto de Lei Complementar 41\/19, do Senado, que prev\u00ea avalia\u00e7\u00e3o peri\u00f3dica sobre o impacto de incentivos fiscais concedidos pela Uni\u00e3o para empresas.<\/p>\n<p>Com a aprova\u00e7\u00e3o da urg\u00eancia, o projeto poder\u00e1 ser votado em plen\u00e1rio sem passar antes pelas comiss\u00f5es da C\u00e2mara.<\/p>\n<div><\/div>\n<\/div>\n<\/div>\n<div class=\"td_block_wrap tdb_single_author tdi_65 td-pb-border-top td_block_template_1 tdb-post-meta\" data-td-block-uid=\"tdi_65\">\n<div class=\"tdb-block-inner td-fix-index\">\n<div class=\"tdb-author-name-wrap\"><\/div>\n<\/div>\n<\/div>\n","protected":false},"excerpt":{"rendered":"<p>A C\u00e2mara dos Deputados aprovou hoje (2) por 334 votos favor\u00e1veis e 65 contr\u00e1rios o projeto de Lei (PL) 1112\/23 que aumenta, de 50% para 80% o m\u00ednimo de cumprimento de pena no regime fechado para progress\u00e3o ao semiaberto de condenados por crime de homic\u00eddio contra agentes de seguran\u00e7a p\u00fablica \u2013 como policiais, membros do [&hellip;]<\/p>\n","protected":false},"author":1,"featured_media":77302,"comment_status":"open","ping_status":"open","sticky":false,"template":"","format":"standard","meta":{"_uag_custom_page_level_css":"","_monsterinsights_skip_tracking":false,"_monsterinsights_sitenote_active":false,"_monsterinsights_sitenote_note":"","_monsterinsights_sitenote_category":0,"jetpack_post_was_ever_published":false,"_jetpack_newsletter_access":"","_jetpack_dont_email_post_to_subs":false,"_jetpack_newsletter_tier_id":0,"_jetpack_memberships_contains_paywalled_content":false,"_jetpack_memberships_contains_paid_content":false,"footnotes":"","jetpack_publicize_message":"","jetpack_publicize_feature_enabled":true,"jetpack_social_post_already_shared":true,"jetpack_social_options":{"image_generator_settings":{"template":"highway","default_image_id":0,"font":"","enabled":false},"version":2}},"categories":[200,202],"tags":[],"class_list":["post-77301","post","type-post","status-publish","format-standard","has-post-thumbnail","hentry","category-brasil","category-policia"],"jetpack_publicize_connections":[],"jetpack_featured_media_url":"https:\/\/blogopara.com.br\/wp-content\/uploads\/2025\/07\/99549830_hi043945967.jpg","uagb_featured_image_src":{"full":["https:\/\/blogopara.com.br\/wp-content\/uploads\/2025\/07\/99549830_hi043945967.jpg",500,281,false],"thumbnail":["https:\/\/blogopara.com.br\/wp-content\/uploads\/2025\/07\/99549830_hi043945967-150x150.jpg",150,150,true],"medium":["https:\/\/blogopara.com.br\/wp-content\/uploads\/2025\/07\/99549830_hi043945967-300x169.jpg",300,169,true],"medium_large":["https:\/\/blogopara.com.br\/wp-content\/uploads\/2025\/07\/99549830_hi043945967.jpg",500,281,false],"large":["https:\/\/blogopara.com.br\/wp-content\/uploads\/2025\/07\/99549830_hi043945967.jpg",500,281,false],"1536x1536":["https:\/\/blogopara.com.br\/wp-content\/uploads\/2025\/07\/99549830_hi043945967.jpg",500,281,false],"2048x2048":["https:\/\/blogopara.com.br\/wp-content\/uploads\/2025\/07\/99549830_hi043945967.jpg",500,281,false],"mantranews-slider-large":["https:\/\/blogopara.com.br\/wp-content\/uploads\/2025\/07\/99549830_hi043945967.jpg",500,281,false],"mantranews-featured-medium":["https:\/\/blogopara.com.br\/wp-content\/uploads\/2025\/07\/99549830_hi043945967-420x281.jpg",420,281,true],"mantranews-featured-long":["https:\/\/blogopara.com.br\/wp-content\/uploads\/2025\/07\/99549830_hi043945967-300x281.jpg",300,281,true],"mantranews-block-medium":["https:\/\/blogopara.com.br\/wp-content\/uploads\/2025\/07\/99549830_hi043945967-464x281.jpg",464,281,true],"mantranews-carousel-image":["https:\/\/blogopara.com.br\/wp-content\/uploads\/2025\/07\/99549830_hi043945967.jpg",500,281,false],"mantranews-block-thumb":["https:\/\/blogopara.com.br\/wp-content\/uploads\/2025\/07\/99549830_hi043945967-322x230.jpg",322,230,true],"mantranews-single-large":["https:\/\/blogopara.com.br\/wp-content\/uploads\/2025\/07\/99549830_hi043945967.jpg",500,281,false]},"uagb_author_info":{"display_name":"Reda\u00e7\u00e3o geral","author_link":"https:\/\/blogopara.com.br\/index.php\/author\/blogopara"},"uagb_comment_info":0,"uagb_excerpt":"A C\u00e2mara dos Deputados aprovou hoje (2) por 334 votos favor\u00e1veis e 65 contr\u00e1rios o projeto de Lei (PL) 1112\/23 que aumenta, de 50% para 80% o m\u00ednimo de cumprimento de pena no regime fechado para progress\u00e3o ao semiaberto de condenados por crime de homic\u00eddio contra agentes de seguran\u00e7a p\u00fablica \u2013 como policiais, membros do&hellip;","jetpack_sharing_enabled":true,"jetpack_likes_enabled":true,"_links":{"self":[{"href":"https:\/\/blogopara.com.br\/index.php\/wp-json\/wp\/v2\/posts\/77301","targetHints":{"allow":["GET"]}}],"collection":[{"href":"https:\/\/blogopara.com.br\/index.php\/wp-json\/wp\/v2\/posts"}],"about":[{"href":"https:\/\/blogopara.com.br\/index.php\/wp-json\/wp\/v2\/types\/post"}],"author":[{"embeddable":true,"href":"https:\/\/blogopara.com.br\/index.php\/wp-json\/wp\/v2\/users\/1"}],"replies":[{"embeddable":true,"href":"https:\/\/blogopara.com.br\/index.php\/wp-json\/wp\/v2\/comments?post=77301"}],"version-history":[{"count":2,"href":"https:\/\/blogopara.com.br\/index.php\/wp-json\/wp\/v2\/posts\/77301\/revisions"}],"predecessor-version":[{"id":77304,"href":"https:\/\/blogopara.com.br\/index.php\/wp-json\/wp\/v2\/posts\/77301\/revisions\/77304"}],"wp:featuredmedia":[{"embeddable":true,"href":"https:\/\/blogopara.com.br\/index.php\/wp-json\/wp\/v2\/media\/77302"}],"wp:attachment":[{"href":"https:\/\/blogopara.com.br\/index.php\/wp-json\/wp\/v2\/media?parent=77301"}],"wp:term":[{"taxonomy":"category","embeddable":true,"href":"https:\/\/blogopara.com.br\/index.php\/wp-json\/wp\/v2\/categories?post=77301"},{"taxonomy":"post_tag","embeddable":true,"href":"https:\/\/blogopara.com.br\/index.php\/wp-json\/wp\/v2\/tags?post=77301"}],"curies":[{"name":"wp","href":"https:\/\/api.w.org\/{rel}","templated":true}]}}