{"id":77329,"date":"2025-07-04T12:37:16","date_gmt":"2025-07-04T15:37:16","guid":{"rendered":"https:\/\/blogopara.com.br\/?p=77329"},"modified":"2025-07-04T12:37:16","modified_gmt":"2025-07-04T15:37:16","slug":"cena-de-horror-video-mostra-dono-de-bar-famoso-e-funcionario-espancando-cliente","status":"publish","type":"post","link":"https:\/\/blogopara.com.br\/index.php\/2025\/07\/04\/cena-de-horror-video-mostra-dono-de-bar-famoso-e-funcionario-espancando-cliente","title":{"rendered":"Cena de horror: v\u00eddeo mostra dono de bar famoso e funcion\u00e1rio espancando cliente"},"content":{"rendered":"<div class=\"grid-column-container center\">\n<div class=\"flex flex-col w-full font-normal text-[18px] leading-[30px] text-tw-theme-text-default\">\n<p id=\"paragrafo-au3rxnt4d8\">Um cliente do Bartequim, estabelecimento famoso por oferecer rod\u00edzio de petiscos com open bar, no Rio de Janeiro, foi espancado na noite dessa quarta-feira (2) pelo dono do espa\u00e7o e por um funcion\u00e1rio. Imagens gravadas por um motoboy mostram imagens da porta bar, onde o propriet\u00e1rio grita: &#8220;quero ver se aqui tem homem para me encarar&#8221;. Em seguida, ele parte para cima de um jovem. Outro homem, que seria av\u00f4 do jovem, tenta conter o agressor e ele parte para cima, desferindo v\u00e1rios golpes contra o rosto da v\u00edtima. Mesmo ap\u00f3s o homem cair no ch\u00e3o, o dono do bar continua com a sequ\u00eancia de socos e um funcion\u00e1rio, que \u00e9 apontado como seguran\u00e7a do estabelecimento, come\u00e7a a chutar a cabe\u00e7a do homem, que permanece ca\u00eddo no ch\u00e3o.<\/p>\n<\/div>\n<div class=\"flex flex-col w-full font-normal text-[18px] leading-[30px] text-tw-theme-text-default\">\n<p id=\"paragrafo-vrh6s4g5t0\">Segundo o motoboy que filmou a cena, o homem usava aparelho auditivo e n\u00e3o conseguiu se defender. \u201cEle acertou na cara do coroa que foi defender o neto. O coroa aparentemente tem problema de audi\u00e7\u00e3o, porque ficou procurando o aparelho. N\u00e3o teve nem chance de reagir. A\u00ed veio o seguran\u00e7a, achei que ia apartar, mas tamb\u00e9m agrediu\u201d , relatou nas redes sociais. O Bartequim funciona na Rua Dias da Cruz, no biarro do M\u00e9ier, Zona Norte do Rio, e possui 106 mil seguidores no Instagram.<\/p>\n<\/div>\n<div class=\"flex flex-col w-full font-normal text-[18px] leading-[30px] text-tw-theme-text-default\">\n<p id=\"paragrafo-hegg89jrgs\">As imagens mostram populares tentando conter o agressor e socorrer a v\u00edtima. Motoboys que passavam pelo local prestaram os primeiros socorros, e uma ambul\u00e2ncia do Samu foi chamada. O homem foi atendido no local e submetido a exame de corpo de delito. A Pol\u00edcia Civil afirmou em nota que a ocorr\u00eancia foi registrada na 26\u00aa DP (Todos os Santos), que investiga o caso como les\u00e3o corporal. At\u00e9 agora, ningu\u00e9m foi preso.<\/p>\n<\/div>\n<div class=\"flex flex-col w-full font-normal text-[18px] leading-[30px] text-tw-theme-text-default\">\n<p id=\"paragrafo-nh4g7htf3o\">Ap\u00f3s a cena de horror viralizar nas redes sociais, o estabelecimento emitiu uma nota. &#8220;O Bartequim vem a p\u00fablico manifestar-se sobre os fatos ocorridos na noite de quarta-feira (2), que vem repercutindo nas redes sociais. Na ocasi\u00e3o, uma confus\u00e3o teve in\u00edcio dentro do estabelecimento, envolvendo clientes que estavam exaltados e situa\u00e7\u00f5es de agress\u00e3o verbal e f\u00edsica contra nossa equipe. Infelizmente, o epis\u00f3dio se estendeu para a \u00e1rea externa, culminando em cenas que n\u00e3o condizem com os valores e hist\u00f3ria do Bartequim&#8221;.<\/p>\n<\/div>\n<div class=\"flex flex-col w-full font-normal text-[18px] leading-[30px] text-tw-theme-text-default\">\n<p id=\"paragrafo-pa2xti4lw5\">No comunicado, informam ainda que lamentam profundamente por tudo o que ocorreu e os transtornos causados a todos os que presenciaram ou foram impactados pelas imagens que circulam. &#8220;Ressaltamos que sempre primamos pelo respeito, seguran\u00e7a e bom atendimento e estamos revisando nossos procedimentos internos para evitar que algo semelhante volte a acontecer. Reiteramos nosso compromisso com nossos clientes, colaboradores e com a comunidade do M\u00e9ier, que sempre nos acolheu&#8221;.<\/p>\n<\/div>\n<div class=\"flex flex-col w-full font-normal text-[18px] leading-[30px] text-tw-theme-text-default\">\n<p id=\"paragrafo-q3r1qjqblh\">Na rede social X, o lugar foi alvo de muitas cr\u00edticas. &#8220;Gente, que absurdo. Tomara que fechem essa merda&#8221;, reclama uma seguidora. Uma outra lamentou que queria conhecer o espa\u00e7o, mas depois do que viu, vai desistir da ideia. &#8220;J\u00e1 estava h\u00e1 meses querendo ir. N\u00e3o sei o que houve de verdade, mas perdi total a vontade. Que covardia&#8221;, lamentou. Outra pessoa que compartilhou o v\u00eddeo justificou que n\u00e3o gosto de repostar cenas violentas, mas que essa precisava ter alcance, para que as pessoas evitassem o lugar. &#8220;Que fiquem conhecidos para que ningu\u00e9m pise mais l\u00e1. Independente do motivo da briga, n\u00e3o justifica&#8221;.<\/p>\n<\/div>\n<\/div>\n","protected":false},"excerpt":{"rendered":"<p>Um cliente do Bartequim, estabelecimento famoso por oferecer rod\u00edzio de petiscos com open bar, no Rio de Janeiro, foi espancado na noite dessa quarta-feira (2) pelo dono do espa\u00e7o e por um funcion\u00e1rio. Imagens gravadas por um motoboy mostram imagens da porta bar, onde o propriet\u00e1rio grita: &#8220;quero ver se aqui tem homem para me [&hellip;]<\/p>\n","protected":false},"author":1,"featured_media":77330,"comment_status":"open","ping_status":"open","sticky":false,"template":"","format":"standard","meta":{"_uag_custom_page_level_css":"","_monsterinsights_skip_tracking":false,"_monsterinsights_sitenote_active":false,"_monsterinsights_sitenote_note":"","_monsterinsights_sitenote_category":0,"jetpack_post_was_ever_published":false,"_jetpack_newsletter_access":"","_jetpack_dont_email_post_to_subs":false,"_jetpack_newsletter_tier_id":0,"_jetpack_memberships_contains_paywalled_content":false,"_jetpack_memberships_contains_paid_content":false,"footnotes":"","jetpack_publicize_message":"","jetpack_publicize_feature_enabled":true,"jetpack_social_post_already_shared":true,"jetpack_social_options":{"image_generator_settings":{"template":"highway","default_image_id":0,"font":"","enabled":false},"version":2}},"categories":[200],"tags":[],"class_list":["post-77329","post","type-post","status-publish","format-standard","has-post-thumbnail","hentry","category-brasil"],"jetpack_publicize_connections":[],"jetpack_featured_media_url":"https:\/\/blogopara.com.br\/wp-content\/uploads\/2025\/07\/Capturar-6.jpg","uagb_featured_image_src":{"full":["https:\/\/blogopara.com.br\/wp-content\/uploads\/2025\/07\/Capturar-6.jpg",500,282,false],"thumbnail":["https:\/\/blogopara.com.br\/wp-content\/uploads\/2025\/07\/Capturar-6-150x150.jpg",150,150,true],"medium":["https:\/\/blogopara.com.br\/wp-content\/uploads\/2025\/07\/Capturar-6-300x169.jpg",300,169,true],"medium_large":["https:\/\/blogopara.com.br\/wp-content\/uploads\/2025\/07\/Capturar-6.jpg",500,282,false],"large":["https:\/\/blogopara.com.br\/wp-content\/uploads\/2025\/07\/Capturar-6.jpg",500,282,false],"1536x1536":["https:\/\/blogopara.com.br\/wp-content\/uploads\/2025\/07\/Capturar-6.jpg",500,282,false],"2048x2048":["https:\/\/blogopara.com.br\/wp-content\/uploads\/2025\/07\/Capturar-6.jpg",500,282,false],"mantranews-slider-large":["https:\/\/blogopara.com.br\/wp-content\/uploads\/2025\/07\/Capturar-6.jpg",500,282,false],"mantranews-featured-medium":["https:\/\/blogopara.com.br\/wp-content\/uploads\/2025\/07\/Capturar-6-420x282.jpg",420,282,true],"mantranews-featured-long":["https:\/\/blogopara.com.br\/wp-content\/uploads\/2025\/07\/Capturar-6-300x282.jpg",300,282,true],"mantranews-block-medium":["https:\/\/blogopara.com.br\/wp-content\/uploads\/2025\/07\/Capturar-6-464x282.jpg",464,282,true],"mantranews-carousel-image":["https:\/\/blogopara.com.br\/wp-content\/uploads\/2025\/07\/Capturar-6.jpg",500,282,false],"mantranews-block-thumb":["https:\/\/blogopara.com.br\/wp-content\/uploads\/2025\/07\/Capturar-6-322x230.jpg",322,230,true],"mantranews-single-large":["https:\/\/blogopara.com.br\/wp-content\/uploads\/2025\/07\/Capturar-6.jpg",500,282,false]},"uagb_author_info":{"display_name":"Reda\u00e7\u00e3o geral","author_link":"https:\/\/blogopara.com.br\/index.php\/author\/blogopara"},"uagb_comment_info":0,"uagb_excerpt":"Um cliente do Bartequim, estabelecimento famoso por oferecer rod\u00edzio de petiscos com open bar, no Rio de Janeiro, foi espancado na noite dessa quarta-feira (2) pelo dono do espa\u00e7o e por um funcion\u00e1rio. Imagens gravadas por um motoboy mostram imagens da porta bar, onde o propriet\u00e1rio grita: &#8220;quero ver se aqui tem homem para me&hellip;","jetpack_sharing_enabled":true,"jetpack_likes_enabled":true,"_links":{"self":[{"href":"https:\/\/blogopara.com.br\/index.php\/wp-json\/wp\/v2\/posts\/77329","targetHints":{"allow":["GET"]}}],"collection":[{"href":"https:\/\/blogopara.com.br\/index.php\/wp-json\/wp\/v2\/posts"}],"about":[{"href":"https:\/\/blogopara.com.br\/index.php\/wp-json\/wp\/v2\/types\/post"}],"author":[{"embeddable":true,"href":"https:\/\/blogopara.com.br\/index.php\/wp-json\/wp\/v2\/users\/1"}],"replies":[{"embeddable":true,"href":"https:\/\/blogopara.com.br\/index.php\/wp-json\/wp\/v2\/comments?post=77329"}],"version-history":[{"count":1,"href":"https:\/\/blogopara.com.br\/index.php\/wp-json\/wp\/v2\/posts\/77329\/revisions"}],"predecessor-version":[{"id":77331,"href":"https:\/\/blogopara.com.br\/index.php\/wp-json\/wp\/v2\/posts\/77329\/revisions\/77331"}],"wp:featuredmedia":[{"embeddable":true,"href":"https:\/\/blogopara.com.br\/index.php\/wp-json\/wp\/v2\/media\/77330"}],"wp:attachment":[{"href":"https:\/\/blogopara.com.br\/index.php\/wp-json\/wp\/v2\/media?parent=77329"}],"wp:term":[{"taxonomy":"category","embeddable":true,"href":"https:\/\/blogopara.com.br\/index.php\/wp-json\/wp\/v2\/categories?post=77329"},{"taxonomy":"post_tag","embeddable":true,"href":"https:\/\/blogopara.com.br\/index.php\/wp-json\/wp\/v2\/tags?post=77329"}],"curies":[{"name":"wp","href":"https:\/\/api.w.org\/{rel}","templated":true}]}}