{"id":77338,"date":"2025-07-04T13:02:36","date_gmt":"2025-07-04T16:02:36","guid":{"rendered":"https:\/\/blogopara.com.br\/?p=77338"},"modified":"2025-07-04T13:02:36","modified_gmt":"2025-07-04T16:02:36","slug":"univasf-sedia-oficina-preparatoria-para-o-13o-congresso-brasileiro-de-agroecologia","status":"publish","type":"post","link":"https:\/\/blogopara.com.br\/index.php\/2025\/07\/04\/univasf-sedia-oficina-preparatoria-para-o-13o-congresso-brasileiro-de-agroecologia","title":{"rendered":"Univasf sedia oficina preparat\u00f3ria para o 13\u00ba Congresso Brasileiro de Agroecologia"},"content":{"rendered":"<p>A Universidade Federal do Vale do S\u00e3o Francisco (Univasf)\u00a0 continua nesta sexta\u00a0(4), a 4\u00aa Oficina da Comiss\u00e3o Organizadora do 13\u00ba Congresso Brasileiro de Agroecologia (13\u00ba CBA), atividade que marca uma etapa fundamental na constru\u00e7\u00e3o coletiva do evento. O Congresso ser\u00e1 sediado pela primeira vez em Juazeiro (BA), com programa\u00e7\u00e3o central no campus da Univasf, entre os dias 15 e 18 de outubro de 2025.<\/p>\n<p>Realizada em dois espa\u00e7os simb\u00f3licos, o Campus Juazeiro da Univasf e a Ro\u00e7a do Instituto Regional da Pequena Agropecu\u00e1ria Apropriada (IRPAA), a oficina re\u00fane representantes de movimentos sociais, povos e comunidades tradicionais, estudantes, docentes, pesquisadores e demais parceiros da agroecologia da Bahia e de Pernambuco. O encontro tem como finalidade alinhar estrat\u00e9gias, pactuar a\u00e7\u00f5es e aprofundar o planejamento pol\u00edtico, metodol\u00f3gico e operacional do congresso.<\/p>\n<p>A programa\u00e7\u00e3o da oficina inclui pain\u00e9is tem\u00e1ticos, rodas de conversa, momentos culturais, al\u00e9m de encontros espec\u00edficos das comiss\u00f5es organizadoras. No primeiro dia (3), as atividades t\u00eam in\u00edcio com um caf\u00e9 coletivo de acolhida na Univasf, seguido de deslocamento para a sede do IRPAA, onde ocorrer\u00e3o as principais din\u00e2micas, incluindo a tradicional Noite Cultural. No segundo dia (4), os grupos se re\u00fanem para trabalho interno das comiss\u00f5es, plen\u00e1ria de encaminhamentos e caminhada guiada pelo territ\u00f3rio que abrigar\u00e1 o 13\u00ba CBA.<\/p>\n<p>O 13\u00ba Congresso Brasileiro de Agroecologia ter\u00e1 como tema \u201cAgroecologia, Conviv\u00eancia com os Territ\u00f3rios Brasileiros e Justi\u00e7a Clim\u00e1tica\u201d e dever\u00e1 reunir milhares de pessoas de todo o pa\u00eds em Juazeiro. A escolha da Univasf como sede do 13\u00ba CBA representa um marco para o Semi\u00e1rido brasileiro. Situada \u00e0s margens do rio S\u00e3o Francisco, a universidade reafirma seu compromisso com o fortalecimento de pr\u00e1ticas sustent\u00e1veis e com a valoriza\u00e7\u00e3o dos saberes territoriais, contribuindo diretamente para a consolida\u00e7\u00e3o da agroecologia como ci\u00eancia, pr\u00e1tica e movimento social.<\/p>\n<p>Mais informa\u00e7\u00f5es sobre o congresso e as formas de participa\u00e7\u00e3o est\u00e3o dispon\u00edveis no site oficial da ABA-Agroecologia.<br \/>\n&nbsp;<\/p>\n<p>Site Univasf<\/p>\n","protected":false},"excerpt":{"rendered":"<p>A Universidade Federal do Vale do S\u00e3o Francisco (Univasf)\u00a0 continua nesta sexta\u00a0(4), a 4\u00aa Oficina da Comiss\u00e3o Organizadora do 13\u00ba Congresso Brasileiro de Agroecologia (13\u00ba CBA), atividade que marca uma etapa fundamental na constru\u00e7\u00e3o coletiva do evento. O Congresso ser\u00e1 sediado pela primeira vez em Juazeiro (BA), com programa\u00e7\u00e3o central no campus da Univasf, entre [&hellip;]<\/p>\n","protected":false},"author":1,"featured_media":77339,"comment_status":"open","ping_status":"open","sticky":false,"template":"","format":"standard","meta":{"_uag_custom_page_level_css":"","_monsterinsights_skip_tracking":false,"_monsterinsights_sitenote_active":false,"_monsterinsights_sitenote_note":"","_monsterinsights_sitenote_category":0,"jetpack_post_was_ever_published":false,"_jetpack_newsletter_access":"","_jetpack_dont_email_post_to_subs":false,"_jetpack_newsletter_tier_id":0,"_jetpack_memberships_contains_paywalled_content":false,"_jetpack_memberships_contains_paid_content":false,"footnotes":"","jetpack_publicize_message":"","jetpack_publicize_feature_enabled":true,"jetpack_social_post_already_shared":true,"jetpack_social_options":{"image_generator_settings":{"template":"highway","default_image_id":0,"font":"","enabled":false},"version":2}},"categories":[209],"tags":[],"class_list":["post-77338","post","type-post","status-publish","format-standard","has-post-thumbnail","hentry","category-educacao"],"jetpack_publicize_connections":[],"jetpack_featured_media_url":"https:\/\/blogopara.com.br\/wp-content\/uploads\/2025\/07\/copy1.jpeg","uagb_featured_image_src":{"full":["https:\/\/blogopara.com.br\/wp-content\/uploads\/2025\/07\/copy1.jpeg",500,299,false],"thumbnail":["https:\/\/blogopara.com.br\/wp-content\/uploads\/2025\/07\/copy1-150x150.jpeg",150,150,true],"medium":["https:\/\/blogopara.com.br\/wp-content\/uploads\/2025\/07\/copy1-300x179.jpeg",300,179,true],"medium_large":["https:\/\/blogopara.com.br\/wp-content\/uploads\/2025\/07\/copy1.jpeg",500,299,false],"large":["https:\/\/blogopara.com.br\/wp-content\/uploads\/2025\/07\/copy1.jpeg",500,299,false],"1536x1536":["https:\/\/blogopara.com.br\/wp-content\/uploads\/2025\/07\/copy1.jpeg",500,299,false],"2048x2048":["https:\/\/blogopara.com.br\/wp-content\/uploads\/2025\/07\/copy1.jpeg",500,299,false],"mantranews-slider-large":["https:\/\/blogopara.com.br\/wp-content\/uploads\/2025\/07\/copy1.jpeg",500,299,false],"mantranews-featured-medium":["https:\/\/blogopara.com.br\/wp-content\/uploads\/2025\/07\/copy1-420x299.jpeg",420,299,true],"mantranews-featured-long":["https:\/\/blogopara.com.br\/wp-content\/uploads\/2025\/07\/copy1-300x299.jpeg",300,299,true],"mantranews-block-medium":["https:\/\/blogopara.com.br\/wp-content\/uploads\/2025\/07\/copy1-464x290.jpeg",464,290,true],"mantranews-carousel-image":["https:\/\/blogopara.com.br\/wp-content\/uploads\/2025\/07\/copy1.jpeg",500,299,false],"mantranews-block-thumb":["https:\/\/blogopara.com.br\/wp-content\/uploads\/2025\/07\/copy1-322x230.jpeg",322,230,true],"mantranews-single-large":["https:\/\/blogopara.com.br\/wp-content\/uploads\/2025\/07\/copy1.jpeg",500,299,false]},"uagb_author_info":{"display_name":"Reda\u00e7\u00e3o geral","author_link":"https:\/\/blogopara.com.br\/index.php\/author\/blogopara"},"uagb_comment_info":0,"uagb_excerpt":"A Universidade Federal do Vale do S\u00e3o Francisco (Univasf)\u00a0 continua nesta sexta\u00a0(4), a 4\u00aa Oficina da Comiss\u00e3o Organizadora do 13\u00ba Congresso Brasileiro de Agroecologia (13\u00ba CBA), atividade que marca uma etapa fundamental na constru\u00e7\u00e3o coletiva do evento. O Congresso ser\u00e1 sediado pela primeira vez em Juazeiro (BA), com programa\u00e7\u00e3o central no campus da Univasf, entre&hellip;","jetpack_sharing_enabled":true,"jetpack_likes_enabled":true,"_links":{"self":[{"href":"https:\/\/blogopara.com.br\/index.php\/wp-json\/wp\/v2\/posts\/77338","targetHints":{"allow":["GET"]}}],"collection":[{"href":"https:\/\/blogopara.com.br\/index.php\/wp-json\/wp\/v2\/posts"}],"about":[{"href":"https:\/\/blogopara.com.br\/index.php\/wp-json\/wp\/v2\/types\/post"}],"author":[{"embeddable":true,"href":"https:\/\/blogopara.com.br\/index.php\/wp-json\/wp\/v2\/users\/1"}],"replies":[{"embeddable":true,"href":"https:\/\/blogopara.com.br\/index.php\/wp-json\/wp\/v2\/comments?post=77338"}],"version-history":[{"count":1,"href":"https:\/\/blogopara.com.br\/index.php\/wp-json\/wp\/v2\/posts\/77338\/revisions"}],"predecessor-version":[{"id":77340,"href":"https:\/\/blogopara.com.br\/index.php\/wp-json\/wp\/v2\/posts\/77338\/revisions\/77340"}],"wp:featuredmedia":[{"embeddable":true,"href":"https:\/\/blogopara.com.br\/index.php\/wp-json\/wp\/v2\/media\/77339"}],"wp:attachment":[{"href":"https:\/\/blogopara.com.br\/index.php\/wp-json\/wp\/v2\/media?parent=77338"}],"wp:term":[{"taxonomy":"category","embeddable":true,"href":"https:\/\/blogopara.com.br\/index.php\/wp-json\/wp\/v2\/categories?post=77338"},{"taxonomy":"post_tag","embeddable":true,"href":"https:\/\/blogopara.com.br\/index.php\/wp-json\/wp\/v2\/tags?post=77338"}],"curies":[{"name":"wp","href":"https:\/\/api.w.org\/{rel}","templated":true}]}}