{"id":77341,"date":"2025-07-04T13:11:28","date_gmt":"2025-07-04T16:11:28","guid":{"rendered":"https:\/\/blogopara.com.br\/?p=77341"},"modified":"2025-07-04T13:11:28","modified_gmt":"2025-07-04T16:11:28","slug":"fundador-da-faccao-katiara-deixa-presidio-e-acende-alerta-sobre-possivel-alianca-com-cv","status":"publish","type":"post","link":"https:\/\/blogopara.com.br\/index.php\/2025\/07\/04\/fundador-da-faccao-katiara-deixa-presidio-e-acende-alerta-sobre-possivel-alianca-com-cv","title":{"rendered":"Fundador da fac\u00e7\u00e3o Katiara deixa pres\u00eddio e acende alerta sobre poss\u00edvel alian\u00e7a com CV"},"content":{"rendered":"<div class=\"td_block_wrap tdb_title tdi_63 tdb-single-title td-pb-border-top td_block_template_1\" data-td-block-uid=\"tdi_63\">\n<div class=\"tdb-block-inner td-fix-index\">\n<div class=\"td_block_wrap tdb_title tdi_63 tdb-single-title td-pb-border-top td_block_template_1\" data-td-block-uid=\"tdi_63\">\n<div class=\"tdb-block-inner td-fix-index\">\n<div class=\"td_block_wrap tdb_title tdi_63 tdb-single-title td-pb-border-top td_block_template_1\" data-td-block-uid=\"tdi_63\">\n<div class=\"tdb-block-inner td-fix-index\">\n<p>O traficante e homicida Adilson Souza Lima, conhecido como \u201cRoceirinho\u201d, apontado como fundador e l\u00edder da fac\u00e7\u00e3o Katiara, deixou o Complexo Penitenci\u00e1rio da Mata Escura, em Salvador, onde cumpria pena em regime fechado. Ele foi transferido para o Conjunto Penal de Lauro de Freitas, onde passar\u00e1 a cumprir a pena em regime semiaberto.<\/p>\n<p>Conforme apura\u00e7\u00e3o, a movimenta\u00e7\u00e3o acendeu o alerta entre as for\u00e7as de seguran\u00e7a p\u00fablica da Bahia. Fontes do IB relatam que h\u00e1 expectativa de que Roceirinho promova uma alian\u00e7a entre a Katiara e o Comando Vermelho (CV), fac\u00e7\u00e3o de origem carioca com atua\u00e7\u00e3o nacional.<\/p>\n<p>A poss\u00edvel uni\u00e3o entre os dois grupos pode intensificar ainda mais o confronto com o BDM (Bonde do Maluco), rival direto das organiza\u00e7\u00f5es.<\/p>\n<p>A Katiara tem forte atua\u00e7\u00e3o no interior baiano, especialmente no Rec\u00f4ncavo, e o retorno parcial de Roceirinho \u00e0s ruas pode representar uma escalada na disputa por territ\u00f3rio, tr\u00e1fico de drogas e poder armado.<\/p>\n<p>Setores de intelig\u00eancia da Secretaria de Seguran\u00e7a P\u00fablica (SSP) acompanham de perto os desdobramentos da situa\u00e7\u00e3o e avaliam medidas preventivas para conter poss\u00edveis ondas de viol\u00eancia. At\u00e9 o momento, a Secretaria de Administra\u00e7\u00e3o Penitenci\u00e1ria (Seap) n\u00e3o se pronunciou oficialmente sobre a decis\u00e3o judicial que permitiu a progress\u00e3o de regime do criminoso.<\/p>\n<p>Fonte de informa\u00e7\u00f5es: IB<\/p>\n<div><\/div>\n<\/div>\n<\/div>\n<div class=\"td_block_wrap tdb_single_author tdi_65 td-pb-border-top td_block_template_1 tdb-post-meta\" data-td-block-uid=\"tdi_65\">\n<div class=\"tdb-block-inner td-fix-index\">\n<div class=\"tdb-author-name-wrap\"><\/div>\n<\/div>\n<\/div>\n<div><\/div>\n<\/div>\n<\/div>\n<div class=\"td_block_wrap tdb_single_author tdi_65 td-pb-border-top td_block_template_1 tdb-post-meta\" data-td-block-uid=\"tdi_65\">\n<div class=\"tdb-block-inner td-fix-index\">\n<div class=\"tdb-author-name-wrap\"><\/div>\n<\/div>\n<\/div>\n<div><\/div>\n<\/div>\n<\/div>\n<div class=\"td_block_wrap tdb_single_author tdi_65 td-pb-border-top td_block_template_1 tdb-post-meta\" data-td-block-uid=\"tdi_65\">\n<div class=\"tdb-block-inner td-fix-index\">\n<div class=\"tdb-author-name-wrap\"><\/div>\n<\/div>\n<\/div>\n","protected":false},"excerpt":{"rendered":"<p>O traficante e homicida Adilson Souza Lima, conhecido como \u201cRoceirinho\u201d, apontado como fundador e l\u00edder da fac\u00e7\u00e3o Katiara, deixou o Complexo Penitenci\u00e1rio da Mata Escura, em Salvador, onde cumpria pena em regime fechado. Ele foi transferido para o Conjunto Penal de Lauro de Freitas, onde passar\u00e1 a cumprir a pena em regime semiaberto. Conforme apura\u00e7\u00e3o, [&hellip;]<\/p>\n","protected":false},"author":1,"featured_media":77342,"comment_status":"open","ping_status":"open","sticky":false,"template":"","format":"standard","meta":{"_uag_custom_page_level_css":"","_monsterinsights_skip_tracking":false,"_monsterinsights_sitenote_active":false,"_monsterinsights_sitenote_note":"","_monsterinsights_sitenote_category":0,"jetpack_post_was_ever_published":false,"_jetpack_newsletter_access":"","_jetpack_dont_email_post_to_subs":false,"_jetpack_newsletter_tier_id":0,"_jetpack_memberships_contains_paywalled_content":false,"_jetpack_memberships_contains_paid_content":false,"footnotes":"","jetpack_publicize_message":"","jetpack_publicize_feature_enabled":true,"jetpack_social_post_already_shared":true,"jetpack_social_options":{"image_generator_settings":{"template":"highway","default_image_id":0,"font":"","enabled":false},"version":2}},"categories":[199,202],"tags":[],"class_list":["post-77341","post","type-post","status-publish","format-standard","has-post-thumbnail","hentry","category-bahia","category-policia"],"jetpack_publicize_connections":[],"jetpack_featured_media_url":"https:\/\/blogopara.com.br\/wp-content\/uploads\/2025\/07\/Capturar-7.jpg","uagb_featured_image_src":{"full":["https:\/\/blogopara.com.br\/wp-content\/uploads\/2025\/07\/Capturar-7.jpg",479,281,false],"thumbnail":["https:\/\/blogopara.com.br\/wp-content\/uploads\/2025\/07\/Capturar-7-150x150.jpg",150,150,true],"medium":["https:\/\/blogopara.com.br\/wp-content\/uploads\/2025\/07\/Capturar-7-300x176.jpg",300,176,true],"medium_large":["https:\/\/blogopara.com.br\/wp-content\/uploads\/2025\/07\/Capturar-7.jpg",479,281,false],"large":["https:\/\/blogopara.com.br\/wp-content\/uploads\/2025\/07\/Capturar-7.jpg",479,281,false],"1536x1536":["https:\/\/blogopara.com.br\/wp-content\/uploads\/2025\/07\/Capturar-7.jpg",479,281,false],"2048x2048":["https:\/\/blogopara.com.br\/wp-content\/uploads\/2025\/07\/Capturar-7.jpg",479,281,false],"mantranews-slider-large":["https:\/\/blogopara.com.br\/wp-content\/uploads\/2025\/07\/Capturar-7.jpg",479,281,false],"mantranews-featured-medium":["https:\/\/blogopara.com.br\/wp-content\/uploads\/2025\/07\/Capturar-7-420x281.jpg",420,281,true],"mantranews-featured-long":["https:\/\/blogopara.com.br\/wp-content\/uploads\/2025\/07\/Capturar-7-300x281.jpg",300,281,true],"mantranews-block-medium":["https:\/\/blogopara.com.br\/wp-content\/uploads\/2025\/07\/Capturar-7-464x281.jpg",464,281,true],"mantranews-carousel-image":["https:\/\/blogopara.com.br\/wp-content\/uploads\/2025\/07\/Capturar-7.jpg",479,281,false],"mantranews-block-thumb":["https:\/\/blogopara.com.br\/wp-content\/uploads\/2025\/07\/Capturar-7-322x230.jpg",322,230,true],"mantranews-single-large":["https:\/\/blogopara.com.br\/wp-content\/uploads\/2025\/07\/Capturar-7.jpg",479,281,false]},"uagb_author_info":{"display_name":"Reda\u00e7\u00e3o geral","author_link":"https:\/\/blogopara.com.br\/index.php\/author\/blogopara"},"uagb_comment_info":0,"uagb_excerpt":"O traficante e homicida Adilson Souza Lima, conhecido como \u201cRoceirinho\u201d, apontado como fundador e l\u00edder da fac\u00e7\u00e3o Katiara, deixou o Complexo Penitenci\u00e1rio da Mata Escura, em Salvador, onde cumpria pena em regime fechado. Ele foi transferido para o Conjunto Penal de Lauro de Freitas, onde passar\u00e1 a cumprir a pena em regime semiaberto. Conforme apura\u00e7\u00e3o,&hellip;","jetpack_sharing_enabled":true,"jetpack_likes_enabled":true,"_links":{"self":[{"href":"https:\/\/blogopara.com.br\/index.php\/wp-json\/wp\/v2\/posts\/77341","targetHints":{"allow":["GET"]}}],"collection":[{"href":"https:\/\/blogopara.com.br\/index.php\/wp-json\/wp\/v2\/posts"}],"about":[{"href":"https:\/\/blogopara.com.br\/index.php\/wp-json\/wp\/v2\/types\/post"}],"author":[{"embeddable":true,"href":"https:\/\/blogopara.com.br\/index.php\/wp-json\/wp\/v2\/users\/1"}],"replies":[{"embeddable":true,"href":"https:\/\/blogopara.com.br\/index.php\/wp-json\/wp\/v2\/comments?post=77341"}],"version-history":[{"count":1,"href":"https:\/\/blogopara.com.br\/index.php\/wp-json\/wp\/v2\/posts\/77341\/revisions"}],"predecessor-version":[{"id":77343,"href":"https:\/\/blogopara.com.br\/index.php\/wp-json\/wp\/v2\/posts\/77341\/revisions\/77343"}],"wp:featuredmedia":[{"embeddable":true,"href":"https:\/\/blogopara.com.br\/index.php\/wp-json\/wp\/v2\/media\/77342"}],"wp:attachment":[{"href":"https:\/\/blogopara.com.br\/index.php\/wp-json\/wp\/v2\/media?parent=77341"}],"wp:term":[{"taxonomy":"category","embeddable":true,"href":"https:\/\/blogopara.com.br\/index.php\/wp-json\/wp\/v2\/categories?post=77341"},{"taxonomy":"post_tag","embeddable":true,"href":"https:\/\/blogopara.com.br\/index.php\/wp-json\/wp\/v2\/tags?post=77341"}],"curies":[{"name":"wp","href":"https:\/\/api.w.org\/{rel}","templated":true}]}}