{"id":77430,"date":"2025-07-07T13:38:41","date_gmt":"2025-07-07T16:38:41","guid":{"rendered":"https:\/\/blogopara.com.br\/?p=77430"},"modified":"2025-07-07T13:38:41","modified_gmt":"2025-07-07T16:38:41","slug":"juazeiro-comunitario-repudia-despejo-de-familias-durante-a-madrugada","status":"publish","type":"post","link":"https:\/\/blogopara.com.br\/index.php\/2025\/07\/07\/juazeiro-comunitario-repudia-despejo-de-familias-durante-a-madrugada","title":{"rendered":"Juazeiro: Comunit\u00e1rio repudia despejo de fam\u00edlias durante a madrugada"},"content":{"rendered":"<p>O comunit\u00e1rio Jo\u00e3o Marcos encaminhou nota de repudio contra a\u00e7\u00e3o da prefeitura de Juazeiro, que na madrugada desta segunda-feira (07) demoliu algumas casas no bairro Nova Juazeiro.<\/p>\n<p>NOTA P\u00daBLICA DE REP\u00daDIO<\/p>\n<p>Despejo na madrugada atinge fam\u00edlias com crian\u00e7as e idosos no bairro Nova Juazeiro\/BA<\/p>\n<p>N\u00f3s, moradores e cidad\u00e3s\/cidad\u00e3os solid\u00e1rios ao bairro Nova Juazeiro, viemos a p\u00fablico denunciar e repudiar veementemente a a\u00e7\u00e3o truculenta realizada na madrugada por agentes da Guarda Municipal de Juazeiro, acompanhados da Secretaria de Meio Ambiente e Ordenamento Urbano (SEMAURB) e com o apoio de m\u00e1quinas retroescavadeiras, com o objetivo de derrubar casas habitadas por fam\u00edlias humildes, muitas delas com crian\u00e7as pequenas e idosos.<\/p>\n<p>Durante a a\u00e7\u00e3o, moradores registraram em v\u00eddeo cenas de profundo desespero:<br \/>\n\u2022 Crian\u00e7as dormindo em meio ao barulho de m\u00e1quinas;<br \/>\n\u2022 Uma beb\u00ea de colo sob um mosquiteiro;<br \/>\n\u2022 Uma crian\u00e7a acordada, assustada, sem entender a situa\u00e7\u00e3o;<br \/>\n\u2022 Gritos por socorro e apelos desesperados por respeito \u00e0 vida e \u00e0 dignidade humana.<\/p>\n<p>Essas imagens escancaram a viol\u00eancia institucional promovida sob a gest\u00e3o do prefeito Andrei Gon\u00e7alves, que em apenas seis meses de mandato j\u00e1 protagoniza mais uma a\u00e7\u00e3o noturna de despejo sem di\u00e1logo, sem amparo social e sem qualquer respeito \u00e0 dignidade das fam\u00edlias afetadas.<\/p>\n<p>Reiteramos que moradia \u00e9 um direito garantido pela Constitui\u00e7\u00e3o Federal e que nenhum gestor p\u00fablico pode tratar com brutalidade a vida de seu povo. Despejos for\u00e7ados, sem notifica\u00e7\u00e3o adequada e realizados na calada da noite, s\u00e3o incompat\u00edveis com uma administra\u00e7\u00e3o que se diz comprometida com a justi\u00e7a social e os direitos humanos.<\/p>\n<p>Exigimos:<br \/>\n\u2022 A imediata suspens\u00e3o de qualquer nova a\u00e7\u00e3o de despejo na comunidade;<br \/>\n\u2022 Apura\u00e7\u00e3o dos fatos e responsabiliza\u00e7\u00e3o das autoridades envolvidas;<br \/>\n\u2022 Atendimento social urgente \u00e0s fam\u00edlias impactadas;<br \/>\n\u2022 Um posicionamento p\u00fablico da Prefeitura de Juazeiro.<\/p>\n<p>Pedimos ainda o apoio da imprensa, em especial da TV S\u00e3o Francisco, bem como dos \u00f3rg\u00e3os de direitos humanos, Defensoria P\u00fablica, Minist\u00e9rio P\u00fablico e sociedade civil organizada, para que essa grave viola\u00e7\u00e3o n\u00e3o passe em sil\u00eancio.<\/p>\n<p>Juazeiro precisa de dignidade, n\u00e3o de covardia.<br \/>\nNova Juazeiro resiste.<\/p>\n<p>Juazeiro (BA), 07 de julho de 2025<\/p>\n<div style=\"width: 480px;\" class=\"wp-video\"><!--[if lt IE 9]><script>document.createElement('video');<\/script><![endif]-->\n<video class=\"wp-video-shortcode\" id=\"video-77430-1\" width=\"480\" height=\"848\" preload=\"metadata\" controls=\"controls\"><source type=\"video\/mp4\" src=\"https:\/\/blogopara.com.br\/wp-content\/uploads\/2025\/07\/WhatsApp-Video-2025-07-07-at-12.52.58.mp4?_=1\" \/><a href=\"https:\/\/blogopara.com.br\/wp-content\/uploads\/2025\/07\/WhatsApp-Video-2025-07-07-at-12.52.58.mp4\">https:\/\/blogopara.com.br\/wp-content\/uploads\/2025\/07\/WhatsApp-Video-2025-07-07-at-12.52.58.mp4<\/a><\/video><\/div>\n<p>&nbsp;<\/p>\n<p>Prefeitura responde<\/p>\n<p>A Secretaria de Ordem P\u00fablica e Habita\u00e7\u00e3o\/SOPH deu continuidade nesta segunda-feira (07) \u00e0 a\u00e7\u00e3o de remo\u00e7\u00e3o de constru\u00e7\u00f5es irregulares em \u00e1rea p\u00fablica nas imedia\u00e7\u00f5es do Residencial Nova Juazeiro. A opera\u00e7\u00e3o contou com equipes da SOPH e Guarda Civil Municipal. Essa \u00e9 uma resposta \u00e0s recomenda\u00e7\u00f5es do Minist\u00e9rio P\u00fablico da Bahia\/MPBA e do Comit\u00ea Interinstitucional em Seguran\u00e7a P\u00fablica do Estado da Bahia\/CISP.<\/p>\n<p>Ap\u00f3s resist\u00eancia dos ocupantes, a Pol\u00edcia Militar foi acionada visando garantir a seguran\u00e7a dos agentes p\u00fablicos, dos ocupantes do local e a execu\u00e7\u00e3o das medidas legais. A a\u00e7\u00e3o est\u00e1 fundamentada na Lei Complementar n\u00ba 18\/2016, especialmente em seu artigo 469, que autoriza a demoli\u00e7\u00e3o de edifica\u00e7\u00f5es irregulares em \u00e1reas p\u00fablicas ap\u00f3s vistoria t\u00e9cnica e notifica\u00e7\u00e3o pr\u00e9via. A legisla\u00e7\u00e3o tamb\u00e9m permite a demoli\u00e7\u00e3o imediata em casos de risco ao patrim\u00f4nio p\u00fablico ou \u00e0 integridade de terceiros. Al\u00e9m disso, a Constitui\u00e7\u00e3o Federal, no artigo 182, garante aos munic\u00edpios a responsabilidade de ordenar o uso do solo urbano, assegurando sua fun\u00e7\u00e3o social.<\/p>\n<p>As \u00e1reas p\u00fablicas envolvidas s\u00e3o destinadas \u00e0 implanta\u00e7\u00e3o de equipamentos de uso coletivo, como escolas, pra\u00e7as e unidades de sa\u00fade \u2014 fundamentais para o desenvolvimento urbano ordenado e para a oferta de servi\u00e7os essenciais \u00e0 popula\u00e7\u00e3o.<\/p>\n<p>A SOPH segue atuando em alinhamento com o Minist\u00e9rio P\u00fablico e o CISP, refor\u00e7ando o compromisso com a legalidade, a preserva\u00e7\u00e3o do patrim\u00f4nio p\u00fablico e o combate \u00e0 ocupa\u00e7\u00e3o irregular de \u00e1reas destinadas ao bem comum.<\/p>\n<p>&nbsp;<\/p>\n<p><strong>Acolhimento social<\/strong><\/p>\n<p>Uma equipe da Secretaria de Desenvolvimento Social, Diversidade, Igualdade Racial e Combate \u00e0 Fome realizou uma visita ao local e est\u00e1 mapeando as necessidades de alguma fam\u00edlia que, porventura, precise de suporte habitacional, a fim de oferecer o apoio necess\u00e1rio e atender \u00e0s demandas identificadas.<\/p>\n<p>As a\u00e7\u00f5es seguem firmes, com base na legisla\u00e7\u00e3o vigente e no compromisso com o uso adequado dos espa\u00e7os p\u00fablicos e a constru\u00e7\u00e3o de uma cidade mais segura, organizada e justa para todos.<\/p>\n<p>&nbsp;<\/p>\n<p>Texto: Eudes Sampaio\u00a0 \u2013 Ascom PMJ\/SOPH<\/p>\n","protected":false},"excerpt":{"rendered":"<p>O comunit\u00e1rio Jo\u00e3o Marcos encaminhou nota de repudio contra a\u00e7\u00e3o da prefeitura de Juazeiro, que na madrugada desta segunda-feira (07) demoliu algumas casas no bairro Nova Juazeiro. NOTA P\u00daBLICA DE REP\u00daDIO Despejo na madrugada atinge fam\u00edlias com crian\u00e7as e idosos no bairro Nova Juazeiro\/BA N\u00f3s, moradores e cidad\u00e3s\/cidad\u00e3os solid\u00e1rios ao bairro Nova Juazeiro, viemos a [&hellip;]<\/p>\n","protected":false},"author":1,"featured_media":77432,"comment_status":"open","ping_status":"open","sticky":false,"template":"","format":"standard","meta":{"_uag_custom_page_level_css":"","_monsterinsights_skip_tracking":false,"_monsterinsights_sitenote_active":false,"_monsterinsights_sitenote_note":"","_monsterinsights_sitenote_category":0,"jetpack_post_was_ever_published":false,"_jetpack_newsletter_access":"","_jetpack_dont_email_post_to_subs":false,"_jetpack_newsletter_tier_id":0,"_jetpack_memberships_contains_paywalled_content":false,"_jetpack_memberships_contains_paid_content":false,"footnotes":"","jetpack_publicize_message":"","jetpack_publicize_feature_enabled":true,"jetpack_social_post_already_shared":true,"jetpack_social_options":{"image_generator_settings":{"template":"highway","default_image_id":0,"font":"","enabled":false},"version":2}},"categories":[203],"tags":[11879,11775,11783,6490,68,11900],"class_list":["post-77430","post","type-post","status-publish","format-standard","has-post-thumbnail","hentry","category-juazeiro","tag-adegivaldo-mota","tag-andrei-goncalves-mdb","tag-gestao-de-andrei-da-caixa","tag-guarda-civil-de-juazeiro","tag-semaurb","tag-soph"],"jetpack_publicize_connections":[],"jetpack_featured_media_url":"https:\/\/blogopara.com.br\/wp-content\/uploads\/2025\/07\/Sem-titulo.png","uagb_featured_image_src":{"full":["https:\/\/blogopara.com.br\/wp-content\/uploads\/2025\/07\/Sem-titulo.png",427,458,false],"thumbnail":["https:\/\/blogopara.com.br\/wp-content\/uploads\/2025\/07\/Sem-titulo-150x150.png",150,150,true],"medium":["https:\/\/blogopara.com.br\/wp-content\/uploads\/2025\/07\/Sem-titulo-280x300.png",280,300,true],"medium_large":["https:\/\/blogopara.com.br\/wp-content\/uploads\/2025\/07\/Sem-titulo.png",427,458,false],"large":["https:\/\/blogopara.com.br\/wp-content\/uploads\/2025\/07\/Sem-titulo.png",427,458,false],"1536x1536":["https:\/\/blogopara.com.br\/wp-content\/uploads\/2025\/07\/Sem-titulo.png",427,458,false],"2048x2048":["https:\/\/blogopara.com.br\/wp-content\/uploads\/2025\/07\/Sem-titulo.png",427,458,false],"mantranews-slider-large":["https:\/\/blogopara.com.br\/wp-content\/uploads\/2025\/07\/Sem-titulo.png",427,458,false],"mantranews-featured-medium":["https:\/\/blogopara.com.br\/wp-content\/uploads\/2025\/07\/Sem-titulo-420x307.png",420,307,true],"mantranews-featured-long":["https:\/\/blogopara.com.br\/wp-content\/uploads\/2025\/07\/Sem-titulo-300x443.png",300,443,true],"mantranews-block-medium":["https:\/\/blogopara.com.br\/wp-content\/uploads\/2025\/07\/Sem-titulo-427x290.png",427,290,true],"mantranews-carousel-image":["https:\/\/blogopara.com.br\/wp-content\/uploads\/2025\/07\/Sem-titulo.png",427,458,false],"mantranews-block-thumb":["https:\/\/blogopara.com.br\/wp-content\/uploads\/2025\/07\/Sem-titulo-322x230.png",322,230,true],"mantranews-single-large":["https:\/\/blogopara.com.br\/wp-content\/uploads\/2025\/07\/Sem-titulo.png",427,458,false]},"uagb_author_info":{"display_name":"Reda\u00e7\u00e3o geral","author_link":"https:\/\/blogopara.com.br\/index.php\/author\/blogopara"},"uagb_comment_info":0,"uagb_excerpt":"O comunit\u00e1rio Jo\u00e3o Marcos encaminhou nota de repudio contra a\u00e7\u00e3o da prefeitura de Juazeiro, que na madrugada desta segunda-feira (07) demoliu algumas casas no bairro Nova Juazeiro. NOTA P\u00daBLICA DE REP\u00daDIO Despejo na madrugada atinge fam\u00edlias com crian\u00e7as e idosos no bairro Nova Juazeiro\/BA N\u00f3s, moradores e cidad\u00e3s\/cidad\u00e3os solid\u00e1rios ao bairro Nova Juazeiro, viemos a&hellip;","jetpack_sharing_enabled":true,"jetpack_likes_enabled":true,"_links":{"self":[{"href":"https:\/\/blogopara.com.br\/index.php\/wp-json\/wp\/v2\/posts\/77430","targetHints":{"allow":["GET"]}}],"collection":[{"href":"https:\/\/blogopara.com.br\/index.php\/wp-json\/wp\/v2\/posts"}],"about":[{"href":"https:\/\/blogopara.com.br\/index.php\/wp-json\/wp\/v2\/types\/post"}],"author":[{"embeddable":true,"href":"https:\/\/blogopara.com.br\/index.php\/wp-json\/wp\/v2\/users\/1"}],"replies":[{"embeddable":true,"href":"https:\/\/blogopara.com.br\/index.php\/wp-json\/wp\/v2\/comments?post=77430"}],"version-history":[{"count":1,"href":"https:\/\/blogopara.com.br\/index.php\/wp-json\/wp\/v2\/posts\/77430\/revisions"}],"predecessor-version":[{"id":77433,"href":"https:\/\/blogopara.com.br\/index.php\/wp-json\/wp\/v2\/posts\/77430\/revisions\/77433"}],"wp:featuredmedia":[{"embeddable":true,"href":"https:\/\/blogopara.com.br\/index.php\/wp-json\/wp\/v2\/media\/77432"}],"wp:attachment":[{"href":"https:\/\/blogopara.com.br\/index.php\/wp-json\/wp\/v2\/media?parent=77430"}],"wp:term":[{"taxonomy":"category","embeddable":true,"href":"https:\/\/blogopara.com.br\/index.php\/wp-json\/wp\/v2\/categories?post=77430"},{"taxonomy":"post_tag","embeddable":true,"href":"https:\/\/blogopara.com.br\/index.php\/wp-json\/wp\/v2\/tags?post=77430"}],"curies":[{"name":"wp","href":"https:\/\/api.w.org\/{rel}","templated":true}]}}