{"id":77490,"date":"2025-07-09T19:07:26","date_gmt":"2025-07-09T22:07:26","guid":{"rendered":"https:\/\/blogopara.com.br\/?p=77490"},"modified":"2025-07-09T19:17:58","modified_gmt":"2025-07-09T22:17:58","slug":"trump-impoe-tarifa-de-50-ao-brasil-e-impacto-pode-ser-devastador","status":"publish","type":"post","link":"https:\/\/blogopara.com.br\/index.php\/2025\/07\/09\/trump-impoe-tarifa-de-50-ao-brasil-e-impacto-pode-ser-devastador","title":{"rendered":"Trump imp\u00f5e tarifa de 50% ao Brasil e impacto pode ser devastador"},"content":{"rendered":"<div class=\"td_block_wrap tdb_single_content tdi_73 td-pb-border-top td_block_template_1 td-post-content tagdiv-type\" data-td-block-uid=\"tdi_73\">\n<div class=\"tdb-block-inner td-fix-index\">\n<p>O presidente dos Estados Unidos, Donald Trump, anunciou oficialmente nesta quarta-feira (09\/07) a imposi\u00e7\u00e3o de uma tarifa de 50% sobre todas as exporta\u00e7\u00f5es brasileiras. A medida entra em vigor no dia 1\u00ba de agosto e j\u00e1 provoca rea\u00e7\u00e3o no governo brasileiro, no setor produtivo e no mercado internacional. A decis\u00e3o foi comunicada ao presidente Luiz In\u00e1cio Lula da Silva por meio de uma carta, em tom cr\u00edtico, com duras men\u00e7\u00f5es ao Supremo Tribunal Federal (STF) e ao ex-presidente Jair Bolsonaro.<\/p>\n<p>Na carta, Trump acusou o Brasil de \u201catacar elei\u00e7\u00f5es livres\u201d e de violar a liberdade de express\u00e3o nos Estados Unidos, ao se referir a ordens judiciais do STF contra redes sociais americanas. Ele ainda chamou de \u201cvergonha internacional\u201d o julgamento de Bolsonaro e afirmou que as tarifas visam corrigir o que chamou de \u201crela\u00e7\u00e3o comercial injusta\u201d.<\/p>\n<p>\u201cNosso relacionamento, infelizmente, tem estado longe de ser rec\u00edproco\u201d, escreveu Trump, afirmando, sem apresentar dados consistentes, que os EUA enfrentam d\u00e9ficits insustent\u00e1veis com o Brasil.<\/p>\n<p>Contudo, dados oficiais do Minist\u00e9rio do Desenvolvimento brasileiro contradizem essa narrativa: o Brasil tem registrado d\u00e9ficits comerciais com os EUA h\u00e1 16 anos consecutivos, totalizando mais de US$ 88 bilh\u00f5es em preju\u00edzo para o lado brasileiro desde 2009.<\/p>\n<p>SETORES MAIS ATINGIDOS<\/p>\n<p>O impacto da nova tarifa ser\u00e1 generalizado, mas alguns setores devem ser particularmente penalizados:<\/p>\n<p>Agroneg\u00f3cio: soja, caf\u00e9, carne bovina e suco de laranja ter\u00e3o queda de competitividade e poder\u00e3o perder espa\u00e7o nos EUA.<\/p>\n<p>Siderurgia: o a\u00e7o e alum\u00ednio brasileiros j\u00e1 enfrentam barreiras. Com a nova tarifa, a exporta\u00e7\u00e3o pode se tornar invi\u00e1vel.<\/p>\n<p>Manufaturados e tecnologia: empresas brasileiras que vendem m\u00e1quinas, t\u00eaxteis e componentes industriais ter\u00e3o margens drasticamente reduzidas.<\/p>\n<p>O Itamaraty classificou a medida como \u201chostil e infundada\u201d e estuda a\u00e7\u00f5es na Organiza\u00e7\u00e3o Mundial do Com\u00e9rcio (OMC). O Pal\u00e1cio do Planalto ainda n\u00e3o se pronunciou oficialmente, mas fontes pr\u00f3ximas ao presidente Lula afirmam que uma resposta pol\u00edtica e diplom\u00e1tica est\u00e1 sendo preparada.<\/p>\n<p>\u201c\u00c9 uma medida de cunho eleitoral e ideol\u00f3gico. O Brasil est\u00e1 sendo usado como palco da guerra cultural de Trump\u201d, afirmou um integrante da equipe econ\u00f4mica do governo.<\/p>\n<p>O an\u00fancio j\u00e1 provocou turbul\u00eancia no mercado financeiro. O d\u00f3lar subiu nas primeiras horas ap\u00f3s a revela\u00e7\u00e3o da carta, e a\u00e7\u00f5es de empresas exportadoras brasileiras despencaram na B3. Analistas alertam que, com menos demanda externa, os pre\u00e7os internos de commodities podem cair, afetando empregos no interior do pa\u00eds e a arrecada\u00e7\u00e3o de estados produtores.<\/p>\n<p>Al\u00e9m disso, a press\u00e3o sobre a balan\u00e7a comercial brasileira pode desvalorizar o real, aumentando a infla\u00e7\u00e3o e o custo de vida.<\/p>\n<\/div>\n<\/div>\n","protected":false},"excerpt":{"rendered":"<p>O presidente dos Estados Unidos, Donald Trump, anunciou oficialmente nesta quarta-feira (09\/07) a imposi\u00e7\u00e3o de uma tarifa de 50% sobre todas as exporta\u00e7\u00f5es brasileiras. A medida entra em vigor no dia 1\u00ba de agosto e j\u00e1 provoca rea\u00e7\u00e3o no governo brasileiro, no setor produtivo e no mercado internacional. A decis\u00e3o foi comunicada ao presidente Luiz [&hellip;]<\/p>\n","protected":false},"author":1,"featured_media":69364,"comment_status":"open","ping_status":"open","sticky":false,"template":"","format":"standard","meta":{"_uag_custom_page_level_css":"","_monsterinsights_skip_tracking":false,"_monsterinsights_sitenote_active":false,"_monsterinsights_sitenote_note":"","_monsterinsights_sitenote_category":0,"jetpack_post_was_ever_published":false,"_jetpack_newsletter_access":"","_jetpack_dont_email_post_to_subs":false,"_jetpack_newsletter_tier_id":0,"_jetpack_memberships_contains_paywalled_content":false,"_jetpack_memberships_contains_paid_content":false,"footnotes":"","jetpack_publicize_message":"","jetpack_publicize_feature_enabled":true,"jetpack_social_post_already_shared":true,"jetpack_social_options":{"image_generator_settings":{"template":"highway","default_image_id":0,"font":"","enabled":false},"version":2}},"categories":[200],"tags":[],"class_list":["post-77490","post","type-post","status-publish","format-standard","has-post-thumbnail","hentry","category-brasil"],"jetpack_publicize_connections":[],"jetpack_featured_media_url":"https:\/\/blogopara.com.br\/wp-content\/uploads\/2024\/10\/trumpp.jpg","uagb_featured_image_src":{"full":["https:\/\/blogopara.com.br\/wp-content\/uploads\/2024\/10\/trumpp.jpg",500,336,false],"thumbnail":["https:\/\/blogopara.com.br\/wp-content\/uploads\/2024\/10\/trumpp-150x150.jpg",150,150,true],"medium":["https:\/\/blogopara.com.br\/wp-content\/uploads\/2024\/10\/trumpp-300x202.jpg",300,202,true],"medium_large":["https:\/\/blogopara.com.br\/wp-content\/uploads\/2024\/10\/trumpp.jpg",500,336,false],"large":["https:\/\/blogopara.com.br\/wp-content\/uploads\/2024\/10\/trumpp.jpg",500,336,false],"1536x1536":["https:\/\/blogopara.com.br\/wp-content\/uploads\/2024\/10\/trumpp.jpg",500,336,false],"2048x2048":["https:\/\/blogopara.com.br\/wp-content\/uploads\/2024\/10\/trumpp.jpg",500,336,false],"mantranews-slider-large":["https:\/\/blogopara.com.br\/wp-content\/uploads\/2024\/10\/trumpp.jpg",500,336,false],"mantranews-featured-medium":["https:\/\/blogopara.com.br\/wp-content\/uploads\/2024\/10\/trumpp-420x307.jpg",420,307,true],"mantranews-featured-long":["https:\/\/blogopara.com.br\/wp-content\/uploads\/2024\/10\/trumpp-300x336.jpg",300,336,true],"mantranews-block-medium":["https:\/\/blogopara.com.br\/wp-content\/uploads\/2024\/10\/trumpp-464x290.jpg",464,290,true],"mantranews-carousel-image":["https:\/\/blogopara.com.br\/wp-content\/uploads\/2024\/10\/trumpp.jpg",500,336,false],"mantranews-block-thumb":["https:\/\/blogopara.com.br\/wp-content\/uploads\/2024\/10\/trumpp-322x230.jpg",322,230,true],"mantranews-single-large":["https:\/\/blogopara.com.br\/wp-content\/uploads\/2024\/10\/trumpp.jpg",500,336,false]},"uagb_author_info":{"display_name":"Reda\u00e7\u00e3o geral","author_link":"https:\/\/blogopara.com.br\/index.php\/author\/blogopara"},"uagb_comment_info":0,"uagb_excerpt":"O presidente dos Estados Unidos, Donald Trump, anunciou oficialmente nesta quarta-feira (09\/07) a imposi\u00e7\u00e3o de uma tarifa de 50% sobre todas as exporta\u00e7\u00f5es brasileiras. A medida entra em vigor no dia 1\u00ba de agosto e j\u00e1 provoca rea\u00e7\u00e3o no governo brasileiro, no setor produtivo e no mercado internacional. A decis\u00e3o foi comunicada ao presidente Luiz&hellip;","jetpack_sharing_enabled":true,"jetpack_likes_enabled":true,"_links":{"self":[{"href":"https:\/\/blogopara.com.br\/index.php\/wp-json\/wp\/v2\/posts\/77490","targetHints":{"allow":["GET"]}}],"collection":[{"href":"https:\/\/blogopara.com.br\/index.php\/wp-json\/wp\/v2\/posts"}],"about":[{"href":"https:\/\/blogopara.com.br\/index.php\/wp-json\/wp\/v2\/types\/post"}],"author":[{"embeddable":true,"href":"https:\/\/blogopara.com.br\/index.php\/wp-json\/wp\/v2\/users\/1"}],"replies":[{"embeddable":true,"href":"https:\/\/blogopara.com.br\/index.php\/wp-json\/wp\/v2\/comments?post=77490"}],"version-history":[{"count":1,"href":"https:\/\/blogopara.com.br\/index.php\/wp-json\/wp\/v2\/posts\/77490\/revisions"}],"predecessor-version":[{"id":77491,"href":"https:\/\/blogopara.com.br\/index.php\/wp-json\/wp\/v2\/posts\/77490\/revisions\/77491"}],"wp:featuredmedia":[{"embeddable":true,"href":"https:\/\/blogopara.com.br\/index.php\/wp-json\/wp\/v2\/media\/69364"}],"wp:attachment":[{"href":"https:\/\/blogopara.com.br\/index.php\/wp-json\/wp\/v2\/media?parent=77490"}],"wp:term":[{"taxonomy":"category","embeddable":true,"href":"https:\/\/blogopara.com.br\/index.php\/wp-json\/wp\/v2\/categories?post=77490"},{"taxonomy":"post_tag","embeddable":true,"href":"https:\/\/blogopara.com.br\/index.php\/wp-json\/wp\/v2\/tags?post=77490"}],"curies":[{"name":"wp","href":"https:\/\/api.w.org\/{rel}","templated":true}]}}