{"id":77574,"date":"2025-07-12T13:47:12","date_gmt":"2025-07-12T16:47:12","guid":{"rendered":"https:\/\/blogopara.com.br\/?p=77574"},"modified":"2025-07-12T13:47:12","modified_gmt":"2025-07-12T16:47:12","slug":"equipes-de-sento-se-participam-da-etapa-estadual-dos-jogos-escolares-da-bahia","status":"publish","type":"post","link":"https:\/\/blogopara.com.br\/index.php\/2025\/07\/12\/equipes-de-sento-se-participam-da-etapa-estadual-dos-jogos-escolares-da-bahia","title":{"rendered":"Equipes de Sento S\u00e9 participam da etapa estadual dos Jogos Escolares da Bahia"},"content":{"rendered":"<p class=\"x_MsoNormal\">As equipes de futebol de sal\u00e3o feminino da Escola Municipal N\u00facleo S\u00e3o Francisco e masculino do Col\u00e9gio Estadual Dr Juca Sento S\u00e9 est\u00e3o representando com orgulho o munic\u00edpio de Sento S\u00e9 na etapa estadual dos Jogos Escolares da Bahia, que acontece de 11 a 13 de julho, em Salvador. A competi\u00e7\u00e3o re\u00fane estudantes de diversas regi\u00f5es do estado em uma grande celebra\u00e7\u00e3o do esporte e da educa\u00e7\u00e3o.<\/p>\n<p class=\"x_MsoNormal\">Na sexta-feira (11), as atletas de Sento S\u00e9 estrearam enfrentando a equipe da escola CIEBTEC, da cidade de Caetit\u00e9, e conquistaram uma vit\u00f3ria impressionante por 9 a 0, mostrando talento, preparo e dedica\u00e7\u00e3o. Neste s\u00e1bado (12), a equipe volta a campo para mais um desafio, desta vez contra a Escola An\u00edsio Teixeira, de Feira de Santana.<\/p>\n<p class=\"x_MsoNormal\">A prefeita Giselda Carvalho parabenizou as alunas e destacou o compromisso da gest\u00e3o com a valoriza\u00e7\u00e3o do esporte. \u201c\u00c9 uma alegria imensa ver nossos estudantes brilhando em uma competi\u00e7\u00e3o estadual. Essa vit\u00f3ria \u00e9 reflexo do trabalho s\u00e9rio que temos feito em Sento S\u00e9, investindo na educa\u00e7\u00e3o, no esporte e na forma\u00e7\u00e3o cidad\u00e3 da nossa juventude. O esporte transforma vidas e \u00e9 parte fundamental da nossa pol\u00edtica educacional. O desempenho da equipe \u00e9 motivo de orgulho para toda a comunidade, e a torcida segue forte rumo a mais uma vit\u00f3ria\u201d, afirmou a prefeita.<\/p>\n","protected":false},"excerpt":{"rendered":"<p>As equipes de futebol de sal\u00e3o feminino da Escola Municipal N\u00facleo S\u00e3o Francisco e masculino do Col\u00e9gio Estadual Dr Juca Sento S\u00e9 est\u00e3o representando com orgulho o munic\u00edpio de Sento S\u00e9 na etapa estadual dos Jogos Escolares da Bahia, que acontece de 11 a 13 de julho, em Salvador. A competi\u00e7\u00e3o re\u00fane estudantes de diversas [&hellip;]<\/p>\n","protected":false},"author":1,"featured_media":77575,"comment_status":"open","ping_status":"open","sticky":false,"template":"","format":"standard","meta":{"_uag_custom_page_level_css":"","_monsterinsights_skip_tracking":false,"_monsterinsights_sitenote_active":false,"_monsterinsights_sitenote_note":"","_monsterinsights_sitenote_category":0,"jetpack_post_was_ever_published":false,"_jetpack_newsletter_access":"","_jetpack_dont_email_post_to_subs":false,"_jetpack_newsletter_tier_id":0,"_jetpack_memberships_contains_paywalled_content":false,"_jetpack_memberships_contains_paid_content":false,"footnotes":"","jetpack_publicize_message":"","jetpack_publicize_feature_enabled":true,"jetpack_social_post_already_shared":true,"jetpack_social_options":{"image_generator_settings":{"template":"highway","default_image_id":0,"font":"","enabled":false},"version":2}},"categories":[199],"tags":[],"class_list":["post-77574","post","type-post","status-publish","format-standard","has-post-thumbnail","hentry","category-bahia"],"jetpack_publicize_connections":[],"jetpack_featured_media_url":"https:\/\/blogopara.com.br\/wp-content\/uploads\/2025\/07\/WhatsApp-Image-2025-07-11-at-13.09.21.jpeg","uagb_featured_image_src":{"full":["https:\/\/blogopara.com.br\/wp-content\/uploads\/2025\/07\/WhatsApp-Image-2025-07-11-at-13.09.21.jpeg",500,281,false],"thumbnail":["https:\/\/blogopara.com.br\/wp-content\/uploads\/2025\/07\/WhatsApp-Image-2025-07-11-at-13.09.21-150x150.jpeg",150,150,true],"medium":["https:\/\/blogopara.com.br\/wp-content\/uploads\/2025\/07\/WhatsApp-Image-2025-07-11-at-13.09.21-300x169.jpeg",300,169,true],"medium_large":["https:\/\/blogopara.com.br\/wp-content\/uploads\/2025\/07\/WhatsApp-Image-2025-07-11-at-13.09.21.jpeg",500,281,false],"large":["https:\/\/blogopara.com.br\/wp-content\/uploads\/2025\/07\/WhatsApp-Image-2025-07-11-at-13.09.21.jpeg",500,281,false],"1536x1536":["https:\/\/blogopara.com.br\/wp-content\/uploads\/2025\/07\/WhatsApp-Image-2025-07-11-at-13.09.21.jpeg",500,281,false],"2048x2048":["https:\/\/blogopara.com.br\/wp-content\/uploads\/2025\/07\/WhatsApp-Image-2025-07-11-at-13.09.21.jpeg",500,281,false],"mantranews-slider-large":["https:\/\/blogopara.com.br\/wp-content\/uploads\/2025\/07\/WhatsApp-Image-2025-07-11-at-13.09.21.jpeg",500,281,false],"mantranews-featured-medium":["https:\/\/blogopara.com.br\/wp-content\/uploads\/2025\/07\/WhatsApp-Image-2025-07-11-at-13.09.21-420x281.jpeg",420,281,true],"mantranews-featured-long":["https:\/\/blogopara.com.br\/wp-content\/uploads\/2025\/07\/WhatsApp-Image-2025-07-11-at-13.09.21-300x281.jpeg",300,281,true],"mantranews-block-medium":["https:\/\/blogopara.com.br\/wp-content\/uploads\/2025\/07\/WhatsApp-Image-2025-07-11-at-13.09.21-464x281.jpeg",464,281,true],"mantranews-carousel-image":["https:\/\/blogopara.com.br\/wp-content\/uploads\/2025\/07\/WhatsApp-Image-2025-07-11-at-13.09.21.jpeg",500,281,false],"mantranews-block-thumb":["https:\/\/blogopara.com.br\/wp-content\/uploads\/2025\/07\/WhatsApp-Image-2025-07-11-at-13.09.21-322x230.jpeg",322,230,true],"mantranews-single-large":["https:\/\/blogopara.com.br\/wp-content\/uploads\/2025\/07\/WhatsApp-Image-2025-07-11-at-13.09.21.jpeg",500,281,false]},"uagb_author_info":{"display_name":"Reda\u00e7\u00e3o geral","author_link":"https:\/\/blogopara.com.br\/index.php\/author\/blogopara"},"uagb_comment_info":0,"uagb_excerpt":"As equipes de futebol de sal\u00e3o feminino da Escola Municipal N\u00facleo S\u00e3o Francisco e masculino do Col\u00e9gio Estadual Dr Juca Sento S\u00e9 est\u00e3o representando com orgulho o munic\u00edpio de Sento S\u00e9 na etapa estadual dos Jogos Escolares da Bahia, que acontece de 11 a 13 de julho, em Salvador. A competi\u00e7\u00e3o re\u00fane estudantes de diversas&hellip;","jetpack_sharing_enabled":true,"jetpack_likes_enabled":true,"_links":{"self":[{"href":"https:\/\/blogopara.com.br\/index.php\/wp-json\/wp\/v2\/posts\/77574","targetHints":{"allow":["GET"]}}],"collection":[{"href":"https:\/\/blogopara.com.br\/index.php\/wp-json\/wp\/v2\/posts"}],"about":[{"href":"https:\/\/blogopara.com.br\/index.php\/wp-json\/wp\/v2\/types\/post"}],"author":[{"embeddable":true,"href":"https:\/\/blogopara.com.br\/index.php\/wp-json\/wp\/v2\/users\/1"}],"replies":[{"embeddable":true,"href":"https:\/\/blogopara.com.br\/index.php\/wp-json\/wp\/v2\/comments?post=77574"}],"version-history":[{"count":1,"href":"https:\/\/blogopara.com.br\/index.php\/wp-json\/wp\/v2\/posts\/77574\/revisions"}],"predecessor-version":[{"id":77576,"href":"https:\/\/blogopara.com.br\/index.php\/wp-json\/wp\/v2\/posts\/77574\/revisions\/77576"}],"wp:featuredmedia":[{"embeddable":true,"href":"https:\/\/blogopara.com.br\/index.php\/wp-json\/wp\/v2\/media\/77575"}],"wp:attachment":[{"href":"https:\/\/blogopara.com.br\/index.php\/wp-json\/wp\/v2\/media?parent=77574"}],"wp:term":[{"taxonomy":"category","embeddable":true,"href":"https:\/\/blogopara.com.br\/index.php\/wp-json\/wp\/v2\/categories?post=77574"},{"taxonomy":"post_tag","embeddable":true,"href":"https:\/\/blogopara.com.br\/index.php\/wp-json\/wp\/v2\/tags?post=77574"}],"curies":[{"name":"wp","href":"https:\/\/api.w.org\/{rel}","templated":true}]}}