{"id":77577,"date":"2025-07-12T13:48:42","date_gmt":"2025-07-12T16:48:42","guid":{"rendered":"https:\/\/blogopara.com.br\/?p=77577"},"modified":"2025-07-12T13:48:42","modified_gmt":"2025-07-12T16:48:42","slug":"prefeitura-de-sento-se-realiza-escuta-publica-para-construcao-do-plano-de-aplicacao-de-recursos-da-pnab","status":"publish","type":"post","link":"https:\/\/blogopara.com.br\/index.php\/2025\/07\/12\/prefeitura-de-sento-se-realiza-escuta-publica-para-construcao-do-plano-de-aplicacao-de-recursos-da-pnab","title":{"rendered":"Prefeitura de Sento S\u00e9 realiza Escuta P\u00fablica para constru\u00e7\u00e3o do Plano de Aplica\u00e7\u00e3o de Recursos da PNAB"},"content":{"rendered":"<p class=\"x_MsoNormal\">A Prefeitura de Sento S\u00e9, por meio do Departamento de Cultura, realizar\u00e1 na pr\u00f3xima ter\u00e7a-feira (15), \u00e0s 9h, na C\u00e2mara de Vereadores, a Escuta P\u00fablica da Pol\u00edtica Nacional Aldir Blanc (PNAB) \u2013 Ciclo 2, com o objetivo de ouvir a comunidade cultural local na elabora\u00e7\u00e3o do Plano de Aplica\u00e7\u00e3o de Recursos (PAR).<\/p>\n<p class=\"x_MsoNormal\">A a\u00e7\u00e3o \u00e9 um momento fundamental de di\u00e1logo e participa\u00e7\u00e3o social, convocando artistas, produtores culturais, fazedores de cultura, representantes de segmentos diversos da cultura e a popula\u00e7\u00e3o em geral para contribuir com sugest\u00f5es e ideias sobre o uso dos recursos p\u00fablicos destinados \u00e0 cultura em Sento S\u00e9.<\/p>\n<p class=\"x_MsoNormal\">A gerente do Departamento de Cultura, Meire L\u00facia Carvalho dos Santos, destacou a import\u00e2ncia do momento. \u201cEstamos construindo juntos o futuro da cultura em Sento S\u00e9. Esse encontro \u00e9 essencial para garantir que os investimentos da Pol\u00edtica Aldir Blanc atendam de forma democr\u00e1tica \u00e0s necessidades dos nossos artistas e agentes culturais. Contamos com a participa\u00e7\u00e3o de todos que fazem a cultura pulsar em nossa cidade.\u201d<\/p>\n<p class=\"x_MsoNormal\"><b>A escuta p\u00fablica<\/b><\/p>\n<p class=\"x_MsoNormal\">Integra as etapas obrigat\u00f3rias para a elabora\u00e7\u00e3o do PAR, instrumento que define como os recursos da PNAB ser\u00e3o aplicados no munic\u00edpio. A participa\u00e7\u00e3o da comunidade cultural \u00e9 essencial para que as decis\u00f5es reflitam as reais demandas locais.<\/p>\n<p class=\"x_MsoNormal\">\n<p class=\"x_MsoNormal\"><b>A Pol\u00edtica Nacional Aldir Blanc<\/b><\/p>\n<p class=\"x_MsoNormal\">\u00c9 uma iniciativa do Governo Federal, por meio do Minist\u00e9rio da Cultura, em parceria com estados e munic\u00edpios, e representa um avan\u00e7o na descentraliza\u00e7\u00e3o dos recursos e no fortalecimento das pol\u00edticas culturais no Brasil.<\/p>\n<p class=\"x_MsoNormal\">\n<p class=\"x_MsoNormal\">Texto: Gardennia Garibalde &#8211; Ascom PMSSE<\/p>\n","protected":false},"excerpt":{"rendered":"<p>A Prefeitura de Sento S\u00e9, por meio do Departamento de Cultura, realizar\u00e1 na pr\u00f3xima ter\u00e7a-feira (15), \u00e0s 9h, na C\u00e2mara de Vereadores, a Escuta P\u00fablica da Pol\u00edtica Nacional Aldir Blanc (PNAB) \u2013 Ciclo 2, com o objetivo de ouvir a comunidade cultural local na elabora\u00e7\u00e3o do Plano de Aplica\u00e7\u00e3o de Recursos (PAR). A a\u00e7\u00e3o \u00e9 [&hellip;]<\/p>\n","protected":false},"author":1,"featured_media":77578,"comment_status":"open","ping_status":"open","sticky":false,"template":"","format":"standard","meta":{"_uag_custom_page_level_css":"","_monsterinsights_skip_tracking":false,"_monsterinsights_sitenote_active":false,"_monsterinsights_sitenote_note":"","_monsterinsights_sitenote_category":0,"jetpack_post_was_ever_published":false,"_jetpack_newsletter_access":"","_jetpack_dont_email_post_to_subs":false,"_jetpack_newsletter_tier_id":0,"_jetpack_memberships_contains_paywalled_content":false,"_jetpack_memberships_contains_paid_content":false,"footnotes":"","jetpack_publicize_message":"","jetpack_publicize_feature_enabled":true,"jetpack_social_post_already_shared":true,"jetpack_social_options":{"image_generator_settings":{"template":"highway","default_image_id":0,"font":"","enabled":false},"version":2}},"categories":[199],"tags":[],"class_list":["post-77577","post","type-post","status-publish","format-standard","has-post-thumbnail","hentry","category-bahia"],"jetpack_publicize_connections":[],"jetpack_featured_media_url":"https:\/\/blogopara.com.br\/wp-content\/uploads\/2025\/07\/WhatsApp-Image-2025-07-11-at-13.07.47-2.jpeg","uagb_featured_image_src":{"full":["https:\/\/blogopara.com.br\/wp-content\/uploads\/2025\/07\/WhatsApp-Image-2025-07-11-at-13.07.47-2.jpeg",497,521,false],"thumbnail":["https:\/\/blogopara.com.br\/wp-content\/uploads\/2025\/07\/WhatsApp-Image-2025-07-11-at-13.07.47-2-150x150.jpeg",150,150,true],"medium":["https:\/\/blogopara.com.br\/wp-content\/uploads\/2025\/07\/WhatsApp-Image-2025-07-11-at-13.07.47-2-286x300.jpeg",286,300,true],"medium_large":["https:\/\/blogopara.com.br\/wp-content\/uploads\/2025\/07\/WhatsApp-Image-2025-07-11-at-13.07.47-2.jpeg",497,521,false],"large":["https:\/\/blogopara.com.br\/wp-content\/uploads\/2025\/07\/WhatsApp-Image-2025-07-11-at-13.07.47-2.jpeg",497,521,false],"1536x1536":["https:\/\/blogopara.com.br\/wp-content\/uploads\/2025\/07\/WhatsApp-Image-2025-07-11-at-13.07.47-2.jpeg",497,521,false],"2048x2048":["https:\/\/blogopara.com.br\/wp-content\/uploads\/2025\/07\/WhatsApp-Image-2025-07-11-at-13.07.47-2.jpeg",497,521,false],"mantranews-slider-large":["https:\/\/blogopara.com.br\/wp-content\/uploads\/2025\/07\/WhatsApp-Image-2025-07-11-at-13.07.47-2.jpeg",497,521,false],"mantranews-featured-medium":["https:\/\/blogopara.com.br\/wp-content\/uploads\/2025\/07\/WhatsApp-Image-2025-07-11-at-13.07.47-2-420x307.jpeg",420,307,true],"mantranews-featured-long":["https:\/\/blogopara.com.br\/wp-content\/uploads\/2025\/07\/WhatsApp-Image-2025-07-11-at-13.07.47-2-300x443.jpeg",300,443,true],"mantranews-block-medium":["https:\/\/blogopara.com.br\/wp-content\/uploads\/2025\/07\/WhatsApp-Image-2025-07-11-at-13.07.47-2-464x290.jpeg",464,290,true],"mantranews-carousel-image":["https:\/\/blogopara.com.br\/wp-content\/uploads\/2025\/07\/WhatsApp-Image-2025-07-11-at-13.07.47-2-497x500.jpeg",497,500,true],"mantranews-block-thumb":["https:\/\/blogopara.com.br\/wp-content\/uploads\/2025\/07\/WhatsApp-Image-2025-07-11-at-13.07.47-2-322x230.jpeg",322,230,true],"mantranews-single-large":["https:\/\/blogopara.com.br\/wp-content\/uploads\/2025\/07\/WhatsApp-Image-2025-07-11-at-13.07.47-2.jpeg",497,521,false]},"uagb_author_info":{"display_name":"Reda\u00e7\u00e3o geral","author_link":"https:\/\/blogopara.com.br\/index.php\/author\/blogopara"},"uagb_comment_info":0,"uagb_excerpt":"A Prefeitura de Sento S\u00e9, por meio do Departamento de Cultura, realizar\u00e1 na pr\u00f3xima ter\u00e7a-feira (15), \u00e0s 9h, na C\u00e2mara de Vereadores, a Escuta P\u00fablica da Pol\u00edtica Nacional Aldir Blanc (PNAB) \u2013 Ciclo 2, com o objetivo de ouvir a comunidade cultural local na elabora\u00e7\u00e3o do Plano de Aplica\u00e7\u00e3o de Recursos (PAR). A a\u00e7\u00e3o \u00e9&hellip;","jetpack_sharing_enabled":true,"jetpack_likes_enabled":true,"_links":{"self":[{"href":"https:\/\/blogopara.com.br\/index.php\/wp-json\/wp\/v2\/posts\/77577","targetHints":{"allow":["GET"]}}],"collection":[{"href":"https:\/\/blogopara.com.br\/index.php\/wp-json\/wp\/v2\/posts"}],"about":[{"href":"https:\/\/blogopara.com.br\/index.php\/wp-json\/wp\/v2\/types\/post"}],"author":[{"embeddable":true,"href":"https:\/\/blogopara.com.br\/index.php\/wp-json\/wp\/v2\/users\/1"}],"replies":[{"embeddable":true,"href":"https:\/\/blogopara.com.br\/index.php\/wp-json\/wp\/v2\/comments?post=77577"}],"version-history":[{"count":2,"href":"https:\/\/blogopara.com.br\/index.php\/wp-json\/wp\/v2\/posts\/77577\/revisions"}],"predecessor-version":[{"id":77580,"href":"https:\/\/blogopara.com.br\/index.php\/wp-json\/wp\/v2\/posts\/77577\/revisions\/77580"}],"wp:featuredmedia":[{"embeddable":true,"href":"https:\/\/blogopara.com.br\/index.php\/wp-json\/wp\/v2\/media\/77578"}],"wp:attachment":[{"href":"https:\/\/blogopara.com.br\/index.php\/wp-json\/wp\/v2\/media?parent=77577"}],"wp:term":[{"taxonomy":"category","embeddable":true,"href":"https:\/\/blogopara.com.br\/index.php\/wp-json\/wp\/v2\/categories?post=77577"},{"taxonomy":"post_tag","embeddable":true,"href":"https:\/\/blogopara.com.br\/index.php\/wp-json\/wp\/v2\/tags?post=77577"}],"curies":[{"name":"wp","href":"https:\/\/api.w.org\/{rel}","templated":true}]}}