{"id":77584,"date":"2025-07-12T13:59:19","date_gmt":"2025-07-12T16:59:19","guid":{"rendered":"https:\/\/blogopara.com.br\/?p=77584"},"modified":"2025-07-12T13:59:46","modified_gmt":"2025-07-12T16:59:46","slug":"ferias-doenca-rara-e-luto-quem-e-bianca-zanella-menina-que-morreu-apos-queda-no-canion-fortaleza","status":"publish","type":"post","link":"https:\/\/blogopara.com.br\/index.php\/2025\/07\/12\/ferias-doenca-rara-e-luto-quem-e-bianca-zanella-menina-que-morreu-apos-queda-no-canion-fortaleza","title":{"rendered":"F\u00e9rias, doen\u00e7a rara e luto: quem \u00e9 Bianca Zanella, menina que morreu ap\u00f3s queda no C\u00e2nion Fortaleza"},"content":{"rendered":"<div class=\"flex flex-col w-full font-normal text-[18px] leading-[30px] text-tw-theme-text-default\">\n<p id=\"paragrafo-xuykag2gj9\">A not\u00edcia de que uma crian\u00e7a sofreu uma queda fatal de 70 metros no C\u00e2nion Fortaleza, em Cambar\u00e1 do Sul (RS), se espalhou pelo Brasil. A morte precoce e as circunst\u00e2ncias causaram grande como\u00e7\u00e3o. A v\u00edtima era\u00a0Bianca Bernardon Zanella, uma menina que tinha 11 anos, que era de Curitiba e passava as f\u00e9rias com os pais e os dois irm\u00e3os mais novos. Diagnosticada com autismo e com a S\u00edndrome de Smith-Magenis, ela era uma crian\u00e7a com necessidades especiais e estava acompanhada da fam\u00edlia em um passeio tur\u00edstico quando o acidente aconteceu.\u00a0O corpo foi encontrado sem vida ap\u00f3s 10 horas de resgate.<\/p>\n<\/div>\n<div class=\"article_mrec_destaque sticky\">Apesar das necessidades especiais, Bianca era escoteira e muito ativa. Ela nasceu em Curitiba, no Paran\u00e1, onde vivia com os pais e os dois irm\u00e3os, de 9 e 5 anos. Aos 11 anos, j\u00e1 enfrentava os desafios de duas condi\u00e7\u00f5es que exigem cuidado e aten\u00e7\u00e3o redobrada: o Transtorno do Espectro Autista (TEA) e a S\u00edndrome de Smith-Magenis, uma doen\u00e7a gen\u00e9tica rara associada a atraso no desenvolvimento, altera\u00e7\u00f5es no sono, infec\u00e7\u00f5es recorrentes e comportamentos autoagressivos.<\/div>\n<div><\/div>\n<div>\n<div class=\"flex flex-col w-full font-normal text-[18px] leading-[30px] text-tw-theme-text-default\">\n<p id=\"paragrafo-pupjozsqt1\">Apesar das dificuldades, era uma menina ativa, curiosa e querida. Participava do Grupo Escoteiro Santos Dumont (GESD), em Curitiba, e foi homenageada pela organiza\u00e7\u00e3o com uma nota de pesar. \u201cBianca Bernardon Zanella deixou sua luz em cada passo na trilha da Alcateia Kaa\u201d, escreveu o grupo. No movimento escoteiro, era descrita como uma \u201clobinha alegre e dedicada\u201d, parte do ramo infantil do escotismo, destinado a crian\u00e7as de 6 a 11 anos.<\/p>\n<\/div>\n<div class=\"flex flex-col w-full font-normal text-[18px] leading-[30px] text-tw-theme-text-default\">\n<p id=\"paragrafo-51gycxw4q0\">Durante as f\u00e9rias escolares de julho, viajou com a fam\u00edlia para Cambar\u00e1 do Sul, no Rio Grande do Sul, uma das regi\u00f5es mais procuradas do pa\u00eds por turistas que buscam contato com a natureza. Na quinta-feira, 10 de julho, enquanto passeava com os pais e irm\u00e3os pelo C\u00e2nion Fortaleza, ela se afastou do grupo e correu em dire\u00e7\u00e3o \u00e0 beira do precip\u00edcio. O pai tentou alcan\u00e7\u00e1-la, mas n\u00e3o conseguiu impedir a queda.<\/p>\n<\/div>\n<div class=\"flex flex-col w-full font-normal text-[18px] leading-[30px] text-tw-theme-text-default\">\n<p id=\"paragrafo-rw97zzo6un\">Segundo o pr\u00f3prio relato dele \u00e0s autoridades, a fam\u00edlia havia parado para um lanche pr\u00f3ximo ao mirante e pretendia descansar antes de seguir o caminho de volta. O local onde a menina caiu n\u00e3o tinha prote\u00e7\u00e3o. O corpo de Bianca foi encontrado dez horas depois da queda, a mais de 70 metros de profundidade, ap\u00f3s uma opera\u00e7\u00e3o complexa feita por equipes de resgate com uso de t\u00e9cnicas de rapel e ancoragens em rocha.<\/p>\n<\/div>\n<div class=\"flex flex-col w-full font-normal text-[18px] leading-[30px] text-tw-theme-text-default\">\n<p id=\"paragrafo-za2vvqikni\">Bianca foi encontrada sem vida, e o laudo de necropsia apontou politraumatismo. O resgate, dificultado pelo mau tempo, n\u00e3o p\u00f4de ser feito de helic\u00f3ptero e precisou de apoio terrestre, com viaturas dos bombeiros servindo de base para a opera\u00e7\u00e3o de descida. A trag\u00e9dia mobilizou autoridades locais, e o governo do Paran\u00e1 enviou duas aeronaves ao Rio Grande do Sul: uma para transportar o corpo da menina e outra para levar os familiares de volta para casa.<\/p>\n<\/div>\n<div class=\"flex flex-col w-full font-normal text-[18px] leading-[30px] text-tw-theme-text-default\">\n<p id=\"paragrafo-f2d62ufxpn\">O carro da fam\u00edlia ser\u00e1 levado de volta a Curitiba por bombeiros paranaenses. A Pol\u00edcia Civil do Rio Grande do Sul instaurou inqu\u00e9rito para investigar as circunst\u00e2ncias do acidente. O Parque Nacional da Serra Geral, onde fica o C\u00e2nion Fortaleza, \u00e9 operado atualmente pela concession\u00e1ria \u00darbia Parques, respons\u00e1vel pela gest\u00e3o da seguran\u00e7a do local.<\/p>\n<\/div>\n<\/div>\n","protected":false},"excerpt":{"rendered":"<p>A not\u00edcia de que uma crian\u00e7a sofreu uma queda fatal de 70 metros no C\u00e2nion Fortaleza, em Cambar\u00e1 do Sul (RS), se espalhou pelo Brasil. A morte precoce e as circunst\u00e2ncias causaram grande como\u00e7\u00e3o. A v\u00edtima era\u00a0Bianca Bernardon Zanella, uma menina que tinha 11 anos, que era de Curitiba e passava as f\u00e9rias com os [&hellip;]<\/p>\n","protected":false},"author":1,"featured_media":77585,"comment_status":"open","ping_status":"open","sticky":false,"template":"","format":"standard","meta":{"_uag_custom_page_level_css":"","_monsterinsights_skip_tracking":false,"_monsterinsights_sitenote_active":false,"_monsterinsights_sitenote_note":"","_monsterinsights_sitenote_category":0,"jetpack_post_was_ever_published":false,"_jetpack_newsletter_access":"","_jetpack_dont_email_post_to_subs":false,"_jetpack_newsletter_tier_id":0,"_jetpack_memberships_contains_paywalled_content":false,"_jetpack_memberships_contains_paid_content":false,"footnotes":"","jetpack_publicize_message":"","jetpack_publicize_feature_enabled":true,"jetpack_social_post_already_shared":true,"jetpack_social_options":{"image_generator_settings":{"template":"highway","default_image_id":0,"font":"","enabled":false},"version":2}},"categories":[200],"tags":[],"class_list":["post-77584","post","type-post","status-publish","format-standard","has-post-thumbnail","hentry","category-brasil"],"jetpack_publicize_connections":[],"jetpack_featured_media_url":"https:\/\/blogopara.com.br\/wp-content\/uploads\/2025\/07\/Capturar-30.jpg","uagb_featured_image_src":{"full":["https:\/\/blogopara.com.br\/wp-content\/uploads\/2025\/07\/Capturar-30.jpg",500,281,false],"thumbnail":["https:\/\/blogopara.com.br\/wp-content\/uploads\/2025\/07\/Capturar-30-150x150.jpg",150,150,true],"medium":["https:\/\/blogopara.com.br\/wp-content\/uploads\/2025\/07\/Capturar-30-300x169.jpg",300,169,true],"medium_large":["https:\/\/blogopara.com.br\/wp-content\/uploads\/2025\/07\/Capturar-30.jpg",500,281,false],"large":["https:\/\/blogopara.com.br\/wp-content\/uploads\/2025\/07\/Capturar-30.jpg",500,281,false],"1536x1536":["https:\/\/blogopara.com.br\/wp-content\/uploads\/2025\/07\/Capturar-30.jpg",500,281,false],"2048x2048":["https:\/\/blogopara.com.br\/wp-content\/uploads\/2025\/07\/Capturar-30.jpg",500,281,false],"mantranews-slider-large":["https:\/\/blogopara.com.br\/wp-content\/uploads\/2025\/07\/Capturar-30.jpg",500,281,false],"mantranews-featured-medium":["https:\/\/blogopara.com.br\/wp-content\/uploads\/2025\/07\/Capturar-30-420x281.jpg",420,281,true],"mantranews-featured-long":["https:\/\/blogopara.com.br\/wp-content\/uploads\/2025\/07\/Capturar-30-300x281.jpg",300,281,true],"mantranews-block-medium":["https:\/\/blogopara.com.br\/wp-content\/uploads\/2025\/07\/Capturar-30-464x281.jpg",464,281,true],"mantranews-carousel-image":["https:\/\/blogopara.com.br\/wp-content\/uploads\/2025\/07\/Capturar-30.jpg",500,281,false],"mantranews-block-thumb":["https:\/\/blogopara.com.br\/wp-content\/uploads\/2025\/07\/Capturar-30-322x230.jpg",322,230,true],"mantranews-single-large":["https:\/\/blogopara.com.br\/wp-content\/uploads\/2025\/07\/Capturar-30.jpg",500,281,false]},"uagb_author_info":{"display_name":"Reda\u00e7\u00e3o geral","author_link":"https:\/\/blogopara.com.br\/index.php\/author\/blogopara"},"uagb_comment_info":0,"uagb_excerpt":"A not\u00edcia de que uma crian\u00e7a sofreu uma queda fatal de 70 metros no C\u00e2nion Fortaleza, em Cambar\u00e1 do Sul (RS), se espalhou pelo Brasil. A morte precoce e as circunst\u00e2ncias causaram grande como\u00e7\u00e3o. A v\u00edtima era\u00a0Bianca Bernardon Zanella, uma menina que tinha 11 anos, que era de Curitiba e passava as f\u00e9rias com os&hellip;","jetpack_sharing_enabled":true,"jetpack_likes_enabled":true,"_links":{"self":[{"href":"https:\/\/blogopara.com.br\/index.php\/wp-json\/wp\/v2\/posts\/77584","targetHints":{"allow":["GET"]}}],"collection":[{"href":"https:\/\/blogopara.com.br\/index.php\/wp-json\/wp\/v2\/posts"}],"about":[{"href":"https:\/\/blogopara.com.br\/index.php\/wp-json\/wp\/v2\/types\/post"}],"author":[{"embeddable":true,"href":"https:\/\/blogopara.com.br\/index.php\/wp-json\/wp\/v2\/users\/1"}],"replies":[{"embeddable":true,"href":"https:\/\/blogopara.com.br\/index.php\/wp-json\/wp\/v2\/comments?post=77584"}],"version-history":[{"count":3,"href":"https:\/\/blogopara.com.br\/index.php\/wp-json\/wp\/v2\/posts\/77584\/revisions"}],"predecessor-version":[{"id":77588,"href":"https:\/\/blogopara.com.br\/index.php\/wp-json\/wp\/v2\/posts\/77584\/revisions\/77588"}],"wp:featuredmedia":[{"embeddable":true,"href":"https:\/\/blogopara.com.br\/index.php\/wp-json\/wp\/v2\/media\/77585"}],"wp:attachment":[{"href":"https:\/\/blogopara.com.br\/index.php\/wp-json\/wp\/v2\/media?parent=77584"}],"wp:term":[{"taxonomy":"category","embeddable":true,"href":"https:\/\/blogopara.com.br\/index.php\/wp-json\/wp\/v2\/categories?post=77584"},{"taxonomy":"post_tag","embeddable":true,"href":"https:\/\/blogopara.com.br\/index.php\/wp-json\/wp\/v2\/tags?post=77584"}],"curies":[{"name":"wp","href":"https:\/\/api.w.org\/{rel}","templated":true}]}}