{"id":77796,"date":"2025-07-19T09:02:25","date_gmt":"2025-07-19T12:02:25","guid":{"rendered":"https:\/\/blogopara.com.br\/?p=77796"},"modified":"2025-07-19T09:02:25","modified_gmt":"2025-07-19T12:02:25","slug":"camara-de-juazeiro-entrega-titulo-de-cidadao-juazeirense-ao-governador-jeronimo-rodrigues","status":"publish","type":"post","link":"https:\/\/blogopara.com.br\/index.php\/2025\/07\/19\/camara-de-juazeiro-entrega-titulo-de-cidadao-juazeirense-ao-governador-jeronimo-rodrigues","title":{"rendered":"C\u00e2mara de Juazeiro entrega T\u00edtulo de Cidad\u00e3o Juazeirense ao Governador Jer\u00f4nimo Rodrigues"},"content":{"rendered":"<p>A C\u00e2mara Municipal de Juazeiro realizou, nesta sexta-feira (18), uma Sess\u00e3o Solene para a entrega do T\u00edtulo de Cidad\u00e3o Juazeirense ao governador da Bahia, Jer\u00f4nimo Rodrigues. A cerim\u00f4nia ocorreu em frente \u00e0 sede da R\u00e1dio Juazeiro e reuniu autoridades, lideran\u00e7as comunit\u00e1rias e a popula\u00e7\u00e3o local.<\/p>\n<p>A homenagem foi proposta pelo presidente da Casa Legislativa, vereador Mitu do Sindicato, como forma de reconhecer os relevantes servi\u00e7os prestados pelo governador ao munic\u00edpio e \u00e0 regi\u00e3o do Vale do S\u00e3o Francisco, especialmente nas \u00e1reas de infraestrutura, educa\u00e7\u00e3o, desenvolvimento social e fortalecimento das pol\u00edticas p\u00fablicas.<\/p>\n<p>\u201cJuazeiro agradece a Jer\u00f4nimo por seu compromisso com o nosso povo. Esta honraria simboliza o reconhecimento de uma cidade inteira ao trabalho de um governador que tem olhado com aten\u00e7\u00e3o para o interior\u201d, afirmou o vereador Mitu.<\/p>\n<p>Durante a solenidade, o prefeito Andrei Gon\u00e7alves destacou a import\u00e2ncia da parceria entre o munic\u00edpio e o Governo do Estado:<\/p>\n<p>\u201cJer\u00f4nimo tem contribu\u00eddo diretamente para transformar nossa realidade. Esta homenagem representa tamb\u00e9m a uni\u00e3o de for\u00e7as pelo desenvolvimento de Juazeiro.\u201d<\/p>\n<p>Emocionado, o governador Jer\u00f4nimo Rodrigues agradeceu a honraria e reafirmou o compromisso com a cidade:<\/p>\n<p>\u201cReceber este t\u00edtulo me enche de alegria e responsabilidade. Juazeiro \u00e9 uma terra forte, de gente aguerrida, e farei sempre o poss\u00edvel para retribuir esse carinho com trabalho e resultados.\u201d<\/p>\n<p>O T\u00edtulo de Cidad\u00e3o Juazeirense \u00e9 a maior honraria concedida pela C\u00e2mara Municipal a personalidades que, mesmo n\u00e3o sendo naturais da cidade, contribu\u00edram de forma significativa para seu progresso e qualidade de vida da popula\u00e7\u00e3o.<\/p>\n","protected":false},"excerpt":{"rendered":"<p>A C\u00e2mara Municipal de Juazeiro realizou, nesta sexta-feira (18), uma Sess\u00e3o Solene para a entrega do T\u00edtulo de Cidad\u00e3o Juazeirense ao governador da Bahia, Jer\u00f4nimo Rodrigues. A cerim\u00f4nia ocorreu em frente \u00e0 sede da R\u00e1dio Juazeiro e reuniu autoridades, lideran\u00e7as comunit\u00e1rias e a popula\u00e7\u00e3o local. A homenagem foi proposta pelo presidente da Casa Legislativa, vereador [&hellip;]<\/p>\n","protected":false},"author":1,"featured_media":77797,"comment_status":"open","ping_status":"open","sticky":false,"template":"","format":"standard","meta":{"_uag_custom_page_level_css":"","_monsterinsights_skip_tracking":false,"_monsterinsights_sitenote_active":false,"_monsterinsights_sitenote_note":"","_monsterinsights_sitenote_category":0,"jetpack_post_was_ever_published":false,"_jetpack_newsletter_access":"","_jetpack_dont_email_post_to_subs":false,"_jetpack_newsletter_tier_id":0,"_jetpack_memberships_contains_paywalled_content":false,"_jetpack_memberships_contains_paid_content":false,"footnotes":"","jetpack_publicize_message":"","jetpack_publicize_feature_enabled":true,"jetpack_social_post_already_shared":true,"jetpack_social_options":{"image_generator_settings":{"template":"highway","default_image_id":0,"font":"","enabled":false},"version":2}},"categories":[203],"tags":[6759,10014,10099,11692,7692,11898],"class_list":["post-77796","post","type-post","status-publish","format-standard","has-post-thumbnail","hentry","category-juazeiro","tag-camara-da-vereadores-de-juazeiro","tag-governador-da-bahia","tag-jeronimo-rodrigues-2","tag-mitu-do-sindicato","tag-presidente-da-cmj","tag-vereador-mitu"],"jetpack_publicize_connections":[],"jetpack_featured_media_url":"https:\/\/blogopara.com.br\/wp-content\/uploads\/2025\/07\/thumbnail_eba96590-57ca-480f-89ca-bfba553a1682.jpg","uagb_featured_image_src":{"full":["https:\/\/blogopara.com.br\/wp-content\/uploads\/2025\/07\/thumbnail_eba96590-57ca-480f-89ca-bfba553a1682.jpg",500,333,false],"thumbnail":["https:\/\/blogopara.com.br\/wp-content\/uploads\/2025\/07\/thumbnail_eba96590-57ca-480f-89ca-bfba553a1682-150x150.jpg",150,150,true],"medium":["https:\/\/blogopara.com.br\/wp-content\/uploads\/2025\/07\/thumbnail_eba96590-57ca-480f-89ca-bfba553a1682-300x200.jpg",300,200,true],"medium_large":["https:\/\/blogopara.com.br\/wp-content\/uploads\/2025\/07\/thumbnail_eba96590-57ca-480f-89ca-bfba553a1682.jpg",500,333,false],"large":["https:\/\/blogopara.com.br\/wp-content\/uploads\/2025\/07\/thumbnail_eba96590-57ca-480f-89ca-bfba553a1682.jpg",500,333,false],"1536x1536":["https:\/\/blogopara.com.br\/wp-content\/uploads\/2025\/07\/thumbnail_eba96590-57ca-480f-89ca-bfba553a1682.jpg",500,333,false],"2048x2048":["https:\/\/blogopara.com.br\/wp-content\/uploads\/2025\/07\/thumbnail_eba96590-57ca-480f-89ca-bfba553a1682.jpg",500,333,false],"mantranews-slider-large":["https:\/\/blogopara.com.br\/wp-content\/uploads\/2025\/07\/thumbnail_eba96590-57ca-480f-89ca-bfba553a1682.jpg",500,333,false],"mantranews-featured-medium":["https:\/\/blogopara.com.br\/wp-content\/uploads\/2025\/07\/thumbnail_eba96590-57ca-480f-89ca-bfba553a1682-420x307.jpg",420,307,true],"mantranews-featured-long":["https:\/\/blogopara.com.br\/wp-content\/uploads\/2025\/07\/thumbnail_eba96590-57ca-480f-89ca-bfba553a1682-300x333.jpg",300,333,true],"mantranews-block-medium":["https:\/\/blogopara.com.br\/wp-content\/uploads\/2025\/07\/thumbnail_eba96590-57ca-480f-89ca-bfba553a1682-464x290.jpg",464,290,true],"mantranews-carousel-image":["https:\/\/blogopara.com.br\/wp-content\/uploads\/2025\/07\/thumbnail_eba96590-57ca-480f-89ca-bfba553a1682.jpg",500,333,false],"mantranews-block-thumb":["https:\/\/blogopara.com.br\/wp-content\/uploads\/2025\/07\/thumbnail_eba96590-57ca-480f-89ca-bfba553a1682-322x230.jpg",322,230,true],"mantranews-single-large":["https:\/\/blogopara.com.br\/wp-content\/uploads\/2025\/07\/thumbnail_eba96590-57ca-480f-89ca-bfba553a1682.jpg",500,333,false]},"uagb_author_info":{"display_name":"Reda\u00e7\u00e3o geral","author_link":"https:\/\/blogopara.com.br\/index.php\/author\/blogopara"},"uagb_comment_info":0,"uagb_excerpt":"A C\u00e2mara Municipal de Juazeiro realizou, nesta sexta-feira (18), uma Sess\u00e3o Solene para a entrega do T\u00edtulo de Cidad\u00e3o Juazeirense ao governador da Bahia, Jer\u00f4nimo Rodrigues. A cerim\u00f4nia ocorreu em frente \u00e0 sede da R\u00e1dio Juazeiro e reuniu autoridades, lideran\u00e7as comunit\u00e1rias e a popula\u00e7\u00e3o local. A homenagem foi proposta pelo presidente da Casa Legislativa, vereador&hellip;","jetpack_sharing_enabled":true,"jetpack_likes_enabled":true,"_links":{"self":[{"href":"https:\/\/blogopara.com.br\/index.php\/wp-json\/wp\/v2\/posts\/77796","targetHints":{"allow":["GET"]}}],"collection":[{"href":"https:\/\/blogopara.com.br\/index.php\/wp-json\/wp\/v2\/posts"}],"about":[{"href":"https:\/\/blogopara.com.br\/index.php\/wp-json\/wp\/v2\/types\/post"}],"author":[{"embeddable":true,"href":"https:\/\/blogopara.com.br\/index.php\/wp-json\/wp\/v2\/users\/1"}],"replies":[{"embeddable":true,"href":"https:\/\/blogopara.com.br\/index.php\/wp-json\/wp\/v2\/comments?post=77796"}],"version-history":[{"count":1,"href":"https:\/\/blogopara.com.br\/index.php\/wp-json\/wp\/v2\/posts\/77796\/revisions"}],"predecessor-version":[{"id":77798,"href":"https:\/\/blogopara.com.br\/index.php\/wp-json\/wp\/v2\/posts\/77796\/revisions\/77798"}],"wp:featuredmedia":[{"embeddable":true,"href":"https:\/\/blogopara.com.br\/index.php\/wp-json\/wp\/v2\/media\/77797"}],"wp:attachment":[{"href":"https:\/\/blogopara.com.br\/index.php\/wp-json\/wp\/v2\/media?parent=77796"}],"wp:term":[{"taxonomy":"category","embeddable":true,"href":"https:\/\/blogopara.com.br\/index.php\/wp-json\/wp\/v2\/categories?post=77796"},{"taxonomy":"post_tag","embeddable":true,"href":"https:\/\/blogopara.com.br\/index.php\/wp-json\/wp\/v2\/tags?post=77796"}],"curies":[{"name":"wp","href":"https:\/\/api.w.org\/{rel}","templated":true}]}}