{"id":77819,"date":"2025-07-19T10:42:23","date_gmt":"2025-07-19T13:42:23","guid":{"rendered":"https:\/\/blogopara.com.br\/?p=77819"},"modified":"2025-07-19T10:43:08","modified_gmt":"2025-07-19T13:43:08","slug":"juazeiro-147-anos-investimento-de-r-38-milhoes-garante-moradia-a-250-familias-atraves-do-minha-casa-minha-vida","status":"publish","type":"post","link":"https:\/\/blogopara.com.br\/index.php\/2025\/07\/19\/juazeiro-147-anos-investimento-de-r-38-milhoes-garante-moradia-a-250-familias-atraves-do-minha-casa-minha-vida","title":{"rendered":"Juazeiro 147 anos: investimento de R$ 38 milh\u00f5es garante moradia a 250 fam\u00edlias atrav\u00e9s do Minha Casa, Minha Vida"},"content":{"rendered":"<div id=\":qf\" class=\"Am aiL Al editable LW-avf tS-tW tS-tY\" role=\"textbox\" aria-label=\"Corpo da mensagem\">\n<p>Dentro das comemora\u00e7\u00f5es pelos 147 anos de Juazeiro, a cidade celebrou, nesta sexta-feira (18), a assinatura da ordem de servi\u00e7o para a constru\u00e7\u00e3o de 250 unidades habitacionais do Programa Minha Casa, Minha Vida (MCMV), no bairro Itaberaba. O investimento \u00e9 de R$ 38 milh\u00f5es, com prazo de execu\u00e7\u00e3o de 18 meses. A iniciativa garantir\u00e1 moradia digna a centenas de fam\u00edlias juazeirenses e refor\u00e7a o compromisso com a inclus\u00e3o social e o desenvolvimento urbano.<\/p>\n<p>O ato foi realizado na sede da Prefeitura de Juazeiro com a presen\u00e7a do governador Jer\u00f4nimo Rodrigues, que destacou a import\u00e2ncia da a\u00e7\u00e3o.\u201c250 casas no bairro Itaberaba, aqui em Juazeiro, parceria com a Caixa Econ\u00f4mica, com o Minha Casa Minha Vida. Quero agradecer essa oportunidade, anivers\u00e1rio de 147 anos de Juazeiro, mais qualidade de vida e, dentre elas, casa, que \u00e9 um lugar sagrado. Viva Juazeiro\u201d, disse.<\/p>\n<p>Tamb\u00e9m participaram do evento o prefeito Andrei Gon\u00e7alves e o vice-prefeito Tiano F\u00e9lix, que celebraram a conquista ao lado da popula\u00e7\u00e3o.<br \/>\n\u201c\u00c9 um momento hist\u00f3rico para Juazeiro, um momento \u00edmpar que est\u00e1 registrado nas fotos, na mem\u00f3ria e no cora\u00e7\u00e3o. Representa n\u00e3o apenas a constru\u00e7\u00e3o de casas, mas de sonhos, de dignidade e de pertencimento para centenas de fam\u00edlias juazeirenses\u201d, afirmou o prefeito Andrei.<\/p>\n<p>A solenidade contou ainda com a presen\u00e7a dos deputados federais L\u00eddice da Mata, Josias Gomes, Jos\u00e9 Neto; dos deputados estaduais Roberto Carlos, Fabiola Mansur e Fabr\u00edcio Dias Nunes da Silva; al\u00e9m de prefeitos de cidades da regi\u00e3o Norte da Bahia. Representantes da Caixa Econ\u00f4mica Federal, vereadores, secret\u00e1rios municipais, lideran\u00e7as comunit\u00e1rias, assessores pol\u00edticos, imprensa e o corregedor-geral do Tribunal de Justi\u00e7a da Bahia, desembargador Frank Maynard, tamb\u00e9m prestigiaram o momento, junto \u00e0 equipe da construtora respons\u00e1vel pela obra.<\/p>\n<div><b>Inscri\u00e7\u00f5es para o Minha Casa, Minha Vida come\u00e7am em agosto<br \/>\n<\/b><br \/>\nA Prefeitura de Juazeiro inicia, em agosto de 2025, uma nova etapa de inscri\u00e7\u00f5es do Programa Minha Casa, Minha Vida. O objetivo \u00e9 ampliar o acesso \u00e0 moradia para fam\u00edlias em situa\u00e7\u00e3o de vulnerabilidade, por meio do Cadastro Geral de Habita\u00e7\u00e3o de Interesse Social, institu\u00eddo pelo Decreto n\u00ba 263\/2025.<\/div>\n<div><\/div>\n<div>\n<p>\u201cEssa \u00e9 uma pol\u00edtica p\u00fablica fundamental para atender quem mais precisa. Estamos organizando um cadastro transparente, justo e acess\u00edvel \u00e0 popula\u00e7\u00e3o\u201d, destacou o secret\u00e1rio de Ordem P\u00fablica e Habita\u00e7\u00e3o, Giovanne Silva. A gest\u00e3o municipal refor\u00e7a que as inscri\u00e7\u00f5es ainda n\u00e3o foram abertas e recomenda que a popula\u00e7\u00e3o acompanhe os canais oficiais: www.juazeiro.ba.gov.br e o perfil @prefeituradejuazeiro no Instagram. O cadastro poder\u00e1 ser feito online ou presencialmente na sede da SOPH.<\/p>\n<\/div>\n<div>___<\/div>\n<div>Texto: Eudes Sampaio \u2013 Ascom\/PMJ<\/div>\n<\/div>\n","protected":false},"excerpt":{"rendered":"<p>Dentro das comemora\u00e7\u00f5es pelos 147 anos de Juazeiro, a cidade celebrou, nesta sexta-feira (18), a assinatura da ordem de servi\u00e7o para a constru\u00e7\u00e3o de 250 unidades habitacionais do Programa Minha Casa, Minha Vida (MCMV), no bairro Itaberaba. O investimento \u00e9 de R$ 38 milh\u00f5es, com prazo de execu\u00e7\u00e3o de 18 meses. A iniciativa garantir\u00e1 moradia [&hellip;]<\/p>\n","protected":false},"author":1,"featured_media":77822,"comment_status":"open","ping_status":"open","sticky":false,"template":"","format":"standard","meta":{"_uag_custom_page_level_css":"","_monsterinsights_skip_tracking":false,"_monsterinsights_sitenote_active":false,"_monsterinsights_sitenote_note":"","_monsterinsights_sitenote_category":0,"jetpack_post_was_ever_published":false,"_jetpack_newsletter_access":"","_jetpack_dont_email_post_to_subs":false,"_jetpack_newsletter_tier_id":0,"_jetpack_memberships_contains_paywalled_content":false,"_jetpack_memberships_contains_paid_content":false,"footnotes":"","jetpack_publicize_message":"","jetpack_publicize_feature_enabled":true,"jetpack_social_post_already_shared":true,"jetpack_social_options":{"image_generator_settings":{"template":"highway","default_image_id":0,"font":"","enabled":false},"version":2}},"categories":[197],"tags":[],"class_list":["post-77819","post","type-post","status-publish","format-standard","has-post-thumbnail","hentry","category-politica"],"jetpack_publicize_connections":[],"jetpack_featured_media_url":"https:\/\/blogopara.com.br\/wp-content\/uploads\/2025\/07\/transferir-1-3.jpg","uagb_featured_image_src":{"full":["https:\/\/blogopara.com.br\/wp-content\/uploads\/2025\/07\/transferir-1-3.jpg",500,400,false],"thumbnail":["https:\/\/blogopara.com.br\/wp-content\/uploads\/2025\/07\/transferir-1-3-150x150.jpg",150,150,true],"medium":["https:\/\/blogopara.com.br\/wp-content\/uploads\/2025\/07\/transferir-1-3-300x240.jpg",300,240,true],"medium_large":["https:\/\/blogopara.com.br\/wp-content\/uploads\/2025\/07\/transferir-1-3.jpg",500,400,false],"large":["https:\/\/blogopara.com.br\/wp-content\/uploads\/2025\/07\/transferir-1-3.jpg",500,400,false],"1536x1536":["https:\/\/blogopara.com.br\/wp-content\/uploads\/2025\/07\/transferir-1-3.jpg",500,400,false],"2048x2048":["https:\/\/blogopara.com.br\/wp-content\/uploads\/2025\/07\/transferir-1-3.jpg",500,400,false],"mantranews-slider-large":["https:\/\/blogopara.com.br\/wp-content\/uploads\/2025\/07\/transferir-1-3.jpg",500,400,false],"mantranews-featured-medium":["https:\/\/blogopara.com.br\/wp-content\/uploads\/2025\/07\/transferir-1-3-420x307.jpg",420,307,true],"mantranews-featured-long":["https:\/\/blogopara.com.br\/wp-content\/uploads\/2025\/07\/transferir-1-3-300x400.jpg",300,400,true],"mantranews-block-medium":["https:\/\/blogopara.com.br\/wp-content\/uploads\/2025\/07\/transferir-1-3-464x290.jpg",464,290,true],"mantranews-carousel-image":["https:\/\/blogopara.com.br\/wp-content\/uploads\/2025\/07\/transferir-1-3.jpg",500,400,false],"mantranews-block-thumb":["https:\/\/blogopara.com.br\/wp-content\/uploads\/2025\/07\/transferir-1-3-322x230.jpg",322,230,true],"mantranews-single-large":["https:\/\/blogopara.com.br\/wp-content\/uploads\/2025\/07\/transferir-1-3.jpg",500,400,false]},"uagb_author_info":{"display_name":"Reda\u00e7\u00e3o geral","author_link":"https:\/\/blogopara.com.br\/index.php\/author\/blogopara"},"uagb_comment_info":0,"uagb_excerpt":"Dentro das comemora\u00e7\u00f5es pelos 147 anos de Juazeiro, a cidade celebrou, nesta sexta-feira (18), a assinatura da ordem de servi\u00e7o para a constru\u00e7\u00e3o de 250 unidades habitacionais do Programa Minha Casa, Minha Vida (MCMV), no bairro Itaberaba. O investimento \u00e9 de R$ 38 milh\u00f5es, com prazo de execu\u00e7\u00e3o de 18 meses. A iniciativa garantir\u00e1 moradia&hellip;","jetpack_sharing_enabled":true,"jetpack_likes_enabled":true,"_links":{"self":[{"href":"https:\/\/blogopara.com.br\/index.php\/wp-json\/wp\/v2\/posts\/77819","targetHints":{"allow":["GET"]}}],"collection":[{"href":"https:\/\/blogopara.com.br\/index.php\/wp-json\/wp\/v2\/posts"}],"about":[{"href":"https:\/\/blogopara.com.br\/index.php\/wp-json\/wp\/v2\/types\/post"}],"author":[{"embeddable":true,"href":"https:\/\/blogopara.com.br\/index.php\/wp-json\/wp\/v2\/users\/1"}],"replies":[{"embeddable":true,"href":"https:\/\/blogopara.com.br\/index.php\/wp-json\/wp\/v2\/comments?post=77819"}],"version-history":[{"count":1,"href":"https:\/\/blogopara.com.br\/index.php\/wp-json\/wp\/v2\/posts\/77819\/revisions"}],"predecessor-version":[{"id":77821,"href":"https:\/\/blogopara.com.br\/index.php\/wp-json\/wp\/v2\/posts\/77819\/revisions\/77821"}],"wp:featuredmedia":[{"embeddable":true,"href":"https:\/\/blogopara.com.br\/index.php\/wp-json\/wp\/v2\/media\/77822"}],"wp:attachment":[{"href":"https:\/\/blogopara.com.br\/index.php\/wp-json\/wp\/v2\/media?parent=77819"}],"wp:term":[{"taxonomy":"category","embeddable":true,"href":"https:\/\/blogopara.com.br\/index.php\/wp-json\/wp\/v2\/categories?post=77819"},{"taxonomy":"post_tag","embeddable":true,"href":"https:\/\/blogopara.com.br\/index.php\/wp-json\/wp\/v2\/tags?post=77819"}],"curies":[{"name":"wp","href":"https:\/\/api.w.org\/{rel}","templated":true}]}}