{"id":77823,"date":"2025-07-19T10:45:04","date_gmt":"2025-07-19T13:45:04","guid":{"rendered":"https:\/\/blogopara.com.br\/?p=77823"},"modified":"2025-07-19T10:45:04","modified_gmt":"2025-07-19T13:45:04","slug":"feira-de-saude-mais-perto-ja-ultrapassa-9-mil-atendimentos-em-juazeiro-com-o-programa-agora-tem-especialistas","status":"publish","type":"post","link":"https:\/\/blogopara.com.br\/index.php\/2025\/07\/19\/feira-de-saude-mais-perto-ja-ultrapassa-9-mil-atendimentos-em-juazeiro-com-o-programa-agora-tem-especialistas","title":{"rendered":"Feira de Sa\u00fade Mais Perto j\u00e1 ultrapassa 9 mil atendimentos em Juazeiro com o programa \u201cAgora Tem Especialistas\u201d"},"content":{"rendered":"<p>A Feira de Sa\u00fade Mais Perto segue sendo um grande sucesso em Juazeiro, proporcionando diversos atendimentos especializados gratuitos \u00e0 popula\u00e7\u00e3o, por meio do programa Agora Tem Especialistas. Realizada na Policl\u00ednica Regional, a iniciativa j\u00e1 contabilizou mais de 9 mil atendimentos em apenas dois dias.<\/p>\n<p>Somente na quarta-feira (16), foram registrados 3.975 atendimentos, n\u00famero que saltou para 5.040 na quinta-feira (17), refletindo a grande ades\u00e3o e procura pelos servi\u00e7os oferecidos.<\/p>\n<p>A a\u00e7\u00e3o \u00e9 uma parceria entre o Governo Federal, Governo da Bahia e Prefeitura de Juazeiro, e seguir\u00e1 at\u00e9 este s\u00e1bado (19), das 7h \u00e0s 17h, oferecendo servi\u00e7os como ultrassonografia, mamografia, eletrocardiograma, exames laboratoriais, al\u00e9m de consultas com ginecologista, mastologista, nutricionista, oftalmologista, odontologista, entre outros.<\/p>\n<p><img loading=\"lazy\" decoding=\"async\" class=\"alignnone size-medium wp-image-116092 aligncenter\" src=\"https:\/\/www.juazeiro.ba.gov.br\/wp-content\/uploads\/2025\/07\/08-2-1-300x240.jpg\" sizes=\"auto, (max-width: 300px) 100vw, 300px\" srcset=\"https:\/\/www.juazeiro.ba.gov.br\/wp-content\/uploads\/2025\/07\/08-2-1-300x240.jpg 300w, https:\/\/www.juazeiro.ba.gov.br\/wp-content\/uploads\/2025\/07\/08-2-1.jpg 400w\" alt=\"\" width=\"300\" height=\"240\" \/><\/p>\n<p>Para o secret\u00e1rio de Sa\u00fade de Juazeiro, Helder Coutinho, a mobiliza\u00e7\u00e3o \u00e9 um exemplo de como a articula\u00e7\u00e3o entre os entes p\u00fablicos pode garantir dignidade \u00e0 popula\u00e7\u00e3o. \u201cA Feira \u00e9 uma vit\u00f3ria para Juazeiro. Ver a popula\u00e7\u00e3o sendo bem atendida, com estrutura e acolhimento, s\u00f3 refor\u00e7a o quanto precisamos fortalecer pol\u00edticas p\u00fablicas de acesso \u00e0 sa\u00fade. O sucesso da ades\u00e3o da popula\u00e7\u00e3o e a organiza\u00e7\u00e3o do evento mostram que estamos no caminho certo\u201d, afirmou o secret\u00e1rio.<\/p>\n<p>Entre os milhares de atendidos, a dona de casa Maria das Dores Ferreira, de 62 anos, compartilhou emocionada sua experi\u00eancia. \u201cFaz mais de dois anos que eu tentava uma consulta com oftalmologista. Hoje fui atendida com carinho, fiz exames, cirurgia, tudo no mesmo dia. \u00c9 um sonho realizado. S\u00f3 tenho gratid\u00e3o a todos que organizaram essa feira\u201d, disse.<\/p>\n<p>&nbsp;<\/p>\n<p>&nbsp;<\/p>\n<p>Texto: Camila Santana \u2013 Ascom PMJ\/Sesau<\/p>\n","protected":false},"excerpt":{"rendered":"<p>A Feira de Sa\u00fade Mais Perto segue sendo um grande sucesso em Juazeiro, proporcionando diversos atendimentos especializados gratuitos \u00e0 popula\u00e7\u00e3o, por meio do programa Agora Tem Especialistas. Realizada na Policl\u00ednica Regional, a iniciativa j\u00e1 contabilizou mais de 9 mil atendimentos em apenas dois dias. Somente na quarta-feira (16), foram registrados 3.975 atendimentos, n\u00famero que saltou [&hellip;]<\/p>\n","protected":false},"author":1,"featured_media":77820,"comment_status":"open","ping_status":"open","sticky":false,"template":"","format":"standard","meta":{"_uag_custom_page_level_css":"","_monsterinsights_skip_tracking":false,"_monsterinsights_sitenote_active":false,"_monsterinsights_sitenote_note":"","_monsterinsights_sitenote_category":0,"jetpack_post_was_ever_published":false,"_jetpack_newsletter_access":"","_jetpack_dont_email_post_to_subs":false,"_jetpack_newsletter_tier_id":0,"_jetpack_memberships_contains_paywalled_content":false,"_jetpack_memberships_contains_paid_content":false,"footnotes":"","jetpack_publicize_message":"","jetpack_publicize_feature_enabled":true,"jetpack_social_post_already_shared":true,"jetpack_social_options":{"image_generator_settings":{"template":"highway","default_image_id":0,"font":"","enabled":false},"version":2}},"categories":[205],"tags":[],"class_list":["post-77823","post","type-post","status-publish","format-standard","has-post-thumbnail","hentry","category-saude"],"jetpack_publicize_connections":[],"jetpack_featured_media_url":"https:\/\/blogopara.com.br\/wp-content\/uploads\/2025\/07\/transferir-6.jpg","uagb_featured_image_src":{"full":["https:\/\/blogopara.com.br\/wp-content\/uploads\/2025\/07\/transferir-6.jpg",450,300,false],"thumbnail":["https:\/\/blogopara.com.br\/wp-content\/uploads\/2025\/07\/transferir-6-150x150.jpg",150,150,true],"medium":["https:\/\/blogopara.com.br\/wp-content\/uploads\/2025\/07\/transferir-6-300x200.jpg",300,200,true],"medium_large":["https:\/\/blogopara.com.br\/wp-content\/uploads\/2025\/07\/transferir-6.jpg",450,300,false],"large":["https:\/\/blogopara.com.br\/wp-content\/uploads\/2025\/07\/transferir-6.jpg",450,300,false],"1536x1536":["https:\/\/blogopara.com.br\/wp-content\/uploads\/2025\/07\/transferir-6.jpg",450,300,false],"2048x2048":["https:\/\/blogopara.com.br\/wp-content\/uploads\/2025\/07\/transferir-6.jpg",450,300,false],"mantranews-slider-large":["https:\/\/blogopara.com.br\/wp-content\/uploads\/2025\/07\/transferir-6.jpg",450,300,false],"mantranews-featured-medium":["https:\/\/blogopara.com.br\/wp-content\/uploads\/2025\/07\/transferir-6-420x300.jpg",420,300,true],"mantranews-featured-long":["https:\/\/blogopara.com.br\/wp-content\/uploads\/2025\/07\/transferir-6-300x300.jpg",300,300,true],"mantranews-block-medium":["https:\/\/blogopara.com.br\/wp-content\/uploads\/2025\/07\/transferir-6-450x290.jpg",450,290,true],"mantranews-carousel-image":["https:\/\/blogopara.com.br\/wp-content\/uploads\/2025\/07\/transferir-6.jpg",450,300,false],"mantranews-block-thumb":["https:\/\/blogopara.com.br\/wp-content\/uploads\/2025\/07\/transferir-6-322x230.jpg",322,230,true],"mantranews-single-large":["https:\/\/blogopara.com.br\/wp-content\/uploads\/2025\/07\/transferir-6.jpg",450,300,false]},"uagb_author_info":{"display_name":"Reda\u00e7\u00e3o geral","author_link":"https:\/\/blogopara.com.br\/index.php\/author\/blogopara"},"uagb_comment_info":0,"uagb_excerpt":"A Feira de Sa\u00fade Mais Perto segue sendo um grande sucesso em Juazeiro, proporcionando diversos atendimentos especializados gratuitos \u00e0 popula\u00e7\u00e3o, por meio do programa Agora Tem Especialistas. Realizada na Policl\u00ednica Regional, a iniciativa j\u00e1 contabilizou mais de 9 mil atendimentos em apenas dois dias. Somente na quarta-feira (16), foram registrados 3.975 atendimentos, n\u00famero que saltou&hellip;","jetpack_sharing_enabled":true,"jetpack_likes_enabled":true,"_links":{"self":[{"href":"https:\/\/blogopara.com.br\/index.php\/wp-json\/wp\/v2\/posts\/77823","targetHints":{"allow":["GET"]}}],"collection":[{"href":"https:\/\/blogopara.com.br\/index.php\/wp-json\/wp\/v2\/posts"}],"about":[{"href":"https:\/\/blogopara.com.br\/index.php\/wp-json\/wp\/v2\/types\/post"}],"author":[{"embeddable":true,"href":"https:\/\/blogopara.com.br\/index.php\/wp-json\/wp\/v2\/users\/1"}],"replies":[{"embeddable":true,"href":"https:\/\/blogopara.com.br\/index.php\/wp-json\/wp\/v2\/comments?post=77823"}],"version-history":[{"count":1,"href":"https:\/\/blogopara.com.br\/index.php\/wp-json\/wp\/v2\/posts\/77823\/revisions"}],"predecessor-version":[{"id":77824,"href":"https:\/\/blogopara.com.br\/index.php\/wp-json\/wp\/v2\/posts\/77823\/revisions\/77824"}],"wp:featuredmedia":[{"embeddable":true,"href":"https:\/\/blogopara.com.br\/index.php\/wp-json\/wp\/v2\/media\/77820"}],"wp:attachment":[{"href":"https:\/\/blogopara.com.br\/index.php\/wp-json\/wp\/v2\/media?parent=77823"}],"wp:term":[{"taxonomy":"category","embeddable":true,"href":"https:\/\/blogopara.com.br\/index.php\/wp-json\/wp\/v2\/categories?post=77823"},{"taxonomy":"post_tag","embeddable":true,"href":"https:\/\/blogopara.com.br\/index.php\/wp-json\/wp\/v2\/tags?post=77823"}],"curies":[{"name":"wp","href":"https:\/\/api.w.org\/{rel}","templated":true}]}}